{"id":171466,"date":"2025-06-12T18:44:17","date_gmt":"2025-06-12T18:44:17","guid":{"rendered":"https:\/\/www.europesays.com\/fr\/171466\/"},"modified":"2025-06-12T18:44:17","modified_gmt":"2025-06-12T18:44:17","slug":"trump-tres-decu-a-la-fois-par-la-russie-et-kiev-et-dautres-prisonniers-rentrent-au-bercail","status":"publish","type":"post","link":"https:\/\/www.europesays.com\/fr\/171466\/","title":{"rendered":"Trump \u00ab\u00a0tr\u00e8s d\u00e9\u00e7u\u00a0\u00bb \u00e0 la fois par la Russie et Kiev, et d\u2019autres prisonniers rentrent au bercail"},"content":{"rendered":"<p>Vous avez rat\u00e9 les derniers \u00e9v\u00e9nements sur la <a href=\"https:\/\/www.20minutes.fr\/monde\/ukraine\/\" class=\"color-ultramarine c-link\" target=\"_blank\" rel=\"noopener\">guerre en Ukraine<\/a>\u00a0? 20 Minutes fait le point pour vous tous les soirs. Voici l\u2019essentiel de ce mercredi 11\u00a0juin 2025, 1.204e jour du conflit.<\/p>\n<p>Le fait du jour<\/p>\n<p>De nouvelles frappes de drones nocturnes russes ont fait 14 bless\u00e9s \u00e0 Kharkiv, grande ville du nord-est de l\u2019Ukraine vis\u00e9e quasiment tous les jours par des attaques a\u00e9riennes. Dans un message sur Telegram, les services de secours ont annonc\u00e9 jeudi ce bilan, tandis que le gouverneur de la r\u00e9gion, Oleg Synegoubov, a pr\u00e9cis\u00e9 qu\u2019un gar\u00e7on de 2 ans, ainsi que trois adolescentes figuraient parmi les bless\u00e9s.<\/p>\n<p>Le maire, Igor Terekhov, a d\u00e9clar\u00e9 que les attaques avaient eu lieu entre 1h37 et 3h08 du matin et caus\u00e9 des incendies dans des b\u00e2timents r\u00e9sidentiels et scolaires. Des d\u00e9bris sont tomb\u00e9s \u00ab\u00a0pr\u00e8s d\u2019aires de jeu\u00a0\u00bb pour enfants, a-t-il ajout\u00e9.<\/p>\n<p>La nuit pr\u00e9c\u00e9dente, des frappes <a href=\"https:\/\/www.20minutes.fr\/monde\/russie\/\" class=\"color-ultramarine c-link\" target=\"_blank\" rel=\"noopener\">russes<\/a> avaient d\u00e9j\u00e0 tu\u00e9 trois personnes et fait une soixantaine de bless\u00e9s \u00e0 Kharkiv, qui comptait avant l\u2019invasion de\u00a02022 environ 1,5\u00a0million d\u2019habitants.<\/p>\n<p>La d\u00e9claration du jour<\/p>\n<blockquote class=\"mx-m@xs mx-xxl@md color-ultramarine c-citation\">\n<p class=\"font-weight-regular@xs text-italic font-source-serif-pro text-l@xs c-citation__content\">\u00ab\u00a0Je suis tr\u00e8s d\u00e9\u00e7u par la Russie mais je suis aussi d\u00e9\u00e7u par l\u2019Ukraine parce que je pense qu\u2019un accord aurait pu \u00eatre trouv\u00e9.\u00a0\u00bb\u00a0\u00bb<\/p>\n<\/blockquote>\n<p><a href=\"https:\/\/www.20minutes.fr\/dossier\/donald_trump\" class=\"color-ultramarine c-link\" target=\"_blank\" rel=\"noopener\">Donald Trump<\/a>, dont les Europ\u00e9ens voudraient qu\u2019il sanctionne plus durement Moscou, a de nouveau renvoy\u00e9 jeudi l\u2019Ukraine et la Russie dos \u00e0 dos, lors d\u2019un \u00e9change avec la presse \u00e0 la Maison Blanche.<\/p>\n<p><a href=\"https:\/\/www.20minutes.fr\/monde\/volodymyr-zelensky\/\" class=\"color-ultramarine c-link\" target=\"_blank\" rel=\"noopener\">Volodymyr Zelensky<\/a> a indiqu\u00e9 de son c\u00f4t\u00e9 depuis Kiev qu\u2019il esp\u00e9rait rencontrer son homologue am\u00e9ricain au Canada, lors du sommet du G7 pr\u00e9vu du 15 au 17\u00a0juin. Il souhaite le convaincre de prendre de nouvelles sanctions contre Moscou. \u00ab\u00a0Nous voulons mettre fin \u00e0 cette guerre cette ann\u00e9e\u00a0\u00bb, a d\u00e9clar\u00e9 de son c\u00f4t\u00e9 Andri\u00ef Sybiga, le chef de la diplomatie ukrainienne lors d\u2019une r\u00e9union de soutiens de Kiev \u00e0 Rome. Et \u00ab\u00a0l\u2019heure est venue de recourir \u00e0 la diplomatie de la pression\u00a0\u00bb, a-t-il lanc\u00e9, en assurant que \u00ab\u00a0seule la pression peut contraindre la Russie \u00e0 rechercher la paix\u00a0: pression \u00e9conomique, militaire et politique\u00a0\u00bb.<\/p>\n<\/p>\n<p>Le chiffre du jour<\/p>\n<p>1,9\u00a0milliard d\u2019euros. L\u2019enveloppe suppl\u00e9mentaire dont le ministre allemand de la D\u00e9fense, en visite \u00e0 Kiev, a annonc\u00e9 le prochain d\u00e9blocage. \u00ab\u00a0Nous planifions [de verser] 1,9\u00a0milliard d\u2019euros suppl\u00e9mentaires [\u2026]. L\u2019<a href=\"https:\/\/www.20minutes.fr\/dossier\/allemagne\" class=\"color-ultramarine c-link\" target=\"_blank\" rel=\"noopener\">Allemagne<\/a> soutiendra cette ann\u00e9e l\u2019Ukraine \u00e0 hauteur d\u2019environ 9\u00a0milliards d\u2019euros\u00a0\u00bb, a indiqu\u00e9 Boris Pistorius. Revers de la m\u00e9daille, il a en revanche formellement \u00e9cart\u00e9 l\u2019id\u00e9e de livrer \u00e0 l\u2019Ukraine des missiles Taurus \u00e0 longue port\u00e9e.<\/p>\n<p>La tendance<\/p>\n<p>Nouveaux retours au pays pour les prisonniers de guerre La Russie et l\u2019Ukraine ont annonc\u00e9 ce jeudi avoir proc\u00e9d\u00e9 \u00e0 un \u00e9change de plus. \u00ab\u00a0Aujourd\u2019hui, des soldats des forces arm\u00e9es, de la garde nationale et des gardes-fronti\u00e8res sont de retour \u00e0 la maison\u00a0\u00bb, s\u2019est f\u00e9licit\u00e9 le pr\u00e9sident ukrainien Volodymyr Zelensky sur Telegram, pr\u00e9cisant qu\u2019il s\u2019agissait de \u00ab\u00a0militaires gravement bless\u00e9s et tr\u00e8s malades\u00a0\u00bb.<\/p>\n<p><a href=\"https:\/\/www.20minutes.fr\/monde\/ukraine\/\" class=\"c-link c-btn c-btn--primary\" target=\"_blank\" rel=\"noopener\">Notre dossier sur la guerre en Ukraine<\/a><\/p>\n<p>\u00ab\u00a0Un groupe de militaires russes a \u00e9t\u00e9 renvoy\u00e9 depuis le territoire contr\u00f4l\u00e9 par le r\u00e9gime de Kiev\u00a0\u00bb, a de son c\u00f4t\u00e9 indiqu\u00e9 l\u2019arm\u00e9e russe, qui a confirm\u00e9 l\u2019\u00e9change. L\u2019agence \u00e9tatique russe TASS a diffus\u00e9 dans la foul\u00e9e une br\u00e8ve vid\u00e9o montrant les soldats russes lib\u00e9r\u00e9s align\u00e9s, drapeaux russes sur le dos.<\/p>\n<p>Ni Kiev, ni Moscou n\u2019ont pr\u00e9cis\u00e9 \u00e0 ce stade le nombre de prisonniers \u00e9chang\u00e9s.<\/p>\n","protected":false},"excerpt":{"rendered":"Vous avez rat\u00e9 les derniers \u00e9v\u00e9nements sur la guerre en Ukraine\u00a0? 20 Minutes fait le point pour vous&hellip;\n","protected":false},"author":2,"featured_media":171467,"comment_status":"","ping_status":"","sticky":false,"template":"","format":"standard","meta":{"footnotes":""},"categories":[1591],"tags":[11,672,75,73,1887,131,4998,74,1916,12,136,1885,1886,132,135,134],"class_list":{"0":"post-171466","1":"post","2":"type-post","3":"status-publish","4":"format-standard","5":"has-post-thumbnail","7":"category-russie","8":"tag-actualites","9":"tag-allemagne","10":"tag-donald-trump","11":"tag-etats-unis","12":"tag-federation-de-russie","13":"tag-guerre-en-ukraine","14":"tag-kremlin","15":"tag-monde","16":"tag-moscou","17":"tag-news","18":"tag-otan","19":"tag-russia","20":"tag-russian-federation","21":"tag-russie","22":"tag-vladimir-poutine","23":"tag-volodymyr-zelensky"},"share_on_mastodon":{"url":"https:\/\/pubeurope.com\/@fr\/114671875788874843","error":""},"_links":{"self":[{"href":"https:\/\/www.europesays.com\/fr\/wp-json\/wp\/v2\/posts\/171466","targetHints":{"allow":["GET"]}}],"collection":[{"href":"https:\/\/www.europesays.com\/fr\/wp-json\/wp\/v2\/posts"}],"about":[{"href":"https:\/\/www.europesays.com\/fr\/wp-json\/wp\/v2\/types\/post"}],"author":[{"embeddable":true,"href":"https:\/\/www.europesays.com\/fr\/wp-json\/wp\/v2\/users\/2"}],"replies":[{"embeddable":true,"href":"https:\/\/www.europesays.com\/fr\/wp-json\/wp\/v2\/comments?post=171466"}],"version-history":[{"count":0,"href":"https:\/\/www.europesays.com\/fr\/wp-json\/wp\/v2\/posts\/171466\/revisions"}],"wp:featuredmedia":[{"embeddable":true,"href":"https:\/\/www.europesays.com\/fr\/wp-json\/wp\/v2\/media\/171467"}],"wp:attachment":[{"href":"https:\/\/www.europesays.com\/fr\/wp-json\/wp\/v2\/media?parent=171466"}],"wp:term":[{"taxonomy":"category","embeddable":true,"href":"https:\/\/www.europesays.com\/fr\/wp-json\/wp\/v2\/categories?post=171466"},{"taxonomy":"post_tag","embeddable":true,"href":"https:\/\/www.europesays.com\/fr\/wp-json\/wp\/v2\/tags?post=171466"}],"curies":[{"name":"wp","href":"https:\/\/api.w.org\/{rel}","templated":true}]}}