{"id":171476,"date":"2025-06-12T18:49:32","date_gmt":"2025-06-12T18:49:32","guid":{"rendered":"https:\/\/www.europesays.com\/fr\/171476\/"},"modified":"2025-06-12T18:49:32","modified_gmt":"2025-06-12T18:49:32","slug":"une-tentaculaire-route-de-la-drogue-demantelee","status":"publish","type":"post","link":"https:\/\/www.europesays.com\/fr\/171476\/","title":{"rendered":"une tentaculaire route de la drogue d\u00e9mantel\u00e9e"},"content":{"rendered":"<p>Parmi les individus interpell\u00e9s figurait un ressortissant dominicain, r\u00e9sidant \u00e0 Barcelone, qui avait achet\u00e9 la coca\u00efne pour la distribuer ensuite dans le reste de l\u2019Europe.<\/p>\n<p class=\"fig-paragraph\">Une op\u00e9ration qui prouve une fois de plus la grande adaptabilit\u00e9 des criminels pour contourner les contr\u00f4les. Un r\u00e9seau international de trafic de drogue qui reliait la\u00a0<a href=\"http:\/\/www.lefigaro.fr\/flash-actu\/colombie-l-adolescent-ayant-tire-sur-un-senateur-inculpe-de-tentative-de-meurtre-20250610\" target=\"_blank\" data-fig-type=\"NewsFlash\" rel=\"noopener\" data-gtm-custom-categorie=\"navigation\" data-gtm-custom-action=\"crossclick\" data-gtm-custom-label=\"Contextuel\" data-gtm-event=\"customEventSPE\" data-fig-domain=\"LEFIGARO\">Colombie<\/a>\u00a0et le\u00a0<a href=\"http:\/\/www.lefigaro.fr\/culture\/patrimoine\/deux-navires-negriers-que-l-on-pensait-etre-des-vaisseaux-pirates-retrouves-au-large-du-costa-rica-20250504\" target=\"_blank\" data-fig-type=\"NewsFlash\" rel=\"noopener\" data-gtm-custom-categorie=\"navigation\" data-gtm-custom-action=\"crossclick\" data-gtm-custom-label=\"Contextuel\" data-gtm-event=\"customEventSPE\" data-fig-domain=\"LEFIGARO\">Costa Rica<\/a>\u00a0\u00e0 l\u2019<a href=\"http:\/\/www.lefigaro.fr\/actualite-france\/l-union-europeenne-empechee-in-extremis-de-nommer-un-anarcho-communiste-obsede-par-la-race-au-sein-d-une-instance-surveillant-europol-20250424\" target=\"_blank\" data-fig-type=\"NewsFlash\" rel=\"noopener\" data-gtm-custom-categorie=\"navigation\" data-gtm-custom-action=\"crossclick\" data-gtm-custom-label=\"Contextuel\" data-gtm-event=\"customEventSPE\" data-fig-domain=\"LEFIGARO\">Europe<\/a>\u00a0a \u00e9t\u00e9 d\u00e9mantel\u00e9, a annonc\u00e9\u00a0<a href=\"http:\/\/www.lefigaro.fr\/international\/en-espagne-europol-et-la-police-nationale-demantelent-un-reseau-de-trafic-de-drogue-via-le-port-de-valence-20250405\" target=\"_blank\" data-fig-type=\"NewsFlash\" rel=\"noopener\" data-gtm-custom-categorie=\"navigation\" data-gtm-custom-action=\"crossclick\" data-gtm-custom-label=\"Contextuel\" data-gtm-event=\"customEventSPE\" data-fig-domain=\"LEFIGARO\">Europol<\/a>\u00a0ce jeudi 12 juin.<\/p>\n<p class=\"fig-paragraph\">Selon l\u2019agence de police europ\u00e9enne, qui a chapeaut\u00e9 l\u2019enqu\u00eate men\u00e9e par les polices costaricaines, portugaises et espagnoles, le r\u00e9seau \u00e9tait si tentaculaire qu\u2019il avait trac\u00e9 dans son sillon une nouvelle \u00ab<a href=\"http:\/\/www.lefigaro.fr\/vox\/societe\/routes-de-la-cocaine-comment-la-france-est-irriguee-par-les-flux-mondiaux-illicites-20220126\" target=\"_blank\" data-fig-type=\"Article\" rel=\"noopener\" data-gtm-custom-categorie=\"navigation\" data-gtm-custom-action=\"crossclick\" data-gtm-custom-label=\"Contextuel\" data-gtm-event=\"customEventSPE\" data-fig-domain=\"LEFIGARO\">route de la coca\u00efne<\/a> \u00bb, ces chemins maritimes et a\u00e9riens que les trafiquants empruntent pour acheminer leur\u00a0<a href=\"http:\/\/www.lefigaro.fr\/actualite-france\/poudre-blanche-legale-face-a-l-emballement-mediatique-la-marque-sniffy-retropedale-20240606\" target=\"_blank\" data-fig-type=\"Article\" rel=\"noopener\" data-gtm-custom-categorie=\"navigation\" data-gtm-custom-action=\"crossclick\" data-gtm-custom-label=\"Contextuel\" data-gtm-event=\"customEventSPE\" data-fig-domain=\"LEFIGARO\">poudre blanche<\/a>\u00a0jusque sur le Vieux Continent.<\/p>\n<p>Congel\u00e9e, donc ind\u00e9tectable<\/p>\n<p class=\"fig-paragraph\">La premi\u00e8re phase des investigations d\u00e9bute d\u00e8s 2024, quand des autorit\u00e9s d\u00e9couvrent et saisissent au sein de colis transportant de la poudre congel\u00e9e de yucca &#8211; une plante originaire d\u2019Am\u00e9rique centrale &#8211; de fines couches de\u00a0<a href=\"http:\/\/www.lefigaro.fr\/faits-divers\/aeroport-de-roissy-un-trafic-de-cocaine-impliquant-des-bagagistes-demantele-20250607\" target=\"_blank\" data-fig-type=\"NewsFlash\" rel=\"noopener\" data-gtm-custom-categorie=\"navigation\" data-gtm-custom-action=\"crossclick\" data-gtm-custom-label=\"Contextuel\" data-gtm-event=\"customEventSPE\" data-fig-domain=\"LEFIGARO\">coca\u00efne<\/a>, savamment dissimul\u00e9e. Puisque la poudre \u00e9tait congel\u00e9e, la coca\u00efne \u00e9tait totalement ind\u00e9tectable par les chiens renifleurs de la police. Elle ne pouvait \u00e9galement pas \u00eatre vue sur les scanners des douaniers, en raison de la \u00abdensit\u00e9 et de la couleur\u00bb de la poudre de yucca.<\/p>\n<p class=\"fig-paragraph\">Le mode op\u00e9ratoire est ensuite constat\u00e9 \u00e0 plusieurs reprises sur des colis venant du Costa Rica, pays d\u00e9sormais privil\u00e9gi\u00e9 par les cartels pour exporter la coca\u00efne, en raison de \u00abl\u2019intensification de la pression polici\u00e8re sur les ports, notamment en \u00c9quateur\u00bb, d\u2019apr\u00e8s Europol.<\/p>\n<p>    Des policiers du Costa Rica devant de la coca\u00efne saisie, le 10 juin.<br \/>\n                Maynor Valenzuela \/ REUTERS<\/p>\n<p>Des entreprises l\u00e9gales pour couvrir la coca\u00efne<\/p>\n<p class=\"fig-paragraph\">\u00c0 l\u2019\u00e9t\u00e9 2024, une premi\u00e8re op\u00e9ration est men\u00e9e au\u00a0<a href=\"http:\/\/www.lefigaro.fr\/international\/andre-ventura-le-trublion-populiste-qui-impose-l-extreme-droite-au-portugal-pour-la-premiere-fois-depuis-50-ans-20250529\" target=\"_blank\" data-fig-type=\"Article\" rel=\"noopener\" data-gtm-custom-categorie=\"navigation\" data-gtm-custom-action=\"crossclick\" data-gtm-custom-label=\"Contextuel\" data-gtm-event=\"customEventSPE\" data-fig-domain=\"LEFIGARO\">Portugal<\/a>: les forces de l\u2019ordre interpellent sept individus soup\u00e7onn\u00e9s d\u2019avoir \u00e9t\u00e9 les destinataires de tels colis. En fin d\u2019ann\u00e9e, les autorit\u00e9s espagnoles arr\u00eatent 13 autres personnes, dont une \u00abcible de haute valeur\u00bb, soit un narcotrafiquant d\u00e9j\u00e0 recherch\u00e9 pour d\u2019autres affaires.<\/p>\n<p class=\"fig-paragraph\">L\u2019ensemble de ces suspects avaient sp\u00e9cialement cr\u00e9\u00e9 des entreprises de logistique l\u00e9gales pour couvrir leurs importations. Parmi les individus interpell\u00e9s figurait un ressortissant dominicain, r\u00e9sidant \u00e0 Barcelone, qui avait achet\u00e9 la coca\u00efne pour la distribuer ensuite dans le reste de l\u2019Europe.<\/p>\n<p class=\"fig-paragraph\">La derni\u00e8re phase de l\u2019op\u00e9ration a eu lieu au Costa Rica ce 11 juin 2025, avec pour objectif de d\u00e9manteler le \u00abc\u0153ur de l\u2019organisation criminelle\u00bb. Les forces de l\u2019ordre ont ainsi proc\u00e9d\u00e9 \u00e0 12 arrestations, dont celle du chef du r\u00e9seau, et effectu\u00e9 20 perquisitions. Au total, 5,4 tonnes de coca\u00efne export\u00e9es par le gang ont \u00e9t\u00e9 saisies \u00e0 travers le Costa Rica, la Belgique, l\u2019Espagne, le Portugal, l\u2019Allemagne et les Pays-Bas.<\/p>\n","protected":false},"excerpt":{"rendered":"Parmi les individus interpell\u00e9s figurait un ressortissant dominicain, r\u00e9sidant \u00e0 Barcelone, qui avait achet\u00e9 la coca\u00efne pour la&hellip;\n","protected":false},"author":2,"featured_media":171477,"comment_status":"","ping_status":"","sticky":false,"template":"","format":"standard","meta":{"footnotes":""},"categories":[1586],"tags":[259,11,260,3993,1777,674,1011,27,14,261,12,262,25,887],"class_list":{"0":"post-171476","1":"post","2":"type-post","3":"status-publish","4":"format-standard","5":"has-post-thumbnail","7":"category-europe","8":"tag-actualite-internationale","9":"tag-actualites","10":"tag-affaires-etrangeres","11":"tag-cocaine","12":"tag-eu","13":"tag-europe","14":"tag-fr","15":"tag-france","16":"tag-international","17":"tag-ministere-des-affaires-etrangeres","18":"tag-news","19":"tag-politique-etrangere","20":"tag-republique-francaise","21":"tag-trafic-de-drogue"},"share_on_mastodon":{"url":"https:\/\/pubeurope.com\/@fr\/114671895453253161","error":""},"_links":{"self":[{"href":"https:\/\/www.europesays.com\/fr\/wp-json\/wp\/v2\/posts\/171476","targetHints":{"allow":["GET"]}}],"collection":[{"href":"https:\/\/www.europesays.com\/fr\/wp-json\/wp\/v2\/posts"}],"about":[{"href":"https:\/\/www.europesays.com\/fr\/wp-json\/wp\/v2\/types\/post"}],"author":[{"embeddable":true,"href":"https:\/\/www.europesays.com\/fr\/wp-json\/wp\/v2\/users\/2"}],"replies":[{"embeddable":true,"href":"https:\/\/www.europesays.com\/fr\/wp-json\/wp\/v2\/comments?post=171476"}],"version-history":[{"count":0,"href":"https:\/\/www.europesays.com\/fr\/wp-json\/wp\/v2\/posts\/171476\/revisions"}],"wp:featuredmedia":[{"embeddable":true,"href":"https:\/\/www.europesays.com\/fr\/wp-json\/wp\/v2\/media\/171477"}],"wp:attachment":[{"href":"https:\/\/www.europesays.com\/fr\/wp-json\/wp\/v2\/media?parent=171476"}],"wp:term":[{"taxonomy":"category","embeddable":true,"href":"https:\/\/www.europesays.com\/fr\/wp-json\/wp\/v2\/categories?post=171476"},{"taxonomy":"post_tag","embeddable":true,"href":"https:\/\/www.europesays.com\/fr\/wp-json\/wp\/v2\/tags?post=171476"}],"curies":[{"name":"wp","href":"https:\/\/api.w.org\/{rel}","templated":true}]}}