{"id":171480,"date":"2025-06-12T18:51:11","date_gmt":"2025-06-12T18:51:11","guid":{"rendered":"https:\/\/www.europesays.com\/fr\/171480\/"},"modified":"2025-06-12T18:51:11","modified_gmt":"2025-06-12T18:51:11","slug":"cote-divoire-loctogenaire-arnaquee-par-un-faux-frederic-lopez-est-rentree-en-france","status":"publish","type":"post","link":"https:\/\/www.europesays.com\/fr\/171480\/","title":{"rendered":"C\u00f4te d&rsquo;Ivoire. L&rsquo;octog\u00e9naire arnaqu\u00e9e par un faux Fr\u00e9d\u00e9ric Lopez est rentr\u00e9e en France"},"content":{"rendered":"<p>Neuf mois plus tard, Marie-Jos\u00e9, 82 ans, a quitt\u00e9 la C\u00f4te d\u2019Ivoire pour rentrer en France : celle qui \u00e9tait, selon son fils, victime d&rsquo;une arnaque sentimentale, a atterri lundi sur le sol fran\u00e7ais, rapporte <a href=\"https:\/\/www.leparisien.fr\/faits-divers\/elle-avait-rejoint-son-brouteur-en-cote-divoire-marie-jose-82-ans-est-rentree-en-france-12-06-2025-76IRMIHHVBBMVCGW6KVSGY6NSI.php\" target=\"_blank\" rel=\"nofollow noopener\">Le Parisien<\/a>.<\/p>\n<p>Victime d&rsquo;un faux Fr\u00e9d\u00e9ric Lopez<\/p>\n<p>Tout avait commenc\u00e9 l&rsquo;an dernier, avait d\u00e9voil\u00e9 <a href=\"https:\/\/www.bienpublic.com\/faits-divers-justice\/2025\/05\/09\/sa-mere-de-82-ans-partie-sans-prevenir-en-afrique-les-brouteurs-ont-detruit-notre-famille\" target=\"_blank\" rel=\"nofollow noopener\">Le Bien Public<\/a> : Marie-Jos\u00e9, 82 ans, croyait correspondre avec Fr\u00e9d\u00e9ric Lopez, animateur de Rendez-vous en terre inconnue. Il n\u2019en \u00e9tait rien. Mais m\u00eame apr\u00e8s avoir d\u00e9masqu\u00e9 l\u2019usurpateur, elle avait tout de m\u00eame d\u00e9cid\u00e9 de le rejoindre \u00e0 Abidjan, en C\u00f4te d\u2019Ivoire, en septembre dernier.<\/p>\n<p>Ce contenu est bloqu\u00e9 car vous n&rsquo;avez pas accept\u00e9 les cookies et autres traceurs.<\/p>\n<p>En cliquant sur \u00ab J\u2019accepte \u00bb, les cookies et autres traceurs seront d\u00e9pos\u00e9s et vous pourrez visualiser les contenus  (<a href=\"\" class=\"consentModule_policy\" target=\"_blank\" title=\"Consulter la politique de protection des donn\u00e9es du fournisseur\">plus d&rsquo;informations<\/a>).<\/p>\n<p>En cliquant sur \u00ab J\u2019accepte tous les cookies \u00bb, vous autorisez des d\u00e9p\u00f4ts de cookies et autres traceurs pour le stockage de vos donn\u00e9es sur nos sites et applications \u00e0 des fins de personnalisation et de ciblage publicitaire.<\/p>\n<p class=\"consentModule_secondaryText\">Vous gardez la possibilit\u00e9 de retirer votre consentement \u00e0 tout moment en consultant notre <a href=\"https:\/\/www.ledauphine.com\/protection-des-donnees\" target=\"_blank\" title=\"Consulter notre politique de protection des donn\u00e9es\" rel=\"nofollow noopener\">politique de protection des donn\u00e9es<\/a>. <br \/>&#13;<br \/>\n            <a href=\"https:\/\/www.ledauphine.com\/faits-divers-justice\/2025\/06\/12\/javascript:Didomi.notice.show()\" class=\"consentModule_cmp\" rel=\"nofollow noopener\" target=\"_blank\">G\u00e9rer mes choix<\/a>&#13;\n        <\/p>\n<p>&#13;<br \/>\n                        J&rsquo;accepte&#13;<br \/>\n            J&rsquo;accepte tous les cookies&#13;\n        <\/p>\n<p>Selon son fils, un C\u00f4te-d\u2019Orien de 61 ans, elle \u00e9tait est victime d\u2019\u00ab abus de faiblesse et d\u2019escroquerie sentimentale \u00bb de la part d&rsquo;un \u00ab\u00a0brouteur\u00a0\u00bb de 28 ans. D\u2019apr\u00e8s lui, pr\u00e8s de 100 000 euros s&rsquo;\u00e9taient envol\u00e9s peu de temps apr\u00e8s son arriv\u00e9e en Afrique. Sa m\u00e8re, au contraire, affirmait \u00eatre pleinement consentante et \u00eatre bien trait\u00e9e chez son \u00ab\u00a0brouteur\u00a0\u00bb.<\/p>\n<p>Toujours selon Le Parisien, Xavier est all\u00e9 \u00e0 la rencontre de sa m\u00e8re \u00e0 l\u2019a\u00e9roport lundi mais ces retrouvailles se seraient \u00ab mal pass\u00e9es \u00bb, d\u2019apr\u00e8s son entourage. L&rsquo;octog\u00e9naire a promis de repartir rapidement en Afrique.<\/p>\n","protected":false},"excerpt":{"rendered":"Neuf mois plus tard, Marie-Jos\u00e9, 82 ans, a quitt\u00e9 la C\u00f4te d\u2019Ivoire pour rentrer en France : celle&hellip;\n","protected":false},"author":2,"featured_media":171481,"comment_status":"","ping_status":"","sticky":false,"template":"","format":"standard","meta":{"footnotes":""},"categories":[2],"tags":[11,274,107,1011,27,329,12,25],"class_list":{"0":"post-171480","1":"post","2":"type-post","3":"status-publish","4":"format-standard","5":"has-post-thumbnail","7":"category-actualites","8":"tag-actualites","9":"tag-faits-divers-justice","10":"tag-fil-info","11":"tag-fr","12":"tag-france","13":"tag-france-monde","14":"tag-news","15":"tag-republique-francaise"},"share_on_mastodon":{"url":"https:\/\/pubeurope.com\/@fr\/114671903264228669","error":""},"_links":{"self":[{"href":"https:\/\/www.europesays.com\/fr\/wp-json\/wp\/v2\/posts\/171480","targetHints":{"allow":["GET"]}}],"collection":[{"href":"https:\/\/www.europesays.com\/fr\/wp-json\/wp\/v2\/posts"}],"about":[{"href":"https:\/\/www.europesays.com\/fr\/wp-json\/wp\/v2\/types\/post"}],"author":[{"embeddable":true,"href":"https:\/\/www.europesays.com\/fr\/wp-json\/wp\/v2\/users\/2"}],"replies":[{"embeddable":true,"href":"https:\/\/www.europesays.com\/fr\/wp-json\/wp\/v2\/comments?post=171480"}],"version-history":[{"count":0,"href":"https:\/\/www.europesays.com\/fr\/wp-json\/wp\/v2\/posts\/171480\/revisions"}],"wp:featuredmedia":[{"embeddable":true,"href":"https:\/\/www.europesays.com\/fr\/wp-json\/wp\/v2\/media\/171481"}],"wp:attachment":[{"href":"https:\/\/www.europesays.com\/fr\/wp-json\/wp\/v2\/media?parent=171480"}],"wp:term":[{"taxonomy":"category","embeddable":true,"href":"https:\/\/www.europesays.com\/fr\/wp-json\/wp\/v2\/categories?post=171480"},{"taxonomy":"post_tag","embeddable":true,"href":"https:\/\/www.europesays.com\/fr\/wp-json\/wp\/v2\/tags?post=171480"}],"curies":[{"name":"wp","href":"https:\/\/api.w.org\/{rel}","templated":true}]}}