{"id":171482,"date":"2025-06-12T18:52:10","date_gmt":"2025-06-12T18:52:10","guid":{"rendered":"https:\/\/www.europesays.com\/fr\/171482\/"},"modified":"2025-06-12T18:52:10","modified_gmt":"2025-06-12T18:52:10","slug":"une-loi-transpartisane-pour-interdire-la-vente-de-smartphones-aux-moins-de-15-ans","status":"publish","type":"post","link":"https:\/\/www.europesays.com\/fr\/171482\/","title":{"rendered":"Une loi transpartisane pour interdire la vente de smartphones aux moins de 15\u00a0ans"},"content":{"rendered":"<p><strong>INFO LE FIGARO &#8211;<\/strong> La socialiste Ayda Hadizadeh et le d\u00e9put\u00e9 Horizons J\u00e9r\u00e9mie Patrier-Leitus vont d\u00e9poser une proposition de loi transpartisane dans les prochains jours.<\/p>\n<p class=\"fig-paragraph\">L\u2019initiative a de quoi surprendre. Elle est pourtant r\u00e9v\u00e9latrice d\u2019une Assembl\u00e9e nationale sans majorit\u00e9 qui tente tant bien que mal de l\u00e9gif\u00e9rer, depuis maintenant bient\u00f4t un an. Selon nos informations, la d\u00e9put\u00e9e socialiste Ayda Hadizadeh et son coll\u00e8gue de droite\u00a0<a href=\"http:\/\/www.lefigaro.fr\/vox\/culture\/jeremie-patrier-leitus-mettre-en-place-un-droit-d-entree-a-notre-dame-de-paris-permettrait-d-ouvrir-des-milliers-d-eglises-fermees-20241029\" data-fig-type=\"Article\" data-gtm-custom-categorie=\"navigation\" data-gtm-custom-action=\"crossclick\" data-gtm-custom-label=\"Contextuel\" data-gtm-event=\"customEventSPE\" data-fig-domain=\"LEFIGARO\" target=\"_blank\" rel=\"noopener\">J\u00e9r\u00e9mie Patrier-Leitus<\/a>\u00a0(Horizons), vont dans les jours qui viennent d\u00e9poser une proposition de loi commune visant \u00e0 interdire la vente de smartphone aux jeunes de moins de 15\u00a0ans. Alors que le pr\u00e9sident de la R\u00e9publique, Emmanuel Macron, a promis cette semaine que les r\u00e9seaux sociaux seraient d\u2019ici \u00ab\u00a0quelques mois\u00a0\u00bb proscrits avant cet \u00e2ge, les deux \u00e9lus veulent aller plus loin.<\/p>\n<p class=\"fig-paragraph\">\u00ab\u00a0Le smartphone est une bombe \u00e0 retardement, une arme de destruction massive du lien entre les enfants et leurs parents, de l\u2019attention, du sommeil, de l\u2019estime de soi. La mettre entre les mains de nos enfants est inacceptable, comme si on leur donnait un verre de vin ou une cigarette\u00a0\u00bb, interpelle J\u00e9r\u00e9mie Patrier-Leitus (Horizons). Cela fait\u2026<\/p>\n<p class=\"fig-premium-paywall__infos\">\n        Cet article est r\u00e9serv\u00e9 aux abonn\u00e9s.        Il vous reste 77% \u00e0 d\u00e9couvrir.\n    <\/p>\n<p>                <img  data- alt=\"Le Figaro\" class=\"fig-img--complete fig-img\"\/><\/p>\n<p class=\"fig-premium-paywall__title\">Vente Flash<\/p>\n<p class=\"fig-premium-paywall__subtitle\">3,99\u20ac par mois pendant 12 mois. Sans engagement.<\/p>\n<p class=\"fig-premium-paywall__connect\">\n                D\u00e9j\u00e0 abonn\u00e9\u00a0?                <a class=\"fig-premium-paywall__connect-link\" href=\"https:\/\/connect.lefigaro.fr\/login?client=horizon_web&amp;type=main&amp;redirect_uri=https%3A%2F%2Fwww.lefigaro.fr%2Factualite-france%2Fune-loi-transpartisane-pour-interdire-la-vente-de-smartphones-aux-moins-de-15-ans-20250612\" data-js-gtm=\"{&quot;customCategorie&quot;: &quot;conversion&quot;, &quot;customAction&quot;: &quot;before_Landing_Connexion_paywall_auto&quot;, &quot;customLabel&quot;: &quot;bGVmaWdhcm8uZnJfXzFmMDQ3ODYyLTczYTAtNmNkYy1iM2RiLWEzMjhkODkxY2RkZl9fQXJ0aWNsZQ==_Une loi transpartisane pour interdire la vente de smartphones aux moins de 15\u00a0ans_347&quot;, &quot;customIDSPE&quot;: &quot;bGVmaWdhcm8uZnJfXzFmMDQ3ODYyLTczYTAtNmNkYy1iM2RiLWEzMjhkODkxY2RkZl9fQXJ0aWNsZQ==&quot;, &quot;event&quot;: &quot;customEventSPE&quot;}\" target=\"_blank\" rel=\"noopener\"><br \/>\n                    Connectez-vous<br \/>\n                <\/a>\n            <\/p>\n","protected":false},"excerpt":{"rendered":"INFO LE FIGARO &#8211; La socialiste Ayda Hadizadeh et le d\u00e9put\u00e9 Horizons J\u00e9r\u00e9mie Patrier-Leitus vont d\u00e9poser une proposition&hellip;\n","protected":false},"author":2,"featured_media":171483,"comment_status":"","ping_status":"","sticky":false,"template":"","format":"standard","meta":{"footnotes":""},"categories":[2],"tags":[47,1058,1054,1059,1060,1055,11,416,1057,118,1011,27,1061,303,12,1062,25,938,656,724,104,1056,809],"class_list":{"0":"post-171482","1":"post","2":"type-post","3":"status-publish","4":"format-standard","5":"has-post-thumbnail","7":"category-actualites","8":"tag-actualite","9":"tag-actualite-education","10":"tag-actualite-france","11":"tag-actualite-justice","12":"tag-actualite-securite","13":"tag-actualite-societe","14":"tag-actualites","15":"tag-assemblee-nationale","16":"tag-education","17":"tag-faits-divers","18":"tag-fr","19":"tag-france","20":"tag-immigration","21":"tag-justice","22":"tag-news","23":"tag-polemique","24":"tag-republique-francaise","25":"tag-reseaux-sociaux","26":"tag-securite","27":"tag-smartphone","28":"tag-societe","29":"tag-societe-francaise","30":"tag-violence"},"share_on_mastodon":{"url":"https:\/\/pubeurope.com\/@fr\/114671907267378760","error":""},"_links":{"self":[{"href":"https:\/\/www.europesays.com\/fr\/wp-json\/wp\/v2\/posts\/171482","targetHints":{"allow":["GET"]}}],"collection":[{"href":"https:\/\/www.europesays.com\/fr\/wp-json\/wp\/v2\/posts"}],"about":[{"href":"https:\/\/www.europesays.com\/fr\/wp-json\/wp\/v2\/types\/post"}],"author":[{"embeddable":true,"href":"https:\/\/www.europesays.com\/fr\/wp-json\/wp\/v2\/users\/2"}],"replies":[{"embeddable":true,"href":"https:\/\/www.europesays.com\/fr\/wp-json\/wp\/v2\/comments?post=171482"}],"version-history":[{"count":0,"href":"https:\/\/www.europesays.com\/fr\/wp-json\/wp\/v2\/posts\/171482\/revisions"}],"wp:featuredmedia":[{"embeddable":true,"href":"https:\/\/www.europesays.com\/fr\/wp-json\/wp\/v2\/media\/171483"}],"wp:attachment":[{"href":"https:\/\/www.europesays.com\/fr\/wp-json\/wp\/v2\/media?parent=171482"}],"wp:term":[{"taxonomy":"category","embeddable":true,"href":"https:\/\/www.europesays.com\/fr\/wp-json\/wp\/v2\/categories?post=171482"},{"taxonomy":"post_tag","embeddable":true,"href":"https:\/\/www.europesays.com\/fr\/wp-json\/wp\/v2\/tags?post=171482"}],"curies":[{"name":"wp","href":"https:\/\/api.w.org\/{rel}","templated":true}]}}