{"id":171488,"date":"2025-06-12T18:57:09","date_gmt":"2025-06-12T18:57:09","guid":{"rendered":"https:\/\/www.europesays.com\/fr\/171488\/"},"modified":"2025-06-12T18:57:09","modified_gmt":"2025-06-12T18:57:09","slug":"atp-agassi-en-pince-pour-un-joueur-du-circuit-et-ce-nest-pas-alcaraz-ou-sinner-le-regarder-jouer-cest-fou-la-puissance-facile-quil-a-sur-ses-deux-coups-le-mouvement-lathletisme","status":"publish","type":"post","link":"https:\/\/www.europesays.com\/fr\/171488\/","title":{"rendered":"ATP > Agassi en pince pour un joueur du circuit, et ce n&rsquo;est pas Alcaraz ou Sinner : \u00ab\u00a0Le regarder jouer, c&rsquo;est fou. La puissance facile qu&rsquo;il a sur ses deux coups, le mouvement, l&rsquo;athl\u00e9tisme\u00a0\u00bb"},"content":{"rendered":"<p>Apr\u00e8s sept ann\u00e9es de capi\u00adtanat en Laver Cup (2017\u22122024), Bj\u00f6rn Borg et John McEnroe ont tir\u00e9 leur r\u00e9v\u00e9\u00adrence, et laisser la main \u00e0 Yannick Noah et Andre Agassi. Pour cette \u00e9dition se tenant du 19 au 21 septembre prochain, le nouveau capi\u00adtaine de la Team World pourra s\u2019ap\u00adpuyer sur Tommy Paul, Taylor Fritz, Ben Shelton et Joao Fonseca.\u00a0<\/p>\n<p>Invit\u00e9 de <a href=\"https:\/\/www.youtube.com\/watch?v=nKCk6K5z9eE&amp;list=WL&amp;index=29\" data-wpel-link=\"external\" target=\"_blank\" rel=\"nofollow external noopener\">Tennis Channel<\/a>, le kid de Las Vegas se r\u00e9jouit de pouvoir compter sur la p\u00e9pite br\u00e9si\u00adlienne. L\u2019ancien num\u00e9ro un mondial lui a dress\u00e9 un portrait tr\u00e8s flat\u00adteur, en le compa\u00adrant \u00e0 Carlos Alcaraz et Jannik Sinner.\u00a0<\/p>\n<p><strong>\u00ab\u202fIl a attir\u00e9 mon atten\u00adtion, il y a huit mois. Le regarder jouer, c\u2019est fou. La puis\u00adsance facile qu\u2019il a sur ses deux coups, le mouve\u00adment, l\u2019ath\u00adl\u00e9\u00adtisme. Il est aussi plus grand qu\u2019on ne le pense, un peu comme Sinner, vous voyez ce que je veux dire\u202f? J\u2019ai vu que Sinner mesu\u00adrait 1,88\u202fm, et quand j\u2019ai eu la chance de le rencon\u00adtrer, je me suis dit\u00a0: non, non, non, non, il faut que tu changes \u00e7a. Tu fais plus d\u20191,90\u202fm mec. C\u2019est la m\u00eame chose pour Fonseca, il peut g\u00e9n\u00e9rer le m\u00eame mouve\u00adment et y injecter de la vitesse. C\u2019est comme quand Alcaraz le fait, vous pouvez voir le rythme qui est inject\u00e9. Quand Fonseca le fait, on ne sait m\u00eame pas ce qui arrive. Je suis le genre de personne qui n\u2019a pas besoin d\u2019at\u00adtendre pour savoir ce qu\u2019il voit. Je crois en son avenir. J\u2019esp\u00e8re qu\u2019il est \u00e9quip\u00e9 pour g\u00e9rer, \u00e9videm\u00adment, le monde qui p\u00e8se sur ses \u00e9paules et la pres\u00adsion qui va de pair avec les attentes. Mais tous les signes montrent qu\u2019il est un vrai profes\u00adsionnel et qu\u2019il fait plus que son \u00e2ge. Je crois en lui. Je veux \u00eatre l\u00e0, en personne, pour le voir affronter\u00a0n\u2019im\u00adporte\u00a0qui.\u202f\u00bb<\/strong><\/p>\n<p class=\"post-published-date\" style=\"color: silver; font-size: 75%; text-align: left;\">Publi\u00e9 le jeudi 12 juin 2025 \u00e0 16:06<\/p>\n","protected":false},"excerpt":{"rendered":"Apr\u00e8s sept ann\u00e9es de capi\u00adtanat en Laver Cup (2017\u22122024), Bj\u00f6rn Borg et John McEnroe ont tir\u00e9 leur r\u00e9v\u00e9\u00adrence,&hellip;\n","protected":false},"author":2,"featured_media":171489,"comment_status":"","ping_status":"","sticky":false,"template":"","format":"standard","meta":{"footnotes":""},"categories":[1415],"tags":[18937,1744,1011,27,2127,60,1467],"class_list":{"0":"post-171488","1":"post","2":"type-post","3":"status-publish","4":"format-standard","5":"has-post-thumbnail","7":"category-tennis","8":"tag-agassi","9":"tag-alcaraz","10":"tag-fr","11":"tag-france","12":"tag-sinner","13":"tag-sports","14":"tag-tennis"},"share_on_mastodon":{"url":"https:\/\/pubeurope.com\/@fr\/114671926797438190","error":""},"_links":{"self":[{"href":"https:\/\/www.europesays.com\/fr\/wp-json\/wp\/v2\/posts\/171488","targetHints":{"allow":["GET"]}}],"collection":[{"href":"https:\/\/www.europesays.com\/fr\/wp-json\/wp\/v2\/posts"}],"about":[{"href":"https:\/\/www.europesays.com\/fr\/wp-json\/wp\/v2\/types\/post"}],"author":[{"embeddable":true,"href":"https:\/\/www.europesays.com\/fr\/wp-json\/wp\/v2\/users\/2"}],"replies":[{"embeddable":true,"href":"https:\/\/www.europesays.com\/fr\/wp-json\/wp\/v2\/comments?post=171488"}],"version-history":[{"count":0,"href":"https:\/\/www.europesays.com\/fr\/wp-json\/wp\/v2\/posts\/171488\/revisions"}],"wp:featuredmedia":[{"embeddable":true,"href":"https:\/\/www.europesays.com\/fr\/wp-json\/wp\/v2\/media\/171489"}],"wp:attachment":[{"href":"https:\/\/www.europesays.com\/fr\/wp-json\/wp\/v2\/media?parent=171488"}],"wp:term":[{"taxonomy":"category","embeddable":true,"href":"https:\/\/www.europesays.com\/fr\/wp-json\/wp\/v2\/categories?post=171488"},{"taxonomy":"post_tag","embeddable":true,"href":"https:\/\/www.europesays.com\/fr\/wp-json\/wp\/v2\/tags?post=171488"}],"curies":[{"name":"wp","href":"https:\/\/api.w.org\/{rel}","templated":true}]}}