{"id":171492,"date":"2025-06-12T19:00:15","date_gmt":"2025-06-12T19:00:15","guid":{"rendered":"https:\/\/www.europesays.com\/fr\/171492\/"},"modified":"2025-06-12T19:00:15","modified_gmt":"2025-06-12T19:00:15","slug":"il-ne-se-sent-pas-pret-a-rejoindre-red-bull","status":"publish","type":"post","link":"https:\/\/www.europesays.com\/fr\/171492\/","title":{"rendered":"il ne se sent \u00ab\u00a0pas pr\u00eat\u00a0\u00bb \u00e0 rejoindre Red Bull"},"content":{"rendered":"<p>Alors que <a href=\"https:\/\/fr.motorsport.com\/driver\/liam-lawson\/826061\/\" target=\"_blank\" rel=\"noopener\">Liam Lawson<\/a>, qui avait d\u00e9marr\u00e9 la saison chez <a href=\"https:\/\/fr.motorsport.com\/team\/red-bull\/553\/\" target=\"_blank\" rel=\"noopener\">Red Bull<\/a> aux c\u00f4t\u00e9s de <a href=\"https:\/\/fr.motorsport.com\/driver\/max-verstappen\/93029\/\" target=\"_blank\" rel=\"noopener\">Max Verstappen<\/a>, a \u00e9t\u00e9 remplac\u00e9 au bout de deux Grands Prix, son successeur dans le baquet de la RB21, <a href=\"https:\/\/fr.motorsport.com\/driver\/yuki-tsunoda\/828578\/\" target=\"_blank\" rel=\"noopener\">Yuki Tsunoda<\/a>, peine \u00e0 convaincre. Si le Japonais a certes pour lui d&rsquo;avoir au moins r\u00e9ussi \u00e0 se qualifier dans le top 10 et \u00e0 marquer des points plusieurs fois, il reste sur une derni\u00e8re place lors des qualifications \u00e0 Barcelone et une course anonyme au terme de laquelle il a termin\u00e9 13e.<\/p>\n<p>M\u00eame si Verstappen ou encore le conseiller Red Bull Helmut Marko ont affich\u00e9 leur soutien \u00e0 Tsunoda, le fait est que le contexte est de plus en plus pesant autour du pilote au num\u00e9ro 22, qui n&rsquo;est d&rsquo;aucun secours dans les tentatives de son \u00e9curie et de son \u00e9quipier de tenir t\u00eate \u00e0 <a href=\"https:\/\/fr.motorsport.com\/team\/mclaren\/609\/\" target=\"_blank\" rel=\"noopener\">McLaren<\/a>. Cela a d&rsquo;ores et d\u00e9j\u00e0 soulev\u00e9 la question &#8211; pos\u00e9e en fait d\u00e8s le premier jour &#8211; de savoir qui pourrait \u00eatre un \u00e9ventuel successeur de Tsunoda s&rsquo;il venait \u00e0 son tour \u00e0 \u00eatre \u00e9cart\u00e9.<\/p>\n<p>Bien entendu, eu \u00e9gard \u00e0 sa position dans la hi\u00e9rarchie des juniors Red Bull mais encore plus gr\u00e2ce \u00e0 un excellent d\u00e9but pour sa saison de rookie, <a href=\"https:\/\/fr.motorsport.com\/driver\/isack-hadjar\/876622\/\" target=\"_blank\" rel=\"noopener\">Isack Hadjar<\/a> est observ\u00e9 de pr\u00e8s et forc\u00e9ment per\u00e7u comme une solution int\u00e9ressante &#8211; la derni\u00e8re puisque les \u00e9curies ne peuvent utiliser qu&rsquo;un maximum de quatre pilotes \u00e0 l&rsquo;ann\u00e9e &#8211; pour tenter de r\u00e9gler le probl\u00e8me du second baquet.<\/p>\n<p>Lire aussi :<\/p>\n<p>Toutefois, ce constat s&rsquo;accompagne aussi in\u00e9vitablement d&rsquo;interrogations sur l&rsquo;opportunit\u00e9, tant pour le pilote que pour le programme Red Bull dans son ensemble, de prendre le risque de jeter dans le grand bain un nouvel espoir, au risque de potentiellement chambouler sa progression naturelle, comme cela fut le cas pour <a href=\"https:\/\/fr.motorsport.com\/driver\/pierre-gasly\/95098\/\" target=\"_blank\" rel=\"noopener\">Pierre Gasly<\/a> en 2019, <a href=\"https:\/\/fr.motorsport.com\/driver\/alexander-albon\/109635\/\" target=\"_blank\" rel=\"noopener\">Alexander Albon<\/a> en 2019-2020 ou encore Liam Lawson et Yuki Tsunoda cette ann\u00e9e.<\/p>\n<p>Interrog\u00e9 sur le sujet ce jeudi \u00e0 Montr\u00e9al, Hadjar a \u00e9t\u00e9 clair\u00a0: il n&rsquo;est selon lui pas encore pr\u00eat \u00e0 faire le grand saut et pr\u00e9f\u00e9rerait poursuivre sa progression dans le cocon de <a href=\"https:\/\/fr.motorsport.com\/team\/racing-bulls-610\/610\/\" target=\"_blank\" rel=\"noopener\">Racing Bulls<\/a>. Ainsi, quand il lui est demand\u00e9 si \u00eatre propuls\u00e9 \u00e0 Milton Keynes serait comme beaucoup le pensent \u00ab\u00a0une mauvaise chose\u00a0\u00bb et \u00ab\u00a0difficile\u00a0\u00bb, le Fran\u00e7ais de r\u00e9pondre : \u00ab\u00a0C&rsquo;est tout \u00e0 fait l\u00e9gitime de dire \u00e7a. Liam et Yuki sont des pilotes talentueux, il est donc normal de le penser.\u00a0\u00bb<\/p>\n<p>\u00ab\u00a0\u00c9videmment, je serais simplement curieux &#8211; c&rsquo;est le seul mot qui me vient \u00e0 l&rsquo;esprit &#8211; d&rsquo;\u00eatre aux c\u00f4t\u00e9s de Max, c&rsquo;est la seule chose que je peux dire&#8230; Je ne me sens pas pr\u00eat, c&rsquo;est certain. C&rsquo;est un fait. Je pense qu&rsquo;il est bon de gagner de l&rsquo;exp\u00e9rience l\u00e0 o\u00f9 je me trouve. J&rsquo;appr\u00e9cie \u00e9norm\u00e9ment chaque week-end, j&rsquo;apprends beaucoup. C&rsquo;est une voiture que j&rsquo;aime piloter, donc on verra bien \u00e0 l&rsquo;avenir. En tant que pilote junior de Red Bull, la trajectoire est toute trac\u00e9e est d&rsquo;aller [chez Red Bull].\u00a0\u00bb<\/p>\n<p>Hadjar n&rsquo;a \u00ab\u00a0pas assez\u00a0\u00bb d&rsquo;exp\u00e9rience avec des F1 difficiles<br \/>\n   <img decoding=\"async\" draggable=\"false\" src=\"https:\/\/www.europesays.com\/fr\/wp-content\/uploads\/2025\/06\/max-verstappen-red-bull-racing.jpg\" alt=\"Isack Hadjar est \" width=\"1200\" height=\"800\" loading=\"lazy\"\/> <\/p>\n<p class=\"title\">Isack Hadjar est \u00ab\u00a0curieux\u00a0\u00bb de savoir ce qu&rsquo;\u00eatre l&rsquo;\u00e9quipier de Max Verstappen, mais ne veut pas griller les \u00e9tapes.<\/p>\n<p class=\"photographer\">Photo de: Red Bull Content Pool<\/p>\n<p>Lorsqu&rsquo;il lui a \u00e9t\u00e9 demand\u00e9 ce qui lui manquait encore pour \u00eatre pr\u00eat \u00e0 franchir une telle \u00e9tape de sa carri\u00e8re, Hadjar a r\u00e9pondu : \u00ab\u00a0Je pense que je n&rsquo;ai peut-\u00eatre pas encore assez d&rsquo;exp\u00e9rience au volant de voitures difficiles. Jusqu&rsquo;\u00e0 pr\u00e9sent, mes voitures ont toujours \u00e9t\u00e9 tr\u00e8s stables et pas trop difficiles \u00e0 piloter. Je n&rsquo;ai jamais connu de week-end o\u00f9 la voiture \u00e9tait vraiment mauvaise. Je n&rsquo;ai pas encore eu l&rsquo;occasion d&rsquo;essayer de faire progresser une voiture de z\u00e9ro \u00e0 un niveau \u00e9lev\u00e9 en un seul week-end.\u00a0\u00bb<\/p>\n<p>\u00ab\u00a0Je pense que je peux aussi encore progresser sur le plan technique. Comprendre ce dont une F1 a besoin pour aller plus vite, etc. Je pense que la vitesse pure, vous l&rsquo;avez ou vous ne l&rsquo;avez pas, mais c&rsquo;est quelque chose qui va au-del\u00e0.\u00a0\u00bb<\/p>\n<p style=\"text-align: right;\">Avec\u00a0Emily Selleck et Oleg Karpov<\/p>\n<p>Dans cet article<\/p>\n<p>    Fabien Gaillard\n<\/p>\n<p>    Formule 1\n<\/p>\n<p>    Isack Hadjar\n<\/p>\n<p>    Racing Bulls\n<\/p>\n<p>Soyez le premier inform\u00e9 et souscrivez aux alertes mails pour recevoir les infos en temps r\u00e9el<\/p>\n<p>    S&rsquo;abonner aux alertes de news<\/p>\n","protected":false},"excerpt":{"rendered":"Alors que Liam Lawson, qui avait d\u00e9marr\u00e9 la saison chez Red Bull aux c\u00f4t\u00e9s de Max Verstappen, a&hellip;\n","protected":false},"author":2,"featured_media":171493,"comment_status":"","ping_status":"","sticky":false,"template":"","format":"standard","meta":{"footnotes":""},"categories":[1412],"tags":[30180,1451,1452,1453,1454,1455,1011,27,30179,2244,2253,60],"class_list":{"0":"post-171492","1":"post","2":"type-post","3":"status-publish","4":"format-standard","5":"has-post-thumbnail","7":"category-f1","8":"tag-circuit-gilles-villeneuve","9":"tag-f1","10":"tag-formula-1","11":"tag-formula1","12":"tag-formule-1","13":"tag-formule1","14":"tag-fr","15":"tag-france","16":"tag-gp-du-canada","17":"tag-isack-hadjar","18":"tag-racing-bulls","19":"tag-sports"},"share_on_mastodon":{"url":"https:\/\/pubeurope.com\/@fr\/114671938637458094","error":""},"_links":{"self":[{"href":"https:\/\/www.europesays.com\/fr\/wp-json\/wp\/v2\/posts\/171492","targetHints":{"allow":["GET"]}}],"collection":[{"href":"https:\/\/www.europesays.com\/fr\/wp-json\/wp\/v2\/posts"}],"about":[{"href":"https:\/\/www.europesays.com\/fr\/wp-json\/wp\/v2\/types\/post"}],"author":[{"embeddable":true,"href":"https:\/\/www.europesays.com\/fr\/wp-json\/wp\/v2\/users\/2"}],"replies":[{"embeddable":true,"href":"https:\/\/www.europesays.com\/fr\/wp-json\/wp\/v2\/comments?post=171492"}],"version-history":[{"count":0,"href":"https:\/\/www.europesays.com\/fr\/wp-json\/wp\/v2\/posts\/171492\/revisions"}],"wp:featuredmedia":[{"embeddable":true,"href":"https:\/\/www.europesays.com\/fr\/wp-json\/wp\/v2\/media\/171493"}],"wp:attachment":[{"href":"https:\/\/www.europesays.com\/fr\/wp-json\/wp\/v2\/media?parent=171492"}],"wp:term":[{"taxonomy":"category","embeddable":true,"href":"https:\/\/www.europesays.com\/fr\/wp-json\/wp\/v2\/categories?post=171492"},{"taxonomy":"post_tag","embeddable":true,"href":"https:\/\/www.europesays.com\/fr\/wp-json\/wp\/v2\/tags?post=171492"}],"curies":[{"name":"wp","href":"https:\/\/api.w.org\/{rel}","templated":true}]}}