{"id":171499,"date":"2025-06-12T19:04:11","date_gmt":"2025-06-12T19:04:11","guid":{"rendered":"https:\/\/www.europesays.com\/fr\/171499\/"},"modified":"2025-06-12T19:04:11","modified_gmt":"2025-06-12T19:04:11","slug":"le-peintre-yan-pei-ming-offre-trois-oeuvres-au-musee-des-beaux-arts","status":"publish","type":"post","link":"https:\/\/www.europesays.com\/fr\/171499\/","title":{"rendered":"le peintre Yan Pei-Ming offre trois \u0153uvres au mus\u00e9e des Beaux-Arts"},"content":{"rendered":"<p>Connu dans le monde entier, l\u2019artiste Yan Pei-Ming, 64 ans, a fait preuve de g\u00e9n\u00e9rosit\u00e9 \u00e0 l\u2019\u00e9gard de Dijon. Il a offert au mus\u00e9e des Beaux-Arts trois aquarelles monumentales issues de sa s\u00e9rie Les Pleurants. Ces \u0153uvres ont \u00e9t\u00e9 peintes en 2018 et figuraient dans l\u2019exposition \u201cL\u2019Homme qui pleure\u201d qui avait marqu\u00e9 la r\u00e9ouverture du mus\u00e9e en 2019 apr\u00e8s une longue r\u00e9novation.<\/p>\n<p>\u00ab\u00a0Quand je suis arriv\u00e9e \u00e0 mon poste en 2022, j\u2019ai constat\u00e9 qu\u2019aucune \u0153uvre n\u2019avait \u00e9t\u00e9 acquise \u00e0 la suite de cette exposition pourtant embl\u00e9matique. Il me semblait essentiel d\u2019en&#8230;<\/p>\n","protected":false},"excerpt":{"rendered":"Connu dans le monde entier, l\u2019artiste Yan Pei-Ming, 64 ans, a fait preuve de g\u00e9n\u00e9rosit\u00e9 \u00e0 l\u2019\u00e9gard de&hellip;\n","protected":false},"author":2,"featured_media":171500,"comment_status":"","ping_status":"","sticky":false,"template":"","format":"standard","meta":{"footnotes":""},"categories":[1358],"tags":[1348,1384,1385,1687,1386,2930,8587,58,8588,59,2271,107,1011,27],"class_list":{"0":"post-171499","1":"post","2":"type-post","3":"status-publish","4":"format-standard","5":"has-post-thumbnail","7":"category-arts-et-design","8":"tag-arts","9":"tag-arts-and-design","10":"tag-arts-et-design","11":"tag-culture-loisirs","12":"tag-design","13":"tag-dijon","14":"tag-dijon-ville","15":"tag-divertissement","16":"tag-edition-dijon-et-son-agglomeration","17":"tag-entertainment","18":"tag-exposition-arts-plastiques","19":"tag-fil-info","20":"tag-fr","21":"tag-france"},"share_on_mastodon":{"url":"https:\/\/pubeurope.com\/@fr\/114671954408580858","error":""},"_links":{"self":[{"href":"https:\/\/www.europesays.com\/fr\/wp-json\/wp\/v2\/posts\/171499","targetHints":{"allow":["GET"]}}],"collection":[{"href":"https:\/\/www.europesays.com\/fr\/wp-json\/wp\/v2\/posts"}],"about":[{"href":"https:\/\/www.europesays.com\/fr\/wp-json\/wp\/v2\/types\/post"}],"author":[{"embeddable":true,"href":"https:\/\/www.europesays.com\/fr\/wp-json\/wp\/v2\/users\/2"}],"replies":[{"embeddable":true,"href":"https:\/\/www.europesays.com\/fr\/wp-json\/wp\/v2\/comments?post=171499"}],"version-history":[{"count":0,"href":"https:\/\/www.europesays.com\/fr\/wp-json\/wp\/v2\/posts\/171499\/revisions"}],"wp:featuredmedia":[{"embeddable":true,"href":"https:\/\/www.europesays.com\/fr\/wp-json\/wp\/v2\/media\/171500"}],"wp:attachment":[{"href":"https:\/\/www.europesays.com\/fr\/wp-json\/wp\/v2\/media?parent=171499"}],"wp:term":[{"taxonomy":"category","embeddable":true,"href":"https:\/\/www.europesays.com\/fr\/wp-json\/wp\/v2\/categories?post=171499"},{"taxonomy":"post_tag","embeddable":true,"href":"https:\/\/www.europesays.com\/fr\/wp-json\/wp\/v2\/tags?post=171499"}],"curies":[{"name":"wp","href":"https:\/\/api.w.org\/{rel}","templated":true}]}}