{"id":171501,"date":"2025-06-12T19:05:17","date_gmt":"2025-06-12T19:05:17","guid":{"rendered":"https:\/\/www.europesays.com\/fr\/171501\/"},"modified":"2025-06-12T19:05:17","modified_gmt":"2025-06-12T19:05:17","slug":"sainte-colombe-sur-gand-300-nouveaux-livres-tous-les-quatre-mois-a-la-bibliotheque","status":"publish","type":"post","link":"https:\/\/www.europesays.com\/fr\/171501\/","title":{"rendered":"Sainte-Colombe-sur-Gand. 300 nouveaux livres tous les quatre mois \u00e0 la biblioth\u00e8que"},"content":{"rendered":"<p>La biblioth\u00e8que \u00e0 Sainte- Colombe-sur-Gand est ouverte tous les samedis matin de 10 heures \u00e0 11\u00a0h\u00a030.<\/p>\n<p>Elle est situ\u00e9e \u00e0 gauche de l\u2019\u00e9glise, dans la cure. N\u2019h\u00e9sitez pas \u00e0 passer le portillon en bois ouvert pendant les permanences. Six b\u00e9n\u00e9voles se relaient pour les tenir. Le pr\u00eat de livres est gratuit, aucune adh\u00e9sion n\u2019est demand\u00e9e. Tous les quatre mois, 300 nouveaux ouvrages sont renouvel\u00e9s. Les coll\u00e9giens ont la possibilit\u00e9 tout au long de l\u2019ann\u00e9e d\u2019emprunter des livres.<\/p>\n","protected":false},"excerpt":{"rendered":"La biblioth\u00e8que \u00e0 Sainte- Colombe-sur-Gand est ouverte tous les samedis matin de 10 heures \u00e0 11\u00a0h\u00a030. Elle est&hellip;\n","protected":false},"author":2,"featured_media":171502,"comment_status":"","ping_status":"","sticky":false,"template":"","format":"standard","meta":{"footnotes":""},"categories":[1357],"tags":[1379,58,16734,59,1011,27,1380,30639,30638,104,1631],"class_list":{"0":"post-171501","1":"post","2":"type-post","3":"status-publish","4":"format-standard","5":"has-post-thumbnail","7":"category-livres","8":"tag-books","9":"tag-divertissement","10":"tag-edition-loire-nord","11":"tag-entertainment","12":"tag-fr","13":"tag-france","14":"tag-livres","15":"tag-neronde-bassin","16":"tag-sainte-colombe-sur-gand","17":"tag-societe","18":"tag-vie-associative"},"share_on_mastodon":{"url":"https:\/\/pubeurope.com\/@fr\/114671958362192061","error":""},"_links":{"self":[{"href":"https:\/\/www.europesays.com\/fr\/wp-json\/wp\/v2\/posts\/171501","targetHints":{"allow":["GET"]}}],"collection":[{"href":"https:\/\/www.europesays.com\/fr\/wp-json\/wp\/v2\/posts"}],"about":[{"href":"https:\/\/www.europesays.com\/fr\/wp-json\/wp\/v2\/types\/post"}],"author":[{"embeddable":true,"href":"https:\/\/www.europesays.com\/fr\/wp-json\/wp\/v2\/users\/2"}],"replies":[{"embeddable":true,"href":"https:\/\/www.europesays.com\/fr\/wp-json\/wp\/v2\/comments?post=171501"}],"version-history":[{"count":0,"href":"https:\/\/www.europesays.com\/fr\/wp-json\/wp\/v2\/posts\/171501\/revisions"}],"wp:featuredmedia":[{"embeddable":true,"href":"https:\/\/www.europesays.com\/fr\/wp-json\/wp\/v2\/media\/171502"}],"wp:attachment":[{"href":"https:\/\/www.europesays.com\/fr\/wp-json\/wp\/v2\/media?parent=171501"}],"wp:term":[{"taxonomy":"category","embeddable":true,"href":"https:\/\/www.europesays.com\/fr\/wp-json\/wp\/v2\/categories?post=171501"},{"taxonomy":"post_tag","embeddable":true,"href":"https:\/\/www.europesays.com\/fr\/wp-json\/wp\/v2\/tags?post=171501"}],"curies":[{"name":"wp","href":"https:\/\/api.w.org\/{rel}","templated":true}]}}