{"id":171509,"date":"2025-06-12T19:10:09","date_gmt":"2025-06-12T19:10:09","guid":{"rendered":"https:\/\/www.europesays.com\/fr\/171509\/"},"modified":"2025-06-12T19:10:09","modified_gmt":"2025-06-12T19:10:09","slug":"la-france-optimiste-pour-le-psg","status":"publish","type":"post","link":"https:\/\/www.europesays.com\/fr\/171509\/","title":{"rendered":"La France optimiste pour le PSG"},"content":{"rendered":"<p><img width=\"780\" height=\"470\" src=\"https:\/\/www.europesays.com\/fr\/wp-content\/uploads\/2025\/06\/LV_Trophy-Tour_20250403_049-780x470.jpg\" class=\"attachment-jannah-image-post size-jannah-image-post wp-post-image\" alt=\"Coupe du Monde des Clubs\" is_main_img=\"1\" decoding=\"async\" fetchpriority=\"high\"\/><br \/>\n Image : Paris<br \/>\nSaint-Germain<\/p>\n<p>Apr\u00e8s un sacre historique en <strong>Ligue des<br \/>\nChampions<\/strong>, le <strong>Paris Saint-Germain<\/strong><br \/>\ncontinue de susciter l\u2019optimisme chez les Fran\u00e7ais. Selon un<br \/>\nsondage exclusif Ipsos pour <a href=\"https:\/\/www.leparisien.fr\/sports\/football\/psg\/sondage-7-francais-sur-10-jugent-le-psg-capable-de-remporter-la-coupe-du-monde-des-clubs-12-06-2025-7MHAL3YTYBFLXJFJHJFGXNDKSU.php?at_variant=link&amp;at_creation=Le%20Parisien%20%7C%20PSG&amp;at_campaign=Partage%20Twitter%20CM&amp;at_medium=Social%20media\" rel=\"nofollow noopener\" target=\"_blank\"><br \/>\nLe Parisien<\/a> et CESI \u00c9cole d\u2019ing\u00e9nieurs, une large majorit\u00e9 de<br \/>\nla population estime que le club de la capitale est en mesure de<br \/>\nconqu\u00e9rir un nouveau titre mondial : la <strong>Coupe du Monde des<br \/>\nClubs<\/strong> de la <strong>FIFA<\/strong>, qui se d\u00e9roulera aux<br \/>\n\u00c9tats-Unis du 15 juin au 13 juillet.<\/p>\n<p>En effet, sept Fran\u00e7ais sur dix interrog\u00e9s croient fermement aux<br \/>\nchances du <strong>PSG<\/strong> de s\u2019imposer dans cette comp\u00e9tition<br \/>\nprestigieuse. Ce chiffre t\u00e9moigne de la confiance grandissante<br \/>\nenvers l\u2019\u00e9quipe parisienne, qui a r\u00e9alis\u00e9 une saison<br \/>\nexceptionnelle. Le succ\u00e8s en <strong>Ligue des Champions<\/strong> a<br \/>\nnon seulement combl\u00e9 les attentes des supporters, mais a \u00e9galement<br \/>\neu un impact positif sur l\u2019ensemble du football fran\u00e7ais. 83% des<br \/>\nr\u00e9pondants estiment que cette victoire aura des retomb\u00e9es<br \/>\nfavorables sur le sport national. Par ailleurs, 58% des sond\u00e9s<br \/>\nconsid\u00e8rent que le football contribue au rayonnement de la France<br \/>\nsur la sc\u00e8ne internationale.<\/p>\n<p><strong><a href=\"https:\/\/canal-supporters.com\/psg-presnel-kimpembe-affiche-les-ambitions-pour-la-coupe-du-monde-des-clubs\/\" rel=\"nofollow noopener\" target=\"_blank\"><br \/>\nA lire aussi \u2013 PSG : Presnel Kimpembe affiche les ambitions pour la<br \/>\nCoupe du Monde des Clubs !<\/a><\/strong><\/p>\n<p>canalsupporters.com<\/p>\n<p><strong>Luis Enrique<\/strong> est per\u00e7u comme l\u2019architecte<br \/>\nprincipal de ce succ\u00e8s par 31% des amateurs du<br \/>\n<strong>PSG<\/strong>. <strong>Ousmane Demb\u00e9l\u00e9<\/strong>, quant \u00e0<br \/>\nlui, se distingue comme le joueur pr\u00e9f\u00e9r\u00e9 du club pour 28% des<br \/>\nsond\u00e9s, devan\u00e7ant de peu la jeune r\u00e9v\u00e9lation <strong>D\u00e9sir\u00e9<br \/>\nDou\u00e9<\/strong> (27%). Bien que le football reste le sport le plus<br \/>\nsuivi par les Fran\u00e7ais (41%), devant le tennis (33%) et le rugby<br \/>\n(23%), seuls 13% des Fran\u00e7ais se d\u00e9clarent \u00ab\u00a0supporters\u00a0\u00bb<br \/>\ndu <strong>PSG<\/strong>, et 16% \u00ab\u00a0suiveurs\u00a0\u00bb. N\u00e9anmoins,<br \/>\nl\u2019enqu\u00eate souligne un regain d\u2019int\u00e9r\u00eat et de confiance envers le<br \/>\nclub parisien, d\u00e9sormais per\u00e7u comme un acteur majeur du football<br \/>\nmondial, capable de relever les plus grands d\u00e9fis. Le prochain sera<br \/>\nsans conteste la <strong>Coupe du Monde des Clubs<\/strong>.<\/p>\n<\/p>\n<p>YouTube : <a href=\"https:\/\/www.youtube.com\/watch?v=aULIG8vgRmw\" rel=\"nofollow noopener\" target=\"_blank\">Canal Supporters<br \/>\nParis<\/a><\/p>\n","protected":false},"excerpt":{"rendered":"Image : Paris Saint-Germain Apr\u00e8s un sacre historique en Ligue des Champions, le Paris Saint-Germain continue de susciter&hellip;\n","protected":false},"author":2,"featured_media":171510,"comment_status":"","ping_status":"","sticky":false,"template":"","format":"standard","meta":{"footnotes":""},"categories":[9],"tags":[81,30640,7151,1011,27,91,92,93,60,96],"class_list":{"0":"post-171509","1":"post","2":"type-post","3":"status-publish","4":"format-standard","5":"has-post-thumbnail","7":"category-sports","8":"tag-canal-supporters","9":"tag-cdm-des-clubs","10":"tag-coupe-du-monde-des-clubs","11":"tag-fr","12":"tag-france","13":"tag-paris-saint-germain","14":"tag-paris-sg","15":"tag-psg","16":"tag-sports","17":"tag-une"},"share_on_mastodon":{"url":"https:\/\/pubeurope.com\/@fr\/114671978063148320","error":""},"_links":{"self":[{"href":"https:\/\/www.europesays.com\/fr\/wp-json\/wp\/v2\/posts\/171509","targetHints":{"allow":["GET"]}}],"collection":[{"href":"https:\/\/www.europesays.com\/fr\/wp-json\/wp\/v2\/posts"}],"about":[{"href":"https:\/\/www.europesays.com\/fr\/wp-json\/wp\/v2\/types\/post"}],"author":[{"embeddable":true,"href":"https:\/\/www.europesays.com\/fr\/wp-json\/wp\/v2\/users\/2"}],"replies":[{"embeddable":true,"href":"https:\/\/www.europesays.com\/fr\/wp-json\/wp\/v2\/comments?post=171509"}],"version-history":[{"count":0,"href":"https:\/\/www.europesays.com\/fr\/wp-json\/wp\/v2\/posts\/171509\/revisions"}],"wp:featuredmedia":[{"embeddable":true,"href":"https:\/\/www.europesays.com\/fr\/wp-json\/wp\/v2\/media\/171510"}],"wp:attachment":[{"href":"https:\/\/www.europesays.com\/fr\/wp-json\/wp\/v2\/media?parent=171509"}],"wp:term":[{"taxonomy":"category","embeddable":true,"href":"https:\/\/www.europesays.com\/fr\/wp-json\/wp\/v2\/categories?post=171509"},{"taxonomy":"post_tag","embeddable":true,"href":"https:\/\/www.europesays.com\/fr\/wp-json\/wp\/v2\/tags?post=171509"}],"curies":[{"name":"wp","href":"https:\/\/api.w.org\/{rel}","templated":true}]}}