{"id":171511,"date":"2025-06-12T19:11:11","date_gmt":"2025-06-12T19:11:11","guid":{"rendered":"https:\/\/www.europesays.com\/fr\/171511\/"},"modified":"2025-06-12T19:11:11","modified_gmt":"2025-06-12T19:11:11","slug":"iris-mittenaere-repond-a-son-ex-diego-el-glaoui-qui-laccuse-de-tromperies-il-est-temps-que-cela-cesse","status":"publish","type":"post","link":"https:\/\/www.europesays.com\/fr\/171511\/","title":{"rendered":"Iris Mittenaere r\u00e9pond \u00e0 son ex Diego El Glaoui qui l\u2019accuse de tromperies : \u00ab\u00a0Il est temps que cela cesse\u00a0\u00bb"},"content":{"rendered":"<p>Deux jours apr\u00e8s les r\u00e9v\u00e9lations de son ancien compagnon, <a href=\"https:\/\/www.public.fr\/tag\/iris-mittenaere\" rel=\"nofollow noopener\" target=\"_blank\">Iris Mittenaere<\/a> contre-attaque. Le mardi 10 juin 2025, Diego El Glaoui prenait la parole sur son compte Instagram apr\u00e8s <a href=\"https:\/\/www.public.fr\/jai-decouvert-que-javais-ete-trompe-peu-apres-nos-fiancailles-diego-el-glaoui-balance-tout-sur-son-ex-iris-mittenaere\" rel=\"nofollow noopener\" target=\"_blank\">les r\u00e9v\u00e9lations du blogueur Aqababe<\/a> dans son canal.<\/p>\n<p>Ce dernier, r\u00e9v\u00e9lant que <a href=\"https:\/\/vsd.fr\/tag\/iris-mittenaere\/\" rel=\"nofollow noopener\" target=\"_blank\">l\u2019ancienne Miss France<\/a> aurait tromp\u00e9 son ancien compagnon \u00e0 plusieurs reprises et assurant avoir des preuves de ces m\u00eames tromperies. Quelques minutes apr\u00e8s avoir fait ces r\u00e9v\u00e9lations dans son canal, Aqababe a vu Diego El Glaoui confirmer ce qu\u2019il avan\u00e7ait.\u00a0<\/p>\n<p>Diego El Glaoui indique avoir \u00e9t\u00e9 tromp\u00e9 par Iris Mittenaere<\/p>\n<p>\u00ab\u00a0Je n&rsquo;ai jamais souhait\u00e9 que la v\u00e9rit\u00e9 soit rendue publique et jamais je n&rsquo;aurais pens\u00e9 devoir l&rsquo;\u00e9voquer ici. J&rsquo;ai choisi le silence par pudeur, par respect pour notre histoire, par fiert\u00e9 aussi. Mais aussi pour prot\u00e9ger son image, malgr\u00e9 l&rsquo;injustice et la douleur que j&rsquo;ai travers\u00e9es\u00a0\u00bb, a d\u2019abord \u00e9crit l\u2019ex d\u2019Iris Mittenaere.<\/p>\n<p>L\u2019influenceur a par la suite indiqu\u00e9 que, au moment du tournage de son documentaire <strong>\u00ab\u00a0Influence(s)\u00a0\u00bb<\/strong> sur Prime Video, il se \u00ab\u00a0battait avec ce poids devant les cam\u00e9ras\u00a0\u00bb. \u00ab\u00a0Je portais la douleur de la trahison, et l&rsquo;envie, malgr\u00e9 tout, d&rsquo;y croire encore. J&rsquo;ai voulu pardonner, j&rsquo;ai voulu r\u00e9parer. J&rsquo;ai voulu sauver ce qui pouvait l&rsquo;\u00eatre. Dans cette s\u00e9rie et en dehors parfois j&rsquo;ai \u00e9t\u00e9 jug\u00e9, critiqu\u00e9, toujours durement. Alors que je tentais simplement de sauver mon couple malgr\u00e9 la douleur insoutenable\u00a0\u00bb, a-t-il notamment indiqu\u00e9 assurant avoir aujourd\u2019hui tourn\u00e9 la page. Il a \u00e9galement demand\u00e9 aux internautes de respecter leurs vies priv\u00e9es, \u00ab\u00a0\u00e0 [lui] comme \u00e0 elle\u00a0\u00bb.<\/p>\n<p>Depuis cette prise de parole, Iris Mittenaere n\u2019avait pas encore r\u00e9agi. C\u2019est d\u00e9sormais chose faite depuis quelques minutes. Ce jeudi 12 juin 2025, l\u2019ancienne Miss Univers a d\u00e9cid\u00e9 de contre-attaquer en publiant un communiqu\u00e9 via sa story Instagram.<\/p>\n<p>L&rsquo;ancienne Miss Univers contre-attaque<\/p>\n<p>\u00ab\u00a0Depuis plusieurs jours, je fais l&rsquo;objet d&rsquo;une campagne de haine et de diffamation sur les r\u00e9seaux sociaux. Des propos mensongers, volontairement d\u00e9form\u00e9s ou sortis de leur contexte ont \u00e9t\u00e9 relayes pour tenter de nuire a mon image, a ma parole et a mon engagement\u00a0\u00bb, regrette-t-elle dans un premier temps.<\/p>\n<p>Avant de poursuivre : \u00ab\u00a0Je ne suis pas la seule dans ce cas. Comme trop d&rsquo;autres femmes, <strong>je constate \u00e0 quel point la calomnie, le harc\u00e8lement et la manipulation sont devenus des outils de pression en ligne. Il est temps que cela cesse<\/strong>\u00ab\u00a0.<\/p>\n<p>Aussi, Iris Mittenaere annonce \u00eatre \u00ab\u00a0d\u00e9termin\u00e9e \u00e0 faire respecter\u00a0\u00bb ses droits. De fait, elle a d\u00e9pos\u00e9 \u00ab\u00a0une plainte p\u00e9nale aupr\u00e8s du Procureur de la R\u00e9publique de Paris pour divulgation de correspondances priv\u00e9es, diffamation publique, cyberharc\u00e8lement et incitation au cyberharc\u00e8lement\u00a0\u00bb.<\/p>\n<p>\u00ab\u00a0Parall\u00e8lement, une proc\u00e9dure d&rsquo;urgence civile est engag\u00e9e pour atteinte \u00e0 l&rsquo;intimit\u00e9 de ma vie priv\u00e9e. J&rsquo;ai donc donn\u00e9 mandat \u00e0 mes avocats de tout mettre \u0153uvre pour faire cesser ces agissements. Je reste profond\u00e9ment attach\u00e9e \u00e0 mes valeurs : le respect, la v\u00e9rit\u00e9, la justice. Je suis debout, entouree, et pleinement engagee dans mes projets. Merci \u00e0 toutes celles et ceux qui m&rsquo;envoient leurs messages, leur bienveillance, leur solidarit\u00e9. Votre soutien est une force pr\u00e9cieuse\u00a0\u00bb, a conclu l\u2019ex-reine de beaut\u00e9.\u00a0<\/p>\n<p><img loading=\"lazy\" decoding=\"async\" width=\"472\" height=\"1024\" src=\"data:image\/svg+xml,%3Csvg%20xmlns=\" http:=\"\" alt=\"Iris Mittenaere r\u00e9pond \u00e0 son ex Diego El Glaoui qui l\u2019accuse de tromperies : &quot;Il est temps que cela cesse&quot;\" data-lazy- data-lazy- data-lazy-src=\"https:\/\/www.europesays.com\/fr\/wp-content\/uploads\/2025\/06\/WhatsApp-Image-2025-06-12-at-19.33.33-472x1024.jpeg\"\/><\/p>\n<p>      Mentionn\u00e9s dans cet article<\/p>\n<p>\u00c0 lire aussi<\/p>\n","protected":false},"excerpt":{"rendered":"Deux jours apr\u00e8s les r\u00e9v\u00e9lations de son ancien compagnon, Iris Mittenaere contre-attaque. Le mardi 10 juin 2025, Diego&hellip;\n","protected":false},"author":2,"featured_media":171512,"comment_status":"","ping_status":"","sticky":false,"template":"","format":"standard","meta":{"footnotes":""},"categories":[8],"tags":[58,59,1011,27,7308,3034],"class_list":{"0":"post-171511","1":"post","2":"type-post","3":"status-publish","4":"format-standard","5":"has-post-thumbnail","7":"category-divertissement","8":"tag-divertissement","9":"tag-entertainment","10":"tag-fr","11":"tag-france","12":"tag-iris-mittenaere","13":"tag-miss-france"},"share_on_mastodon":{"url":"https:\/\/pubeurope.com\/@fr\/114671982040713827","error":""},"_links":{"self":[{"href":"https:\/\/www.europesays.com\/fr\/wp-json\/wp\/v2\/posts\/171511","targetHints":{"allow":["GET"]}}],"collection":[{"href":"https:\/\/www.europesays.com\/fr\/wp-json\/wp\/v2\/posts"}],"about":[{"href":"https:\/\/www.europesays.com\/fr\/wp-json\/wp\/v2\/types\/post"}],"author":[{"embeddable":true,"href":"https:\/\/www.europesays.com\/fr\/wp-json\/wp\/v2\/users\/2"}],"replies":[{"embeddable":true,"href":"https:\/\/www.europesays.com\/fr\/wp-json\/wp\/v2\/comments?post=171511"}],"version-history":[{"count":0,"href":"https:\/\/www.europesays.com\/fr\/wp-json\/wp\/v2\/posts\/171511\/revisions"}],"wp:featuredmedia":[{"embeddable":true,"href":"https:\/\/www.europesays.com\/fr\/wp-json\/wp\/v2\/media\/171512"}],"wp:attachment":[{"href":"https:\/\/www.europesays.com\/fr\/wp-json\/wp\/v2\/media?parent=171511"}],"wp:term":[{"taxonomy":"category","embeddable":true,"href":"https:\/\/www.europesays.com\/fr\/wp-json\/wp\/v2\/categories?post=171511"},{"taxonomy":"post_tag","embeddable":true,"href":"https:\/\/www.europesays.com\/fr\/wp-json\/wp\/v2\/tags?post=171511"}],"curies":[{"name":"wp","href":"https:\/\/api.w.org\/{rel}","templated":true}]}}