{"id":171513,"date":"2025-06-12T19:12:13","date_gmt":"2025-06-12T19:12:13","guid":{"rendered":"https:\/\/www.europesays.com\/fr\/171513\/"},"modified":"2025-06-12T19:12:13","modified_gmt":"2025-06-12T19:12:13","slug":"carrefour-brade-le-macbook-air-13-m3-un-laptop-aussi-fin-quun-ipad-endurant-comme-un-iphone","status":"publish","type":"post","link":"https:\/\/www.europesays.com\/fr\/171513\/","title":{"rendered":"Carrefour brade le MacBook Air 13 M3, un laptop aussi fin qu&rsquo;un iPad, endurant comme un iPhone"},"content":{"rendered":"<p>Le MacBook Air 13 M3 est un laptop qui date de 2024 et qui allie l\u00e9g\u00e8ret\u00e9 et puissance, pour travailler depuis partout et disponible avec 400 euros de r\u00e9duction sur le site de Carrefour, pour la version 16+512 Go.<\/p>\n<p><a href=\"https:\/\/images.frandroid.com\/wp-content\/uploads\/2024\/04\/apple-macbook-air-m3-hero.jpeg\" target=\"_blank\" class=\"article-content__figure\" rel=\"noopener\"><img fetchpriority=\"high\" decoding=\"async\" loading=\"eager\" width=\"1200\" height=\"800\" src=\"https:\/\/www.europesays.com\/fr\/wp-content\/uploads\/2025\/06\/apple-macbook-air-m3-hero.jpeg\" alt=\"\" class=\"wp-image-2000844 wp-image wp-image\"  \/><\/a>Apple MacBook Air M3 \/\/ Source : Chlo\u00e9 Pertuis pour Frandroid<\/p>\n<p>Cette it\u00e9ration du MacBook Air date d\u2019il y a un peu plus d\u2019un an, de mars 2024. Il s\u2019agit de la version 13 pouces, soit la plus compacte de la famille, donc la plus facilement transportable. Il n\u2019est pas avare en puissance pour autant puisque la puce M3 qui l\u2019anime lui permet de faire tourner absolument tous les programmes que vous voulez, et m\u00eame des jeux. Carrefour permet <a href=\"https:\/\/shop.frandroid.com\/8mvvpjwe\" target=\"_blank\" rel=\"noreferrer noopener affiliate nofollow\" data-gtm=\"{&quot;event&quot;:&quot;afficlic&quot;,&quot;nom_marchand&quot;:&quot;carrefour&quot;,&quot;nom_produit&quot;:&quot;inconnu&quot;,&quot;categorie_produit&quot;:&quot;inconnu&quot;,&quot;module_produit&quot;:&quot;editolink&quot;,&quot;position_marchand&quot;:0,&quot;texte&quot;:&quot;d-economiser-400-euros&quot;,&quot;offer_url&quot;:&quot;https:\/\/shop.frandroid.com\/8mvvpjwe&quot;,&quot;zone&quot;:&quot;contenu-page&quot;}\">d\u2019\u00e9conomiser 400 euros<\/a> sur ce puissant laptop qui, s\u2019il ne r\u00e9volutionne pas la gamme, lui permet d\u2019\u00e9voluer dans la bonne direction. <\/p>\n<p>Les points forts du MacBook Air M3 13\u2033<\/p>\n<ul class=\"wp-block-list\">\n<li>Sa configuration 16+512 Go est plus que confortable<\/li>\n<li>Une autonomie qui permet largement de tenir une journ\u00e9e<\/li>\n<li>La puce M3 est un vrai gain de puissance<\/li>\n<\/ul>\n<p>Sur le site d\u2019Apple, le MacBook Air 13 M3 en version 16+512 Go co\u00fbte 1 449 euros. Sur le site de Carrefour, il \u00e9tait affich\u00e9 \u00e0 1 299,99 euros jusqu\u2019\u00e0 il y a peu, mais en ce moment <a href=\"https:\/\/shop.frandroid.com\/8mvvpjwe\" target=\"_blank\" rel=\"noreferrer noopener affiliate nofollow\" data-gtm=\"{&quot;event&quot;:&quot;afficlic&quot;,&quot;nom_marchand&quot;:&quot;carrefour&quot;,&quot;nom_produit&quot;:&quot;inconnu&quot;,&quot;categorie_produit&quot;:&quot;inconnu&quot;,&quot;module_produit&quot;:&quot;editolink&quot;,&quot;position_marchand&quot;:0,&quot;texte&quot;:&quot;il-est-disponible-pour-949-99-euros&quot;,&quot;offer_url&quot;:&quot;https:\/\/shop.frandroid.com\/8mvvpjwe&quot;,&quot;zone&quot;:&quot;contenu-page&quot;}\">il est disponible pour 949,99 euros<\/a>. On trouve aussi le <a href=\"https:\/\/shop.frandroid.com\/hgnj8zsj\" target=\"_blank\" rel=\"noreferrer noopener affiliate nofollow\" data-gtm=\"{&quot;event&quot;:&quot;afficlic&quot;,&quot;nom_marchand&quot;:&quot;carrefour&quot;,&quot;nom_produit&quot;:&quot;inconnu&quot;,&quot;categorie_produit&quot;:&quot;inconnu&quot;,&quot;module_produit&quot;:&quot;editolink&quot;,&quot;position_marchand&quot;:0,&quot;texte&quot;:&quot;modele-16-256-go-avec-100-euros-de-moins&quot;,&quot;offer_url&quot;:&quot;https:\/\/shop.frandroid.com\/hgnj8zsj&quot;,&quot;zone&quot;:&quot;contenu-page&quot;}\">mod\u00e8le 16+256 Go avec 100 euros de moins<\/a>. <\/p>\n<p>Si, par la suite, l\u2019offre mentionn\u00e9e dans cet article n\u2019est plus disponible, merci de jeter un coup d\u2019\u0153il ci-dessous afin de d\u00e9nicher d\u2019autres offres concernant le MacBook Air 13 M3 2024. Le tableau s\u2019actualise automatiquement. <\/p>\n<p>Un laptop compact qui \u00e9volue par petites touches<\/p>\n<p>            <img decoding=\"async\" width=\"1200\" height=\"446\" loading=\"lazy\" alt=\"Box Partenaire NORDVPN\" title=\"Box Partenaire NORDVPN\" class=\"is-radiusless placeholder-default wp-image\" src=\"https:\/\/www.europesays.com\/fr\/wp-content\/uploads\/2025\/06\/box-partenaire-nordvpn-1200x446.png\" \/>        <\/p>\n<p>\n                Le VPN qui d\u00e9bloque TOUS les sites web            <\/p>\n<p class=\"has-text-weight-medium is-size-6 is-line-height-normal\">\n                Avec ses 7 743 serveurs couvrant 118 pays, NordVPN est le meilleur VPN pour d\u00e9bloquer n\u2019importe quel site. Ses serveurs ultra-rapides sont optimis\u00e9s pour les vid\u00e9os en streaming !            <\/p>\n<p>Avec sa gamme de MacBook Air,  Apple s\u2019adresse clairement aux utilisateurs qui ont deux besoins primordiaux : un laptop \u00e0 pouvoir emmener partout et suffisamment puissant pour travailler. Il allie tout \u00e7a et en rajoute m\u00eame plusieurs couches, notamment avec une batterie XXL et une autonomie qui lui permet de tenir facilement une grosse journ\u00e9e intensive. La machine est fine et l\u00e9g\u00e8re puisqu\u2019elle fait 304,1 x 215 x 11,3 mm pour \u00e0 peine 1240 g.<\/p>\n<p>Pour ce qui est de l\u2019\u00e9cran, c\u2019est dans le nom du mod\u00e8le, il fait 13 pouces. Apple n\u2019a pas trop fait d\u2019efforts sur ce point et conserve la dalle que proposait le <a href=\"https:\/\/www.frandroid.com\/marques\/apple\/1405367_test-macbook-air-m2\" target=\"_blank\" rel=\"noreferrer noopener\">MacBook Air M2<\/a>. Ne vous m\u00e9prenez pas, l\u2019\u00e9cran est tr\u00e8s bon, c\u2019est juste dommage qu\u2019on ait pas d\u2019Oled ou de Mini-LED. Vous avez donc un tr\u00e8s bel \u00e9cran de 13 pouces et surtout la possibilit\u00e9 de brancher deux \u00e9crans externes, l\u00e0 o\u00f9 le M2 se limitait \u00e0 un.<\/p>\n<p>Le MacBook Air M3 est un monstre de puissance<\/p>\n<p>L\u00e0 o\u00f9 Apple a bien revu sa copie sur ce mod\u00e8le, c\u2019est au niveau de sa puissance GPU et la vitesse de son SSD. D\u2019apr\u00e8s le benchmark de notre test, il y a un gain de 75 % sur la partie graphique entre le M2 et le M3. Ce qui lui permet de b\u00e9n\u00e9ficier du ray tracin et du dynamic caching pourles jeux compatibles, m\u00eame si on regrette qu\u2019Apple d\u00e9laisse un peu trop ce pan.<\/p>\n<p>Quant au SSD, celui-ci peut atteindre les 3,5 Go\/s en \u00e9criture et 3 Go\/s en lecture. \u00c7a repr\u00e9sente un gain de plus de 100 % par rapport \u00e0 la g\u00e9n\u00e9ration pr\u00e9c\u00e9dente, m\u00eame si ce n\u2019est pas encore \u00e0 la hauteur de ce que peut proposer une telle technologie. Un dernier petit point noir \u00e0 soulever sur ce laptop, c\u2019est sa connectique un peu chiche qui emp\u00eache de brancher trop de p\u00e9riph\u00e9riques externes.<\/p>\n<p>Vous pouvez en apprendre plus sur le MacBook Air M3 en consultant <a href=\"https:\/\/www.frandroid.com\/marques\/apple\/1994384_test-de-apple-macbook-air-m3\" target=\"_blank\" rel=\"noreferrer noopener\">notre test complet de l\u2019appareil<\/a>.<\/p>\n<p>Pour vous aider \u00e0 trouver le MacBook ou le Mac qu\u2019il vous faut, vous pouvez vous fier aux conseils prodigu\u00e9s par <a href=\"https:\/\/www.frandroid.com\/guide-dachat\/guides-dachat-ordinateurs\/981469_macbook-air-macbook-pro-macbook-m1-quel-portable-apple-choisir\" target=\"_blank\" rel=\"noreferrer noopener\">notre guide d\u2019achat<\/a>.<\/p>\n","protected":false},"excerpt":{"rendered":"Le MacBook Air 13 M3 est un laptop qui date de 2024 et qui allie l\u00e9g\u00e8ret\u00e9 et puissance,&hellip;\n","protected":false},"author":2,"featured_media":171514,"comment_status":"","ping_status":"","sticky":false,"template":"","format":"standard","meta":{"footnotes":""},"categories":[7],"tags":[30641,984,1044,1011,27,43,40,41,39,42,44],"class_list":{"0":"post-171513","1":"post","2":"type-post","3":"status-publish","4":"format-standard","5":"has-post-thumbnail","7":"category-sciences-et-technologies","8":"tag-apple-macbook-air-13-m3-2024","9":"tag-bons-plans-apple","10":"tag-bons-plans-carrefour","11":"tag-fr","12":"tag-france","13":"tag-science","14":"tag-science-and-technology","15":"tag-sciences","16":"tag-sciences-et-technologies","17":"tag-technologies","18":"tag-technology"},"share_on_mastodon":{"url":"https:\/\/pubeurope.com\/@fr\/114671985969205875","error":""},"_links":{"self":[{"href":"https:\/\/www.europesays.com\/fr\/wp-json\/wp\/v2\/posts\/171513","targetHints":{"allow":["GET"]}}],"collection":[{"href":"https:\/\/www.europesays.com\/fr\/wp-json\/wp\/v2\/posts"}],"about":[{"href":"https:\/\/www.europesays.com\/fr\/wp-json\/wp\/v2\/types\/post"}],"author":[{"embeddable":true,"href":"https:\/\/www.europesays.com\/fr\/wp-json\/wp\/v2\/users\/2"}],"replies":[{"embeddable":true,"href":"https:\/\/www.europesays.com\/fr\/wp-json\/wp\/v2\/comments?post=171513"}],"version-history":[{"count":0,"href":"https:\/\/www.europesays.com\/fr\/wp-json\/wp\/v2\/posts\/171513\/revisions"}],"wp:featuredmedia":[{"embeddable":true,"href":"https:\/\/www.europesays.com\/fr\/wp-json\/wp\/v2\/media\/171514"}],"wp:attachment":[{"href":"https:\/\/www.europesays.com\/fr\/wp-json\/wp\/v2\/media?parent=171513"}],"wp:term":[{"taxonomy":"category","embeddable":true,"href":"https:\/\/www.europesays.com\/fr\/wp-json\/wp\/v2\/categories?post=171513"},{"taxonomy":"post_tag","embeddable":true,"href":"https:\/\/www.europesays.com\/fr\/wp-json\/wp\/v2\/tags?post=171513"}],"curies":[{"name":"wp","href":"https:\/\/api.w.org\/{rel}","templated":true}]}}