{"id":171517,"date":"2025-06-12T19:14:09","date_gmt":"2025-06-12T19:14:09","guid":{"rendered":"https:\/\/www.europesays.com\/fr\/171517\/"},"modified":"2025-06-12T19:14:09","modified_gmt":"2025-06-12T19:14:09","slug":"nouveau-risque-descalade-entre-teheran-washington-et-tel-aviv","status":"publish","type":"post","link":"https:\/\/www.europesays.com\/fr\/171517\/","title":{"rendered":"nouveau risque d\u2019escalade entre T\u00e9h\u00e9ran, Washington et Tel-Aviv"},"content":{"rendered":"<p>Alors que le r\u00e9gime des mollahs acc\u00e9l\u00e8re sur l\u2019enrichissement d\u2019uranium, la diplomatie r\u00e9gionale se crispe et des plans militaires se pr\u00e9parent.<\/p>\n<p class=\"fig-paragraph\">L\u2019adoption, ce jeudi, d\u2019une r\u00e9solution du Conseil des gouverneurs de l\u2019AIEA d\u00e9non\u00e7ant le \u00ab non-respect\u00a0\u00bb par l\u2019Iran de ses obligations nucl\u00e9aires a relanc\u00e9 les tensions diplomatiques sur ce dossier.<\/p>\n<p class=\"fig-paragraph\">R\u00e9dig\u00e9e par le \u00ab groupe E3\u00a0\u00bb (Royaume-Uni, France, Allemagne) avec l\u2019appui des \u00c9tats-Unis, la r\u00e9solution a \u00e9t\u00e9 approuv\u00e9e par 19 pays sur 35 membres du Conseil. La Russie, la Chine et le Burkina Faso ont vot\u00e9 contre, tandis que de nombreux autres comme l\u2019Afrique du Sud, l\u2019Inde ou le Pakistan se sont abstenus.<\/p>\n<p class=\"fig-paragraph\">Apr\u00e8s le vote, le minist\u00e8re iranien des Affaires \u00e9trang\u00e8res a annonc\u00e9 que \u00ab les ordres n\u00e9cessaires [avaient] \u00e9t\u00e9 donn\u00e9s\u2026 pour mettre un nouveau centre d\u2019enrichissement en chantier\u00a0\u00bb et que l\u2019Organisation iranienne de l\u2019\u00e9nergie atomique (OIEA) allait \u00ab augmenter significativement\u00a0\u00bb sa production d\u2019uranium enrichi.<\/p>\n<p class=\"fig-paragraph\">L\u2019Iran serait le seul \u00c9tat non dot\u00e9 de l\u2019arme nucl\u00e9aire \u00e0 enrichir de l\u2019uranium \u00e0 hauteur de 60% &#8211; un seuil bien sup\u00e9rieur \u00e0 la limite de 3,67% fix\u00e9e par l\u2019accord de Vienne (JCPOA) de 2015, et proche des 90% n\u00e9cessaires \u00e0 la fabrication d\u2019une bombe. Mais T\u00e9h\u00e9ran affirme maintenir un usage purement civil de son programme.<\/p>\n<p class=\"fig-paragraph\">Le directeur g\u00e9n\u00e9ral de l\u2019AIEA, Rafael Grossi, a cependant d\u00e9clar\u00e9 \u00eatre dans l\u2019incapacit\u00e9 de confirmer la nature exclusivement pacifique du programme nucl\u00e9aire iranien. Tandis que l\u2019UE appelle la R\u00e9publique islamique \u00e0 faire preuve de \u00abretenue et \u00e0 \u00e9viter toute mesure qui contribuerait \u00e0 une escalade\u00bb, l\u2019agence onusienne pointe notamment l\u2019absence de r\u00e9ponse cr\u00e9dible de l\u2019Iran sur la pr\u00e9sence de particules d\u2019uranium sur trois sites non d\u00e9clar\u00e9s, \u00e0 Turquzabad, Lavisan-Shian et Varamin.<\/p>\n<p>Un contexte r\u00e9gional sous tension<\/p>\n<p class=\"fig-paragraph\">De son c\u00f4t\u00e9, le sultanat d\u2019Oman, qui joue les interm\u00e9diaires dans les discussions am\u00e9ricano-iraniennes, a indiqu\u00e9 que \u00ab la 6e s\u00e9rie de n\u00e9gociations entre l\u2019Iran et les \u00c9tats-Unis se tiendra \u00e0 Mascate\u00a0\u00bb ce dimanche.<\/p>\n<p class=\"fig-paragraph\">Face \u00e0 l\u2019annonce iranienne d\u2019un nouveau centre d\u2019enrichissement, les monarchies du Golfe s\u2019inqui\u00e8tent mais elles campent sur leur refus d\u2019une guerre ouverte d\u2019Isra\u00ebl et des \u00c9tats-Unis contre l\u2019Iran. L\u2019Arabie saoudite et les \u00c9mirats arabes unis craignent aussi le risque d\u2019escalade. Un haut responsable du Golfe r\u00e9sume leur position\u00a0: \u00ab Pas de guerre\u00a0\u00bb, l\u2019objectif privil\u00e9gi\u00e9 \u00e9tant plut\u00f4t un accord diplomatique avec Washington pour r\u00e9soudre la crise nucl\u00e9aire iranienne.<\/p>\n<p class=\"fig-paragraph\">L\u2019ombre d\u2019un conflit r\u00e9gional plane\u00a0: si Isra\u00ebl passait \u00e0 l\u2019action, les dirigeants du Golfe redoutent un effet de d\u00e9stabilisation en cha\u00eene, entre repr\u00e9sailles iraniennes et r\u00e9actions de leurs propres opinions publiques exc\u00e9d\u00e9es par la guerre \u00e0 Gaza.<\/p>\n<p>Isra\u00ebl face \u00e0 une \u00ab imminente menace\u00a0\u00bb<\/p>\n<p class=\"fig-paragraph\">Dans l\u2019\u00c9tat h\u00e9breu, le programme nucl\u00e9aire iranien est consid\u00e9r\u00e9 comme une menace existentielle. Tel-Aviv a plusieurs fois averti qu\u2019il n\u2019excluait pas de frapper pr\u00e9ventivement les installations atomiques de la R\u00e9publique islamique pour l\u2019emp\u00eacher de se doter de la bombe. Le minist\u00e8re isra\u00e9lien des Affaires \u00e9trang\u00e8res a qualifi\u00e9 d\u2019\u00abimminente menace\u00bb la trajectoire d\u2019enrichissement d\u2019uranium iranienne. Il a demand\u00e9 une \u00abr\u00e9ponse d\u00e9cisive\u00bb de la communaut\u00e9 internationale, d\u00e9non\u00e7ant le sabotage des inspections de l\u2019AIEA et la dissimulation de sites de centrifugeuses.<\/p>\n<p class=\"fig-paragraph\">Certains m\u00e9dias am\u00e9ricains rapportent que l\u2019\u00c9tat h\u00e9breu aurait positionn\u00e9 \u00e0 nouveau des avions de combat dans le golfe Persique pour pr\u00e9parer d\u2019\u00e9ventuelles frappes sur des cibles iraniennes. Les diplomates occidentaux s\u2019alarment d\u2019une possible \u00abescalade incontr\u00f4lable\u00bb qui serait d\u00e9clench\u00e9e par Tel-Aviv sans consultation pr\u00e9alable de ses alli\u00e9s.<\/p>\n<p class=\"fig-paragraph\">D\u00e9pendant d\u2019une aide logistique am\u00e9ricaine, Isra\u00ebl multiplie les contacts avec Washington. Le chef du Mossad, David Barnea, et le ministre des Affaires strat\u00e9giques isra\u00e9lien, Ron Dermer, feront le voyage \u00e0 Oman pour rencontrer l\u2019\u00e9missaire nucl\u00e9aire am\u00e9ricain Steve Witkoff avant les nouveaux pourparlers \u00e0 Mascate.<\/p>\n<p>Posture militaire am\u00e9ricaine<\/p>\n<p class=\"fig-paragraph\">Washington a r\u00e9agi par des mesures de pr\u00e9caution. Le Pentagone a propos\u00e9 d\u2019\u00e9vacuer les familles des militaires am\u00e9ricains stationn\u00e9s dans la r\u00e9gion du golfe Persique et la Maison-Blanche a pr\u00e9par\u00e9 des ordres d\u2019\u00e9vacuation partielle du personnel non essentiel de plusieurs ambassades (Bagdad, Manama, Kowe\u00eft City). Donald Trump a justifi\u00e9 mercredi ces mesures \u00ab parce que le Moyen-Orient pourrait devenir une zone dangereuse\u00a0\u00bb dans les prochains jours. Il a appel\u00e9 jeudi son alli\u00e9 Isra\u00ebl \u00e0 ne pas frapper l\u2019Iran, affirmant qu\u2019un accord restait proche sur le programme nucl\u00e9aire de T\u00e9h\u00e9ran, mais sans pour autant l\u2019exclure. \u00abJe ne veux pas dire que c\u2019est imminent, mais il semble que c\u2019est quelque chose qui pourrait tr\u00e8s bien se produire\u00bb, a-t-il d\u00e9clar\u00e9 \u00e0 des journalistes qui lui demandaient si Isra\u00ebl attaquerait l\u2019Iran.<\/p>\n<p class=\"fig-paragraph\">De son c\u00f4t\u00e9, le ministre de la D\u00e9fense iranien, Aziz Nasirzadeh, a averti que \u00ableurs bases sont \u00e0 notre port\u00e9e\u00bb et que \u00ables \u00c9tats-Unis devront quitter la r\u00e9gion\u00bb.<\/p>\n<p class=\"fig-paragraph\">L\u2019Iran rappelle ainsi que ses missiles balistiques et ses milices alli\u00e9es (en Irak au Liban et au Y\u00e9men) peuvent menacer les int\u00e9r\u00eats am\u00e9ricains. L\u2019ambassade am\u00e9ricaine \u00e0 Bagdad, la base am\u00e9ricaine al-Asad en Irak et d\u2019autres postes avanc\u00e9s dans la r\u00e9gion seraient dans leur rayon de tir. Le commandement maritime du golfe Persique a diffus\u00e9 des mises en garde sur \u00abla mont\u00e9e des tensions\u00bb, notant un \u00abclimat d\u2019escalade\u00bb susceptible d\u2019affecter le trafic maritime r\u00e9gional.<\/p>\n<p>Pressions internes et calculs iraniens<\/p>\n<p class=\"fig-paragraph\">\u00c0 T\u00e9h\u00e9ran, la ligne officielle m\u00eale orgueil national et calculs de dissuasion. Le guide supr\u00eame, l\u2019ayatollah Ali Khamenei, a imm\u00e9diatement rejet\u00e9 la r\u00e9solution de l\u2019AIEA et toute id\u00e9e de renoncer \u00e0 l\u2019enrichissement. Il a rappel\u00e9 que \u00abl\u2019abandon de l\u2019enrichissement est \u00e0 100 % contraire aux int\u00e9r\u00eats\u00bb de l\u2019Iran, soulignant que l\u2019uranium enrichi est \u00abla cl\u00e9 de [son] programme nucl\u00e9aire\u00bb.<\/p>\n<p class=\"fig-paragraph\">Le 4 juin, il avait fustig\u00e9 les \u00abdirigeants grossiers et arrogants\u00bb des \u00c9tats-Unis qui exigent que l\u2019Iran abandonne son programme. \u00abQui \u00eates-vous pour d\u00e9cider si l\u2019Iran doit enrichir son \u00e9nergie\u00a0?\u00bb, avait-il lanc\u00e9. Le nucl\u00e9aire est pr\u00e9sent\u00e9 par le r\u00e9gime comme une pr\u00e9rogative de souverainet\u00e9 et un symbole de la puissance nationale\u00a0: y renoncer reviendrait \u00e0 l\u00e9gitimer la \u00abligne maximaliste\u00bb de Washington qui, depuis le retrait par Donald Trump de l\u2019accord en 2018, impose de lourdes sanctions \u00e0 l\u2019\u00e9conomie iranienne.<\/p>\n<p class=\"fig-paragraph\">L\u2019inflation galopante, le ch\u00f4mage \u00e9lev\u00e9, le manque d\u2019investissements et les tensions sociales dans la foul\u00e9e du mouvement \u00abFemme, vie libert\u00e9\u00bb auraient convaincu Khamenei de participer aux n\u00e9gociations avec Washington, dans l\u2019espoir de lever les mesures punitives am\u00e9ricaines.<\/p>\n<p class=\"fig-paragraph\">La r\u00e9solution de l\u2019AIEA appelle T\u00e9h\u00e9ran \u00e0 \u00abrem\u00e9dier d\u2019urgence\u00bb \u00e0 ses manquements et \u00e0 \u00abfournir sans d\u00e9lai des explications techniquement cr\u00e9dibles\u00bb, en particulier sur les activit\u00e9s men\u00e9es sur ses sites non d\u00e9clar\u00e9s. Faute de coop\u00e9ration, le contentieux iranien pourrait \u00e0 nouveau cristalliser une confrontation au sein des instances multilat\u00e9rales, sur fond d\u2019impasse diplomatique et d\u2019effritement du r\u00e9gime international de non-prolif\u00e9ration.<\/p>\n","protected":false},"excerpt":{"rendered":"Alors que le r\u00e9gime des mollahs acc\u00e9l\u00e8re sur l\u2019enrichissement d\u2019uranium, la diplomatie r\u00e9gionale se crispe et des plans&hellip;\n","protected":false},"author":2,"featured_media":171518,"comment_status":"","ping_status":"","sticky":false,"template":"","format":"standard","meta":{"footnotes":""},"categories":[5],"tags":[259,11,260,1011,27,14,3019,261,12,262,10734,25146,2744,28],"class_list":{"0":"post-171517","1":"post","2":"type-post","3":"status-publish","4":"format-standard","5":"has-post-thumbnail","7":"category-international","8":"tag-actualite-internationale","9":"tag-actualites","10":"tag-affaires-etrangeres","11":"tag-fr","12":"tag-france","13":"tag-international","14":"tag-iran","15":"tag-ministere-des-affaires-etrangeres","16":"tag-news","17":"tag-politique-etrangere","18":"tag-teheran","19":"tag-tel-aviv","20":"tag-washington","21":"tag-world"},"share_on_mastodon":{"url":"https:\/\/pubeurope.com\/@fr\/114671993700591942","error":""},"_links":{"self":[{"href":"https:\/\/www.europesays.com\/fr\/wp-json\/wp\/v2\/posts\/171517","targetHints":{"allow":["GET"]}}],"collection":[{"href":"https:\/\/www.europesays.com\/fr\/wp-json\/wp\/v2\/posts"}],"about":[{"href":"https:\/\/www.europesays.com\/fr\/wp-json\/wp\/v2\/types\/post"}],"author":[{"embeddable":true,"href":"https:\/\/www.europesays.com\/fr\/wp-json\/wp\/v2\/users\/2"}],"replies":[{"embeddable":true,"href":"https:\/\/www.europesays.com\/fr\/wp-json\/wp\/v2\/comments?post=171517"}],"version-history":[{"count":0,"href":"https:\/\/www.europesays.com\/fr\/wp-json\/wp\/v2\/posts\/171517\/revisions"}],"wp:featuredmedia":[{"embeddable":true,"href":"https:\/\/www.europesays.com\/fr\/wp-json\/wp\/v2\/media\/171518"}],"wp:attachment":[{"href":"https:\/\/www.europesays.com\/fr\/wp-json\/wp\/v2\/media?parent=171517"}],"wp:term":[{"taxonomy":"category","embeddable":true,"href":"https:\/\/www.europesays.com\/fr\/wp-json\/wp\/v2\/categories?post=171517"},{"taxonomy":"post_tag","embeddable":true,"href":"https:\/\/www.europesays.com\/fr\/wp-json\/wp\/v2\/tags?post=171517"}],"curies":[{"name":"wp","href":"https:\/\/api.w.org\/{rel}","templated":true}]}}