{"id":171519,"date":"2025-06-12T19:15:09","date_gmt":"2025-06-12T19:15:09","guid":{"rendered":"https:\/\/www.europesays.com\/fr\/171519\/"},"modified":"2025-06-12T19:15:09","modified_gmt":"2025-06-12T19:15:09","slug":"le-conseil-constitutionnel-valide-les-armes-de-la-guerre-contre-le-narcotrafic","status":"publish","type":"post","link":"https:\/\/www.europesays.com\/fr\/171519\/","title":{"rendered":"Le Conseil constitutionnel valide les armes de la guerre contre le narcotrafic"},"content":{"rendered":"<p><strong>D\u00c9CRYPTAGE <\/strong>&#8211; Dans la plus longue d\u00e9cision de leur histoire, les sages de la Galerie Montpensier ont censur\u00e9 \u00e0 la marge l\u2019un des textes embl\u00e9matiques de cette fin de quinquennat.<\/p>\n<p class=\"fig-paragraph\">La\u00a0<a href=\"http:\/\/www.lefigaro.fr\/vox\/societe\/jean-eric-schoettl-loi-contre-le-narcotrafic-pourquoi-la-gauche-combat-elle-le-rearmement-de-l-etat-20250522\" data-fig-type=\"Article\" data-gtm-custom-categorie=\"navigation\" data-gtm-custom-action=\"crossclick\" data-gtm-custom-label=\"Contextuel\" data-gtm-event=\"customEventSPE\" data-fig-domain=\"LEFIGARO\" target=\"_blank\" rel=\"noopener\">loi narcotrafic<\/a>, un mastodonte de 64 articles et sans doute l\u2019une des lois les plus embl\u00e9matiques de cette fin de quinquennat a \u00e9t\u00e9 largement valid\u00e9e par le Conseil constitutionnel.<\/p>\n<p class=\"fig-paragraph\">Trente-huit des articles de ce texte port\u00e9 par les deux ministres de poids en comp\u00e9tition politique,\u00a0<a href=\"http:\/\/www.lefigaro.fr\/politique\/psg-nogent-bruno-retailleau-veut-depasser-le-tout-securitaire-20250611\" data-fig-type=\"Article\" data-gtm-custom-categorie=\"navigation\" data-gtm-custom-action=\"crossclick\" data-gtm-custom-label=\"Contextuel\" data-gtm-event=\"customEventSPE\" data-fig-domain=\"LEFIGARO\" target=\"_blank\" rel=\"noopener\">Bruno Retailleau<\/a>\u00a0et G\u00e9rald Darmanin avaient \u00e9t\u00e9 d\u00e9f\u00e9r\u00e9s au Conseil constitutionnel qui en a totalement valid\u00e9 32 mais a censur\u00e9 totalement ou partiellement six d\u2019entre eux et \u00e9mis plusieurs r\u00e9serves d\u2019interpr\u00e9tation.<\/p>\n<p>Quartiers de haute s\u00e9curit\u00e9 et nouveau r\u00e9gime carc\u00e9ral valid\u00e9s<\/p>\n<p class=\"fig-paragraph\">\u00abUne loi plut\u00f4t pas tr\u00e8s bien \u00e9crite\u00bb, n\u2019a cess\u00e9 de pr\u00e9venir tout au long du processus de production les sp\u00e9cialistes de la l\u00e9gistique qui tous ont rappel\u00e9 qu\u2019un tel texte exigeait \u00abun r\u00e9glage fin\u00bb. Cela aurait pu mettre en danger ce texte strat\u00e9gique pour le domaine r\u00e9galien.<\/p>\n<p class=\"fig-paragraph\">Mais dans la plus longue d\u00e9cision de conformit\u00e9 de son histoire, le Conseil constitutionnel a corrig\u00e9 avec souplesse les points faibles de la loi tout en validant les dispositions centrales du texte \u00e0 savoir la cr\u00e9ation du\u2026<\/p>\n<p class=\"fig-premium-paywall__infos\">\n        Cet article est r\u00e9serv\u00e9 aux abonn\u00e9s.        Il vous reste 84% \u00e0 d\u00e9couvrir.\n    <\/p>\n<p>                <img  data- alt=\"Le Figaro\" class=\"fig-img--complete fig-img\"\/><\/p>\n<p class=\"fig-premium-paywall__title\">Vente Flash<\/p>\n<p class=\"fig-premium-paywall__subtitle\">3,99\u20ac par mois pendant 12 mois. Sans engagement.<\/p>\n<p class=\"fig-premium-paywall__connect\">\n                D\u00e9j\u00e0 abonn\u00e9\u00a0?                <a class=\"fig-premium-paywall__connect-link\" href=\"https:\/\/connect.lefigaro.fr\/login?client=horizon_web&amp;type=main&amp;redirect_uri=https%3A%2F%2Fwww.lefigaro.fr%2Factualite-france%2Floi-narcotrafic-le-conseil-constitutionnel-valide-le-regime-carceral-d-isolement-mais-censure-quelques-articles-20250612\" data-js-gtm=\"{&quot;customCategorie&quot;: &quot;conversion&quot;, &quot;customAction&quot;: &quot;before_Landing_Connexion_paywall_auto&quot;, &quot;customLabel&quot;: &quot;bGVmaWdhcm8uZnJfXzFmMDQ3YWVmLTk4ODctNjE5Mi05OTFiLWQ1YzM0ODkxYWJkY19fTmV3c0ZsYXNo_Le Conseil constitutionnel valide les armes de la guerre contre le narcotrafic_222&quot;, &quot;customIDSPE&quot;: &quot;bGVmaWdhcm8uZnJfXzFmMDQ3YWVmLTk4ODctNjE5Mi05OTFiLWQ1YzM0ODkxYWJkY19fTmV3c0ZsYXNo&quot;, &quot;event&quot;: &quot;customEventSPE&quot;}\" target=\"_blank\" rel=\"noopener\"><br \/>\n                    Connectez-vous<br \/>\n                <\/a>\n            <\/p>\n","protected":false},"excerpt":{"rendered":"D\u00c9CRYPTAGE &#8211; Dans la plus longue d\u00e9cision de leur histoire, les sages de la Galerie Montpensier ont censur\u00e9&hellip;\n","protected":false},"author":2,"featured_media":171520,"comment_status":"","ping_status":"","sticky":false,"template":"","format":"standard","meta":{"footnotes":""},"categories":[4],"tags":[47,1058,1054,1059,1060,1055,11,1057,118,1011,27,1061,303,8721,12,1062,806,25,656,104,1056,809],"class_list":{"0":"post-171519","1":"post","2":"type-post","3":"status-publish","4":"format-standard","5":"has-post-thumbnail","7":"category-france","8":"tag-actualite","9":"tag-actualite-education","10":"tag-actualite-france","11":"tag-actualite-justice","12":"tag-actualite-securite","13":"tag-actualite-societe","14":"tag-actualites","15":"tag-education","16":"tag-faits-divers","17":"tag-fr","18":"tag-france","19":"tag-immigration","20":"tag-justice","21":"tag-narcotrafic","22":"tag-news","23":"tag-polemique","24":"tag-prison","25":"tag-republique-francaise","26":"tag-securite","27":"tag-societe","28":"tag-societe-francaise","29":"tag-violence"},"share_on_mastodon":{"url":"https:\/\/pubeurope.com\/@fr\/114671997668168576","error":""},"_links":{"self":[{"href":"https:\/\/www.europesays.com\/fr\/wp-json\/wp\/v2\/posts\/171519","targetHints":{"allow":["GET"]}}],"collection":[{"href":"https:\/\/www.europesays.com\/fr\/wp-json\/wp\/v2\/posts"}],"about":[{"href":"https:\/\/www.europesays.com\/fr\/wp-json\/wp\/v2\/types\/post"}],"author":[{"embeddable":true,"href":"https:\/\/www.europesays.com\/fr\/wp-json\/wp\/v2\/users\/2"}],"replies":[{"embeddable":true,"href":"https:\/\/www.europesays.com\/fr\/wp-json\/wp\/v2\/comments?post=171519"}],"version-history":[{"count":0,"href":"https:\/\/www.europesays.com\/fr\/wp-json\/wp\/v2\/posts\/171519\/revisions"}],"wp:featuredmedia":[{"embeddable":true,"href":"https:\/\/www.europesays.com\/fr\/wp-json\/wp\/v2\/media\/171520"}],"wp:attachment":[{"href":"https:\/\/www.europesays.com\/fr\/wp-json\/wp\/v2\/media?parent=171519"}],"wp:term":[{"taxonomy":"category","embeddable":true,"href":"https:\/\/www.europesays.com\/fr\/wp-json\/wp\/v2\/categories?post=171519"},{"taxonomy":"post_tag","embeddable":true,"href":"https:\/\/www.europesays.com\/fr\/wp-json\/wp\/v2\/tags?post=171519"}],"curies":[{"name":"wp","href":"https:\/\/api.w.org\/{rel}","templated":true}]}}