{"id":171525,"date":"2025-06-12T19:18:11","date_gmt":"2025-06-12T19:18:11","guid":{"rendered":"https:\/\/www.europesays.com\/fr\/171525\/"},"modified":"2025-06-12T19:18:11","modified_gmt":"2025-06-12T19:18:11","slug":"la-police-sattaque-au-marche-noir","status":"publish","type":"post","link":"https:\/\/www.europesays.com\/fr\/171525\/","title":{"rendered":"la police s\u2019attaque au march\u00e9 noir"},"content":{"rendered":"<p>C\u2019\u00e9tait l\u2019une des promesses du Directeur interd\u00e9partemental de la police nationale de la Loire lors de sa prise de fonction en octobre dernier. Yves Cellier avait dit il y a quelques semaines vouloir voir dispara\u00eetre les commerces o\u00f9 prolif\u00e8rent des trafics ill\u00e9gaux permettant le d\u00e9veloppement d\u2019une \u00e9conomie souterraine.<\/p>\n<p>Et apr\u00e8s <a href=\"https:\/\/www.leprogres.fr\/faits-divers-justice\/2025\/03\/26\/point-de-deal-demantele-saisie-de-cannabis-de-cocaine-et-10-000-euros-en-liquide?tblci=GiCB1zUhoFgvr2ioyV2nt09a6HyhPNM08oozPkJxXHrW1SDFjlQo9_rEoaaYicneAQ\" target=\"_blank\" rel=\"nofollow noopener\">le d\u00e9mant\u00e8lement de plusieurs points de deal \u00e0 Firminy<\/a>, dans le quartier du mail, mais aussi \u00e0 Saint-Etienne, \u00e0 Montreynaud, la Cotonne, rue Antoine-Durafour, ou encore au Soleil, les forces de police ont engag\u00e9 un nouveau front ce mardi 10\u00a0juin.<\/p>\n<p>En effet, comme le d\u00e9taille le patron des policiers lig\u00e9riens, \u00ab la brigade financi\u00e8re du Service local de la police judiciaire et les services des douanes ont entrepris le contr\u00f4le du bar Le Palmier situ\u00e9 rue Elis\u00e9e-Reclus, \u00e0 Saint-Etienne, \u00e0 quelques encablures du palais de justice\u00a0\u00bb.<\/p>\n<p>Au cours de leurs investigations men\u00e9es dans le cadre du Plan d\u2019action d\u00e9partementale de restauration de la s\u00e9curit\u00e9 du quotidien, les \u00e9quipes ont d\u00e9couvert sur place 731 cartouches de cigarettes de contrebande. Une marchandise estim\u00e9e \u00e0 pr\u00e8s de 96\u00a0000\u00a0euros.<\/p>\n<p>  Vers une fermeture administrative\u00a0?<\/p>\n<p>Le g\u00e9rant de l\u2019\u00e9tablissement, \u00e2g\u00e9 de 43 ans, n\u2019ayant pas \u00e9t\u00e9 en mesure de fournir d\u2019explications satisfaisantes, il a \u00e9t\u00e9 interpell\u00e9 et plac\u00e9 en garde \u00e0 vue. De plus, une proc\u00e9dure a \u00e9t\u00e9 ouverte car \u00ab\u00a0il ne doit pas vendre des boissons alcoolis\u00e9es en dehors des repas et il pr\u00e9sentait un d\u00e9faut de statut du revendeur de tabac\u00a0\u00bb pour le DIPN 42.<\/p>\n<p>Sollicit\u00e9s par nos soins, les services de la pr\u00e9fecture de la Loire nous ont confirm\u00e9 la saisie des forces de police et de douanes. Mais en ce qui concerne une potentielle fermeture administrative du commerce, il faudra attendre encore un peu\u00a0: \u00ab\u00a0Nous sommes en attente du rapport des services impliqu\u00e9s dans cette op\u00e9ration. Dans ce genre de situation, habituellement, une fermeture administrative est engag\u00e9e. Il est donc probable que cela sera le cas ici mais il est trop t\u00f4t pour l\u2019affirmer avec certitude\u00a0\u00bb.<\/p>\n<p>Quoi qu\u2019il en soit, Yves Cellier ne cache pas sa satisfaction apr\u00e8s \u00ab\u00a0cette belle affaire\u00a0\u00bb r\u00e9alis\u00e9e par les forces de s\u00e9curit\u00e9. Et ce dernier met en garde les personnes qui seraient tent\u00e9es de ne pas respecter la loi\u00a0: \u00ab\u00a0D\u2019autres op\u00e9rations de contr\u00f4le auront lieu au cours des prochains jours et des prochaines semaines\u00a0\u00bb.<\/p>\n<p>Car, pour lui, \u00ab\u00a0le produit de ces ventes, c\u2019est autant de recettes qui ne reviennent pas \u00e0 l\u2019\u00c9tat pour participer \u00e0 am\u00e9liorer le service public que l\u2019on doit \u00e0 la population\u00a0\u00bb.<\/p>\n<p class=\"insetTitle\">Le Plan d\u2019action d\u00e9partemental de restauration de la s\u00e9curit\u00e9 du quotidien en chiffres<\/p>\n<p>Depuis le lancement du Plan d\u2019action d\u00e9partemental de restauration de la s\u00e9curit\u00e9 du quotidien par le ministre de l\u2019Int\u00e9rieur, Bruno Retailleau, les services de la pr\u00e9fecture de la Loire ont pris l\u2019habitude de communiquer sur les chiffres des axes de priorit\u00e9\u00a0: la saisie de produits stup\u00e9fiants, la s\u00e9curisation dans les transports en commun, les vols d\u2019accessoires automobiles et la lutte contre le blanchiment dans certains commerces.<\/p>\n<p>Ainsi, depuis le 1\u1d49\u02b3 mars, les forces de police ont men\u00e9 234 op\u00e9rations de s\u00e9curisation dans les transports. Dans le cadre de la lutte contre les cambriolages, les forces de l\u2019ordre ont r\u00e9alis\u00e9 782 op\u00e9rations pr\u00e9ventives et de contr\u00f4les routiers. Par ailleurs, 48 interpellations ont \u00e9t\u00e9 effectu\u00e9es et 108 faits \u00e9lucid\u00e9s <a href=\"https:\/\/www.leprogres.fr\/economie\/2024\/12\/12\/voitures-desossees-trois-hommes-interpelles-pour-une-centaine-de-faits\" target=\"_blank\" rel=\"nofollow noopener\">dans le cadre de vols li\u00e9s \u00e0 l\u2019automobile<\/a>. De plus, 23 contr\u00f4les d\u2019\u00e9tablissements ont \u00e9t\u00e9 mis en \u0153uvre dans la lutte contre les troubles \u00e0 la tranquillit\u00e9 publique.<\/p>\n<p>Enfin, dans la lutte contre le narcotrafic, 15\u00a0kg de produits stup\u00e9fiants et 50\u00a0000\u00a0euros ont \u00e9t\u00e9 saisis et 749 amendes forfaitaires d\u00e9lictuelles dress\u00e9es.<\/p>\n<p class=\"insetSignature\">N.D.<\/p>\n","protected":false},"excerpt":{"rendered":"C\u2019\u00e9tait l\u2019une des promesses du Directeur interd\u00e9partemental de la police nationale de la Loire lors de sa prise&hellip;\n","protected":false},"author":2,"featured_media":171526,"comment_status":"","ping_status":"","sticky":false,"template":"","format":"standard","meta":{"footnotes":""},"categories":[9653],"tags":[1111,11,2430,271,272,33,7539,1777,674,274,107,1011,27,3367,12,25,4001,7538,104],"class_list":{"0":"post-171525","1":"post","2":"type-post","3":"status-publish","4":"format-standard","5":"has-post-thumbnail","7":"category-saint-etienne","8":"tag-actu","9":"tag-actualites","10":"tag-auvergne-rhone-alpes","11":"tag-crime","12":"tag-delit-et-contravention","13":"tag-economie","14":"tag-edition-loire-sud","15":"tag-eu","16":"tag-europe","17":"tag-faits-divers-justice","18":"tag-fil-info","19":"tag-fr","20":"tag-france","21":"tag-loire","22":"tag-news","23":"tag-republique-francaise","24":"tag-saint-etienne","25":"tag-saint-etienne-ville","26":"tag-societe"},"share_on_mastodon":{"url":"https:\/\/pubeurope.com\/@fr\/114672009456872656","error":""},"_links":{"self":[{"href":"https:\/\/www.europesays.com\/fr\/wp-json\/wp\/v2\/posts\/171525","targetHints":{"allow":["GET"]}}],"collection":[{"href":"https:\/\/www.europesays.com\/fr\/wp-json\/wp\/v2\/posts"}],"about":[{"href":"https:\/\/www.europesays.com\/fr\/wp-json\/wp\/v2\/types\/post"}],"author":[{"embeddable":true,"href":"https:\/\/www.europesays.com\/fr\/wp-json\/wp\/v2\/users\/2"}],"replies":[{"embeddable":true,"href":"https:\/\/www.europesays.com\/fr\/wp-json\/wp\/v2\/comments?post=171525"}],"version-history":[{"count":0,"href":"https:\/\/www.europesays.com\/fr\/wp-json\/wp\/v2\/posts\/171525\/revisions"}],"wp:featuredmedia":[{"embeddable":true,"href":"https:\/\/www.europesays.com\/fr\/wp-json\/wp\/v2\/media\/171526"}],"wp:attachment":[{"href":"https:\/\/www.europesays.com\/fr\/wp-json\/wp\/v2\/media?parent=171525"}],"wp:term":[{"taxonomy":"category","embeddable":true,"href":"https:\/\/www.europesays.com\/fr\/wp-json\/wp\/v2\/categories?post=171525"},{"taxonomy":"post_tag","embeddable":true,"href":"https:\/\/www.europesays.com\/fr\/wp-json\/wp\/v2\/tags?post=171525"}],"curies":[{"name":"wp","href":"https:\/\/api.w.org\/{rel}","templated":true}]}}