{"id":171534,"date":"2025-06-12T19:23:08","date_gmt":"2025-06-12T19:23:08","guid":{"rendered":"https:\/\/www.europesays.com\/fr\/171534\/"},"modified":"2025-06-12T19:23:08","modified_gmt":"2025-06-12T19:23:08","slug":"le-reggae-de-black-uhuru-au-rockstore","status":"publish","type":"post","link":"https:\/\/www.europesays.com\/fr\/171534\/","title":{"rendered":"le reggae de Black Uhuru au Rockstore"},"content":{"rendered":"<p>            Par<br \/>\n        <strong><br \/>\n            <a href=\"https:\/\/actu.fr\/auteur\/g-martin\" title=\"Consulter tous les articles de Gil Martin\" rel=\"nofollow noopener\" target=\"_blank\">Gil Martin<\/a><br \/>\n        <\/strong><\/p>\n<p>        Publi\u00e9 le<\/p>\n<p>            12 juin 2025 \u00e0 20h30        <\/p>\n<p>Groupe mythique du <strong>roots reggae<\/strong>, le fameux reggae \u00ab made in Jama\u00efque \u00bb, les <strong>Black Uhuru<\/strong> seront \u00e0 <strong>Montpellier<\/strong> ce vendredi 13 juin 2025 pour un concert exceptionnel <strong>au Rockstore.<\/strong> Les plus \u00ab\u00a0anciens\u00a0\u00bb s\u2019en souviennent\u00a0: Black Uhuru, form\u00e9 en 1972 et initialement connu sous le nom Uhuru (libert\u00e9 en swahili) a connu son heure de gloire au d\u00e9but des ann\u00e9es 80, obtenant la cons\u00e9cration internationale gr\u00e2ce \u00e0 un <strong>Grammy Award en 1985<\/strong>, le seul jamais d\u00e9cern\u00e9 \u00e0 une formation reggae.<\/p>\n<p>Nouvelle tourn\u00e9e mondiale<\/p>\n<p class=\" wall-content\">Depuis, Black Uhuru a enchain\u00e9 les tourn\u00e9es internationales (avec les Clash, les Rolling Stones ou encore Police), devenant un <strong>ambassadeur du reggae jama\u00efcain<\/strong>. Le groupe mythique revient sur sc\u00e8ne en 2025 pour une nouvelle tourn\u00e9e mondiale avec le lead singer <strong>Duckie Simpson<\/strong>.<\/p>\n<p>    <a href=\"https:\/\/www.google.com\/maps\/embed?pb=!1m18!1m12!1m3!1d2889.0177095948698!2d3.8786447113088873!3d43.60617287098379!2m3!1f0!2f0!3f0!3m2!1i1024!2i768!4f13.1!3m3!1m2!1s0x12b6afa148b3ae95%3A0x5ce2fcf82d57c105!2sRockstore!5e0!3m2!1sfr!2sfr!4v1749754984077!5m2!1sfr!2sfr\" title=\"Ouvrie le lien\" rel=\"nofollow noopener\" target=\"_blank\">Cliquez ici pour visualiser le contenu<\/a><\/p>\n<p class=\" wall-content\">\u00ab\u00a0Un rendez-vous montpelli\u00e9rain qui promet un <strong>concert explosif<\/strong> et de qualit\u00e9 dans la pure tradition jama\u00efcaine \u00bb, annonce le Rockstore. La salle du centre-ville propose l\u00e0 sans doute l\u2019un des concerts les plus intrigants de cette saison 2025.<\/p>\n<p>&gt; Concert Black Uhuru (reggae\/dub), ce vendredi 13 juin 2025, \u00e0 20h.\u00a0Au Rockstore , rue de Verdun \u00e0 Montpellier.\u00a0Tarif unique\u00a0: 27\u20ac.\u00a0Plus d\u2019infos : <a href=\"http:\/\/www.rockstore.fr\" rel=\"nofollow noopener\" target=\"_blank\">www.rockstore.fr<\/a><\/p>\n<p class=\" wall-content\">Suivez toute l\u2019actualit\u00e9 de vos villes et m\u00e9dias favoris en vous inscrivant \u00e0 <a href=\"https:\/\/moncompte.actu.fr\" title=\"D\u00e9couvez Mon Actu\" rel=\"nofollow noopener\" data-trk=\"{&quot;cta&quot;:{&quot;action&quot;:&quot;https:\\\/\\\/moncompte.actu.fr&quot;,&quot;category&quot;:&quot;mon compte&quot;,&quot;from&quot;:&quot;article footer&quot;,&quot;name&quot;:&quot;Mon actu&quot;,&quot;type&quot;:&quot;cta&quot;}}\" target=\"_blank\">Mon Actu<\/a>.<\/p>\n","protected":false},"excerpt":{"rendered":"Par Gil Martin Publi\u00e9 le 12 juin 2025 \u00e0 20h30 Groupe mythique du roots reggae, le fameux reggae&hellip;\n","protected":false},"author":2,"featured_media":171535,"comment_status":"","ping_status":"","sticky":false,"template":"","format":"standard","meta":{"footnotes":""},"categories":[9599],"tags":[1111,11,1697,1777,674,1011,27,1652,2208,12,2680,25],"class_list":{"0":"post-171534","1":"post","2":"type-post","3":"status-publish","4":"format-standard","5":"has-post-thumbnail","7":"category-montpellier","8":"tag-actu","9":"tag-actualites","10":"tag-concert","11":"tag-eu","12":"tag-europe","13":"tag-fr","14":"tag-france","15":"tag-loisirs-culture","16":"tag-montpellier","17":"tag-news","18":"tag-occitanie","19":"tag-republique-francaise"},"share_on_mastodon":{"url":"https:\/\/pubeurope.com\/@fr\/114672029192960069","error":""},"_links":{"self":[{"href":"https:\/\/www.europesays.com\/fr\/wp-json\/wp\/v2\/posts\/171534","targetHints":{"allow":["GET"]}}],"collection":[{"href":"https:\/\/www.europesays.com\/fr\/wp-json\/wp\/v2\/posts"}],"about":[{"href":"https:\/\/www.europesays.com\/fr\/wp-json\/wp\/v2\/types\/post"}],"author":[{"embeddable":true,"href":"https:\/\/www.europesays.com\/fr\/wp-json\/wp\/v2\/users\/2"}],"replies":[{"embeddable":true,"href":"https:\/\/www.europesays.com\/fr\/wp-json\/wp\/v2\/comments?post=171534"}],"version-history":[{"count":0,"href":"https:\/\/www.europesays.com\/fr\/wp-json\/wp\/v2\/posts\/171534\/revisions"}],"wp:featuredmedia":[{"embeddable":true,"href":"https:\/\/www.europesays.com\/fr\/wp-json\/wp\/v2\/media\/171535"}],"wp:attachment":[{"href":"https:\/\/www.europesays.com\/fr\/wp-json\/wp\/v2\/media?parent=171534"}],"wp:term":[{"taxonomy":"category","embeddable":true,"href":"https:\/\/www.europesays.com\/fr\/wp-json\/wp\/v2\/categories?post=171534"},{"taxonomy":"post_tag","embeddable":true,"href":"https:\/\/www.europesays.com\/fr\/wp-json\/wp\/v2\/tags?post=171534"}],"curies":[{"name":"wp","href":"https:\/\/api.w.org\/{rel}","templated":true}]}}