{"id":171538,"date":"2025-06-12T19:25:09","date_gmt":"2025-06-12T19:25:09","guid":{"rendered":"https:\/\/www.europesays.com\/fr\/171538\/"},"modified":"2025-06-12T19:25:09","modified_gmt":"2025-06-12T19:25:09","slug":"info-76actu-qui-sera-le-prochain-gestionnaire-du-reseau-astuce-a-rouen-un-favori-se-dessine-avant-le-vote","status":"publish","type":"post","link":"https:\/\/www.europesays.com\/fr\/171538\/","title":{"rendered":"INFO 76ACTU. Qui sera le prochain gestionnaire du r\u00e9seau Astuce \u00e0 Rouen ? Un favori se dessine avant le vote"},"content":{"rendered":"<p>            Par<br \/>\n        <strong><br \/>\n            <a href=\"https:\/\/actu.fr\/auteur\/thomas-rideau\" title=\"Consulter tous les articles de Thomas Rideau\" target=\"_blank\" rel=\"noopener\">Thomas Rideau<\/a><br \/>\n        <\/strong><\/p>\n<p>        Publi\u00e9 le<\/p>\n<p>            12 juin 2025 \u00e0 21h00        <\/p>\n<p>Les <strong>transports publics de l\u2019agglo<\/strong> de <a href=\"https:\/\/actu.fr\/normandie\/rouen_76540\" target=\"_blank\" rel=\"noopener\">Rouen (Seine-Maritime)<\/a> est un grand feuilleton avec de nombreux acteurs et aux sujets tr\u00e8s divers. Le dernier \u00e9pisode qui int\u00e9resse les passagers des bus du <a href=\"https:\/\/actu.fr\/tag\/reseau-astuce-tcar\" target=\"_blank\" rel=\"noopener\">r\u00e9seau Astuce<\/a> est le renouvellement de la d\u00e9l\u00e9gation de service public. Cette derni\u00e8re doit en effet \u00eatre renouvel\u00e9e. Est-ce que <strong>Transdev<\/strong>, l\u2019historique d\u00e9l\u00e9gataire, <a href=\"https:\/\/actu.fr\/normandie\/rouen_76540\/vous-ne-le-saviez-peut-etre-pas-mais-la-tcar-n-existe-plus_57395867.html\" target=\"_blank\" rel=\"noopener\">anciennement appel\u00e9 TCAR<\/a>, va \u00eatre renouvel\u00e9 ou les deux autres concurrents, <strong>Keolis<\/strong> et <strong>RATP Dev<\/strong>, ont remport\u00e9 le march\u00e9 ? Depuis ce jeudi 12 juin 2025, nous savons d\u00e9sormais qui a de fortes chances de d\u00e9crocher la timbale des transports en commun rouennais.<\/p>\n<p>Une d\u00e9l\u00e9gation qui englobe l\u2019urbain rouennais, mais pas que<\/p>\n<p class=\" wall-content\">D\u2019apr\u00e8s nos informations, que nous tenons de sources professionnelles et institutionnelles, c\u2019est bien le d\u00e9j\u00e0 pr\u00e9sent<strong> Transdev<\/strong> qui doit continuer l\u2019exploitation du r\u00e9seau <strong>Astuce<\/strong>. Dans les faits, les \u00e9valuations sont termin\u00e9es et la proposition de Transdev a donc \u00e9t\u00e9 jug\u00e9e la plus satisfaisante parmi les candidats.<\/p>\n<p class=\" wall-content\">Mais ce n\u2019est pas tout \u00e0 fait termin\u00e9. En effet, les \u00e9lus de la M\u00e9tropole vont devoir se prononcer lors du <a href=\"https:\/\/actu.fr\/tag\/metropole-rouen\" target=\"_blank\" rel=\"noopener\">conseil m\u00e9tropolitain<\/a> du 30\u00a0juin prochain et voter en faveur de ce prestataire. M\u00eame si le suspens est r\u00e9duit, <strong>Transdev<\/strong> doit donc encore passer cet obstacle \u00e9lectoral. Mais, d\u2019apr\u00e8s nos interlocuteurs, <strong>le plus dur est fait<\/strong> pour le gestionnaire actuel. Du c\u00f4t\u00e9 de la M\u00e9tropole, officiellement, on se cantonne \u00e0 d\u00e9clarer que \u00ab\u2009la proc\u00e9dure est en cours\u2009\u00bb.<\/p>\n<p>\u00ab\u2009Les r\u00e9actions sont partag\u00e9es au sein des services\u2009\u00bb<\/p>\n<p class=\" wall-content\">Parmi les employ\u00e9s de Transdev, la nouvelle s\u2019est r\u00e9pandue comme une tra\u00een\u00e9e de poudre durant la journ\u00e9e du jeudi 12\u00a0juin. \u00ab\u2009<strong>Les r\u00e9actions sont partag\u00e9es<\/strong> au sein des services. On devine qu\u2019on ne touchera pas \u00e0 nos conditions de travail, mais on craint que notre quotidien soit le m\u00eame que celui de ces derni\u00e8res ann\u00e9es\u2009\u00bb, nous pr\u00e9cise une source chez Transdev. Un quotidien que 76actu avait r\u00e9v\u00e9l\u00e9 ces derniers mois en citant les probl\u00e8mes mat\u00e9riels de bus qui <a href=\"https:\/\/actu.fr\/normandie\/rouen_76540\/ils-tombent-en-lambeaux-nos-revelations-sur-l-etat-preoccupant-des-bus-a-rouen_62438751.html\" target=\"_blank\" rel=\"noopener\">\u00ab\u00a0tombent en lambeaux\u00a0\u00bb<\/a> auquel \u00e9taient confront\u00e9s les employ\u00e9s de Transdev.<\/p>\n<p class=\" wall-content\">\u00c0 noter que cette nouvelle d\u00e9l\u00e9gation englobe donc tout l\u2019urbain de Rouen, le r\u00e9seau \u00e0 la demande Fil\u2019or et le scolaire sur le secteur Seine-Austreberthe. Enfin, notons que cette <a href=\"https:\/\/actu.fr\/tag\/transport\" target=\"_blank\" rel=\"noopener\">d\u00e9l\u00e9gation de service public<\/a> va s\u2019\u00e9tendre sur <strong>neuf ans<\/strong> \u00e0 partir de janvier\u00a02026. De quoi renforcer d\u00e9finitivement les liens entre la capitale normande et Transdev, d\u00e9j\u00e0 pr\u00e9sent depuis 30\u00a0ans.<\/p>\n<p>Suivez l\u2019actualit\u00e9 de Rouen <a href=\"https:\/\/www.whatsapp.com\/channel\/0029VaKfnf99hXF2ddApFB1D\" target=\"_blank\" rel=\"noopener\">sur notre cha\u00eene WhatsApp<\/a> et <a href=\"https:\/\/www.tiktok.com\/@76actu.fr?lang=fr\" target=\"_blank\" rel=\"noopener\">sur notre compte TikTok<\/a><\/p>\n<p class=\" wall-content\">Suivez toute l\u2019actualit\u00e9 de vos villes et m\u00e9dias favoris en vous inscrivant \u00e0 <a href=\"https:\/\/moncompte.actu.fr\" title=\"D\u00e9couvez Mon Actu\" rel=\"nofollow noopener\" data-trk=\"{&quot;cta&quot;:{&quot;action&quot;:&quot;https:\\\/\\\/moncompte.actu.fr&quot;,&quot;category&quot;:&quot;mon compte&quot;,&quot;from&quot;:&quot;article footer&quot;,&quot;name&quot;:&quot;Mon actu&quot;,&quot;type&quot;:&quot;cta&quot;}}\" target=\"_blank\">Mon Actu<\/a>.<\/p>\n<p>                    <script async src=\"\/\/www.tiktok.com\/embed.js\"><\/script><\/p>\n","protected":false},"excerpt":{"rendered":"Par Thomas Rideau Publi\u00e9 le 12 juin 2025 \u00e0 21h00 Les transports publics de l\u2019agglo de Rouen (Seine-Maritime)&hellip;\n","protected":false},"author":2,"featured_media":171539,"comment_status":"","ping_status":"","sticky":false,"template":"","format":"standard","meta":{"footnotes":""},"categories":[9587],"tags":[1111,11,1777,674,1011,27,9725,12,5161,25,9726,9590,104,2803],"class_list":{"0":"post-171538","1":"post","2":"type-post","3":"status-publish","4":"format-standard","5":"has-post-thumbnail","7":"category-rouen","8":"tag-actu","9":"tag-actualites","10":"tag-eu","11":"tag-europe","12":"tag-fr","13":"tag-france","14":"tag-metropole-rouen","15":"tag-news","16":"tag-normandie","17":"tag-republique-francaise","18":"tag-reseau-astuce-tcar","19":"tag-rouen","20":"tag-societe","21":"tag-transport"},"share_on_mastodon":{"url":"https:\/\/pubeurope.com\/@fr\/114672037071581046","error":""},"_links":{"self":[{"href":"https:\/\/www.europesays.com\/fr\/wp-json\/wp\/v2\/posts\/171538","targetHints":{"allow":["GET"]}}],"collection":[{"href":"https:\/\/www.europesays.com\/fr\/wp-json\/wp\/v2\/posts"}],"about":[{"href":"https:\/\/www.europesays.com\/fr\/wp-json\/wp\/v2\/types\/post"}],"author":[{"embeddable":true,"href":"https:\/\/www.europesays.com\/fr\/wp-json\/wp\/v2\/users\/2"}],"replies":[{"embeddable":true,"href":"https:\/\/www.europesays.com\/fr\/wp-json\/wp\/v2\/comments?post=171538"}],"version-history":[{"count":0,"href":"https:\/\/www.europesays.com\/fr\/wp-json\/wp\/v2\/posts\/171538\/revisions"}],"wp:featuredmedia":[{"embeddable":true,"href":"https:\/\/www.europesays.com\/fr\/wp-json\/wp\/v2\/media\/171539"}],"wp:attachment":[{"href":"https:\/\/www.europesays.com\/fr\/wp-json\/wp\/v2\/media?parent=171538"}],"wp:term":[{"taxonomy":"category","embeddable":true,"href":"https:\/\/www.europesays.com\/fr\/wp-json\/wp\/v2\/categories?post=171538"},{"taxonomy":"post_tag","embeddable":true,"href":"https:\/\/www.europesays.com\/fr\/wp-json\/wp\/v2\/tags?post=171538"}],"curies":[{"name":"wp","href":"https:\/\/api.w.org\/{rel}","templated":true}]}}