{"id":171540,"date":"2025-06-12T19:26:09","date_gmt":"2025-06-12T19:26:09","guid":{"rendered":"https:\/\/www.europesays.com\/fr\/171540\/"},"modified":"2025-06-12T19:26:09","modified_gmt":"2025-06-12T19:26:09","slug":"rouen-il-se-fait-passer-pour-une-fille-sur-snapchat-et-echange-des-nudes-avec-une-ado-de-13-ans","status":"publish","type":"post","link":"https:\/\/www.europesays.com\/fr\/171540\/","title":{"rendered":"Rouen. Il se fait passer pour une fille sur Snapchat et \u00e9change des \u00ab\u00a0nudes\u00a0\u00bb avec une ado de 13 ans"},"content":{"rendered":"<p>            Par<br \/>\n        <strong><br \/>\n            <a href=\"https:\/\/actu.fr\/auteur\/yann-rivallan\" title=\"Consulter tous les articles de Yann Rivallan\" rel=\"nofollow noopener\" target=\"_blank\">Yann Rivallan<\/a><br \/>\n        <\/strong><\/p>\n<p>        Publi\u00e9 le<\/p>\n<p>            12 juin 2025 \u00e0 20h32        <\/p>\n<p>La voix chevrotante par moments, le teint p\u00e2le, Tony*, presque 25\u00a0ans, fait face au <a href=\"https:\/\/actu.fr\/tag\/tribunal-de-rouen\" rel=\"nofollow noopener\" target=\"_blank\">tribunal correctionnel de Rouen<\/a>, jeudi 12\u00a0juin 2025. Il est accus\u00e9 de <strong>corruption sur une mineure<\/strong> de moins de 15\u00a0ans. Il\u00a0avait entre 20 et 21\u00a0ans au moment des faits.<\/p>\n<p class=\" wall-content\">Entre f\u00e9vrier et novembre\u00a02021, de fa\u00e7on presque ininterrompue, cet habitant de <strong>Sotteville-l\u00e8s-Rouen<\/strong> a demand\u00e9 \u00e0 Margot*, \u00e2g\u00e9e alors de 13\u00a0ans, de lui envoyer \u00e0 de nombreuses reprises <strong>des photos et vid\u00e9os \u00e0 caract\u00e8re sexuel<\/strong>, aussi appel\u00e9 des \u00ab\u2009nudes\u2009\u00bb. De son c\u00f4t\u00e9, il envoyait des photos et vid\u00e9os de son sexe en \u00e9rection, de lui en pleine masturbation ou encore des messages crus et insultants.<\/p>\n<p>Un faux profil Snapchat<\/p>\n<p class=\" wall-content\">Face aux juges, Tony explique que tout a commenc\u00e9 \u00e0 cause d\u2019une \u00ab\u2009blague \u00e0 un de [ses] meilleurs amis\u2009\u00bb. Pour le \u00ab\u2009troller\u2009\u00bb, comme il l\u2019a expliqu\u00e9 lors de son audition par les enqu\u00eateurs, il a cr\u00e9\u00e9 <strong>un faux profil Snapchat<\/strong>. Il se faisait alors passer pour Marie, une jeune fille de 16\u00a0ans. \u00ab\u2009Vous avez un dr\u00f4le de sens de l\u2019humour\u2009\u00bb, s\u2019\u00e9tonne le pr\u00e9sident du tribunal.<\/p>\n<p class=\" wall-content\">Pour donner du cr\u00e9dit \u00e0 son faux profil, le jeune homme dit avoir ajout\u00e9, via l\u2019onglet des ajouts rapides de ce r\u00e9seau social, Margot. \u00ab\u2009\u00c7a s\u2019est fait comme \u00e7a\u2009\u00bb, justifie-t-il, penaud. Mais ce qui devait \u00eatre une blague de mauvais go\u00fbt le conduit rapidement \u00e0 engager la conversation avec Margot. Tout en maintenant sa fausse identit\u00e9, il demande \u00e0 l\u2019adolescente de lui envoyer <strong>des photos d\u2019elle d\u00e9nud\u00e9e<\/strong>.<\/p>\n<p class=\" wall-content\">Tromp\u00e9e et se sentant \u00ab\u2009en confiance\u2009\u00bb, selon son avocate, la jeune Margot obtemp\u00e8re. Dans un second temps, Tony contacte Margot avec son vrai profil et lui explique avoir vu ses fameuses photos. Le jeune adulte dit \u00eatre un ami de Marie, son faux profil, et vouloir discuter avec elle.<\/p>\n<p class=\" wall-content\">L\u2019adolescente accepte et d\u00e9marre alors une longue s\u00e9rie d\u2019\u00e9changes quasiment int\u00e9gralement tourn\u00e9s autour du sexe. Au d\u00e9part, <strong>elle pense qu\u2019il est lui aussi mineur<\/strong>. Mais tr\u00e8s vite, il r\u00e9v\u00e8le son \u00e2ge. Tony sait d\u2019ailleurs depuis le d\u00e9but qu\u2019il \u00e9change avec une mineure. \u00ab\u2009Pourquoi vous n\u2019arr\u00eatez pas\u2009?\u2009\u00bb, le questionne le pr\u00e9sident. \u00ab\u2009Parce qu\u2019elle continuait \u00e0 r\u00e9pondre \u00e0 mes photos\u2009\u00bb, explique-t-il.<\/p>\n<p>Des messages \u00ab\u2009\u00e0 75\u2009% tourn\u00e9s autour de la sexualit\u00e9\u2009\u00bb<\/p>\n<p class=\" wall-content\">Au cours de leurs \u00e9changes, Tony fait plusieurs fois r\u00e9f\u00e9rence au fait de rencontrer physiquement Margot pour avoir <strong>une relation sexuelle<\/strong> avec elle. Lui, dit aujourd\u2019hui qu\u2019il ne serait jamais pass\u00e9 \u00e0 l\u2019acte. Mais le contenu des messages laisse le pr\u00e9sident perplexe.<\/p>\n<p class=\" wall-content\">Selon lui, les \u00e9changes retranscrits dans le dossier sont \u00ab\u2009\u00e0 75\u2009% tourn\u00e9s autour de la sexualit\u00e9\u2009\u00bb.<\/p>\n<blockquote class=\"ac-article-quote wall-content\">\n<p>Vous lui dites que vous avez envie de lui faire l&rsquo;amour. On sent que c\u2019est plut\u00f4t vous qui avez envie. Vous \u00eates toujours \u00e0 l\u2019initiative.<\/p>\n<p>    <strong>Le pr\u00e9sident du tribunal<\/strong>\n            <\/p><\/blockquote>\n<p class=\" wall-content\">Le pr\u00e9venu fait aussi r\u00e9f\u00e9rence de nombreuses fois, toujours via Snapchat, \u00e0 la taille de son sexe ou encore la poitrine g\u00e9n\u00e9reuse de l\u2019adolescente. Jusqu\u2019\u00e0 ce que <strong>la m\u00e8re de Margot d\u00e9couvre tout<\/strong>. Messages, photos, vid\u00e9os\u2026 Elle met fin imm\u00e9diatement \u00e0 cette relation et prive sa fille de t\u00e9l\u00e9phone.<\/p>\n<p>Il \u00e9tait \u00ab\u2009tr\u00e8s immature\u2009\u00bb<\/p>\n<p class=\" wall-content\">Mais m\u00eame apr\u00e8s \u00e7a, Tony contacte une amie de Margot pour la d\u00e9nigrer aupr\u00e8s d\u2019une de ses amies. \u00ab\u2009Vous vous en souvenez\u2009?\u2009\u00bb, demande l\u2019avocate des parties civiles. Le pr\u00e9venu r\u00e9pond par la n\u00e9gative\u2009: \u00ab\u2009Je ne me souviens plus. \u00c7a fait longtemps.\u2009\u00bb Pour justifier son comportement, Tony explique qu\u2019il \u00e9tait, \u00e0 l\u2019\u00e9poque, <strong>\u00ab\u2009tr\u00e8s immature\u2009\u00bb<\/strong>. Il reconna\u00eet aujourd\u2019hui avoir \u00ab\u2009fait du mal\u2009\u00bb et r\u00e9p\u00e8te \u00e0 plusieurs occasions qu\u2019il est \u00ab\u2009d\u00e9sol\u00e9\u2009\u00bb.<\/p>\n<p class=\" wall-content\">Mais \u00e0 la barre, la m\u00e8re de Margot montre \u00e0 quel point ses agissements ont boulevers\u00e9 la famille de l\u2019adolescente. \u00ab\u2009\u00c7a a \u00e9t\u00e9 un choc de d\u00e9couvrir tout \u00e7a, dit-elle dans un premier temps. C\u2019est une blessure de honte profonde pour [Margot].\u2009\u00bb<\/p>\n<p class=\" wall-content\">Pour elle, cette \u00ab\u2009premi\u00e8re exp\u00e9rience de la sexualit\u00e9\u2009\u00bb de sa fille a \u00e9t\u00e9 <strong>traumatisante<\/strong>. \u00c0 cause de \u00e7a, elle aurait perdu confiance en elle, perdu ses amis car elle n\u2019avait plus de portable, ou encore fait l\u2019objet d\u2019un harc\u00e8lement.<\/p>\n<p class=\" wall-content\">Ses \u00e9changes avec Tony ont aussi conduit la jeune fille \u00e0 l\u2019internat, car la relation avec sa m\u00e8re \u00e9tait devenue pesante. Et, un peu plus tard, tr\u00e8s g\u00ean\u00e9e par sa poitrine, Margot a d\u00e9cid\u00e9 de proc\u00e9der \u00e0 une op\u00e9ration de r\u00e9duction mammaire.<\/p>\n<p>10\u00a0mois de prison avec sursis<\/p>\n<p class=\" wall-content\">Apr\u00e8s en avoir d\u00e9lib\u00e9r\u00e9, le tribunal suit les r\u00e9quisitions du procureur. Tony, non repr\u00e9sent\u00e9 par un avocat, est condamn\u00e9 \u00e0 une peine de <strong>10\u00a0mois de prison avec sursis**<\/strong>. Il a l\u2019obligation de suivre des soins psychologiques, a interdiction d\u2019entrer en contact avec la victime et d\u2019exercer une activit\u00e9 en lien avec des mineurs. Il est aussi inscrit au fichier judiciaire automatis\u00e9 des auteurs d\u2019infractions sexuelles ou violentes (Fijais).<\/p>\n<p class=\" wall-content\">Il est \u00e9galement condamn\u00e9 \u00e0 payer une somme de 4\u2009000\u00a0euros de dommages et int\u00e9r\u00eats \u00e0 Margot, 800\u00a0euros \u00e0 sa m\u00e8re, et 400\u00a0euros au titre du pr\u00e9judice mat\u00e9riel.<\/p>\n<p class=\" wall-content\">*Les pr\u00e9noms ont \u00e9t\u00e9 modifi\u00e9s<\/p>\n<p class=\" wall-content\">** Cette peine est susceptible d\u2019appel. Toute personne est pr\u00e9sum\u00e9e innocente tant que toutes les voies de recours n\u2019ont pas \u00e9t\u00e9 \u00e9puis\u00e9es.<\/p>\n<p>Suivez l\u2019actualit\u00e9 de Rouen sur <a href=\"https:\/\/www.whatsapp.com\/channel\/0029VaKfnf99hXF2ddApFB1D\" rel=\"nofollow noopener\" target=\"_blank\">notre cha\u00eene WhatsApp<\/a> et sur <a href=\"https:\/\/www.tiktok.com\/@76actu.fr?lang=fr\" rel=\"nofollow noopener\" target=\"_blank\">notre compte TikTok<\/a><\/p>\n<p class=\" wall-content\">Suivez toute l\u2019actualit\u00e9 de vos villes et m\u00e9dias favoris en vous inscrivant \u00e0 <a href=\"https:\/\/moncompte.actu.fr\" title=\"D\u00e9couvez Mon Actu\" rel=\"nofollow noopener\" data-trk=\"{&quot;cta&quot;:{&quot;action&quot;:&quot;https:\\\/\\\/moncompte.actu.fr&quot;,&quot;category&quot;:&quot;mon compte&quot;,&quot;from&quot;:&quot;article footer&quot;,&quot;name&quot;:&quot;Mon actu&quot;,&quot;type&quot;:&quot;cta&quot;}}\" target=\"_blank\">Mon Actu<\/a>.<\/p>\n<ul class=\"ac-article-tag wall-content\">\n<li><a href=\"https:\/\/actu.fr\/tag\/justice\" data-trk=\"{&quot;cta&quot;:{&quot;action&quot;:&quot;Justice&quot;,&quot;category&quot;:&quot;tag&quot;,&quot;from&quot;:&quot;article footer&quot;,&quot;name&quot;:&quot;Justice&quot;,&quot;type&quot;:&quot;cta&quot;}}\" rel=\"nofollow noopener\" target=\"_blank\">#Justice<\/a><\/li>\n<li><a href=\"https:\/\/actu.fr\/tag\/tribunal-de-rouen\" data-trk=\"{&quot;cta&quot;:{&quot;action&quot;:&quot;Tribunal de Rouen&quot;,&quot;category&quot;:&quot;tag&quot;,&quot;from&quot;:&quot;article footer&quot;,&quot;name&quot;:&quot;Tribunal de Rouen&quot;,&quot;type&quot;:&quot;cta&quot;}}\" rel=\"nofollow noopener\" target=\"_blank\">#Tribunal de Rouen<\/a><\/li>\n<\/ul>\n<p>                    <script async src=\"\/\/www.tiktok.com\/embed.js\"><\/script><\/p>\n","protected":false},"excerpt":{"rendered":"Par Yann Rivallan Publi\u00e9 le 12 juin 2025 \u00e0 20h32 La voix chevrotante par moments, le teint p\u00e2le,&hellip;\n","protected":false},"author":2,"featured_media":171541,"comment_status":"","ping_status":"","sticky":false,"template":"","format":"standard","meta":{"footnotes":""},"categories":[9587],"tags":[1111,11,1777,674,1011,27,303,12,5161,25,9590,104,13682],"class_list":{"0":"post-171540","1":"post","2":"type-post","3":"status-publish","4":"format-standard","5":"has-post-thumbnail","7":"category-rouen","8":"tag-actu","9":"tag-actualites","10":"tag-eu","11":"tag-europe","12":"tag-fr","13":"tag-france","14":"tag-justice","15":"tag-news","16":"tag-normandie","17":"tag-republique-francaise","18":"tag-rouen","19":"tag-societe","20":"tag-tribunal-de-rouen"},"share_on_mastodon":{"url":"https:\/\/pubeurope.com\/@fr\/114672040899489957","error":""},"_links":{"self":[{"href":"https:\/\/www.europesays.com\/fr\/wp-json\/wp\/v2\/posts\/171540","targetHints":{"allow":["GET"]}}],"collection":[{"href":"https:\/\/www.europesays.com\/fr\/wp-json\/wp\/v2\/posts"}],"about":[{"href":"https:\/\/www.europesays.com\/fr\/wp-json\/wp\/v2\/types\/post"}],"author":[{"embeddable":true,"href":"https:\/\/www.europesays.com\/fr\/wp-json\/wp\/v2\/users\/2"}],"replies":[{"embeddable":true,"href":"https:\/\/www.europesays.com\/fr\/wp-json\/wp\/v2\/comments?post=171540"}],"version-history":[{"count":0,"href":"https:\/\/www.europesays.com\/fr\/wp-json\/wp\/v2\/posts\/171540\/revisions"}],"wp:featuredmedia":[{"embeddable":true,"href":"https:\/\/www.europesays.com\/fr\/wp-json\/wp\/v2\/media\/171541"}],"wp:attachment":[{"href":"https:\/\/www.europesays.com\/fr\/wp-json\/wp\/v2\/media?parent=171540"}],"wp:term":[{"taxonomy":"category","embeddable":true,"href":"https:\/\/www.europesays.com\/fr\/wp-json\/wp\/v2\/categories?post=171540"},{"taxonomy":"post_tag","embeddable":true,"href":"https:\/\/www.europesays.com\/fr\/wp-json\/wp\/v2\/tags?post=171540"}],"curies":[{"name":"wp","href":"https:\/\/api.w.org\/{rel}","templated":true}]}}