{"id":171552,"date":"2025-06-12T19:32:19","date_gmt":"2025-06-12T19:32:19","guid":{"rendered":"https:\/\/www.europesays.com\/fr\/171552\/"},"modified":"2025-06-12T19:32:19","modified_gmt":"2025-06-12T19:32:19","slug":"a-strasbourg-rencontre-avec-lasso-impossible-but-black","status":"publish","type":"post","link":"https:\/\/www.europesays.com\/fr\/171552\/","title":{"rendered":"\u00e0 Strasbourg, rencontre avec l\u2019asso \u00ab Impossible But Black \u00bb"},"content":{"rendered":"<p>    <img loading=\"lazy\" width=\"1800\" height=\"900\" src=\"https:\/\/www.europesays.com\/fr\/wp-content\/uploads\/2025\/04\/jeanne-callthepolice.jpg\" class=\"attachment-full size-full\" alt=\"\" id=\"imageLove\" decoding=\"async\"  \/><\/p>\n<p id=\"breadcrumbs\"><a href=\"https:\/\/pokaa.fr\/\" target=\"_blank\" rel=\"noopener\">Accueil<\/a> \/ <a href=\"https:\/\/pokaa.fr\/categories\/actu\/\" target=\"_blank\" rel=\"noopener\">Info locale<\/a> \/ <a href=\"https:\/\/pokaa.fr\/categories\/actu\/societe\/\" target=\"_blank\" rel=\"noopener\">Soci\u00e9t\u00e9<\/a> \/ C\u00e9l\u00e9brer les cultures noires : \u00e0 Strasbourg, rencontre avec l\u2019asso \u00ab Impossible But Black \u00bb<\/p>\n<p>                    Soci\u00e9t\u00e9<\/p>\n<p><strong>Depuis 2019, l\u2019association \u00ab Impossible But Black \u00bb multiplie les spectacles, les conf\u00e9rences et les expositions. L\u2019objectif : mettre en lumi\u00e8re la diversit\u00e9 et la richesse des cultures noires en Alsace, en donnant une voix et une visibilit\u00e9 aux artistes et aux cr\u00e9ateurs\/rices noir(e)s.<\/strong><\/p>\n<p style=\"font-weight: 400;\"><strong>\u00ab Impossible But Black \u00bb<\/strong>, \u00e7a vient de l\u2019id\u00e9e \u00ab\u202fque <strong>quand tu es noir, tu dois toujours travailler 10 fois plus pour avoir ne serait-ce qu\u2019un quart de ce qu\u2019ont les personnes blanches<\/strong>\u202f\u00bb, raconte Heaven, fondateur de l\u2019association. C\u2019est dans cet esprit de lutte et de d\u00e9termination qu\u2019est n\u00e9 ce collectif : <strong>redonner une place aux cultures noires et les faire rayonner.<\/strong><\/p>\n<p>    <img width=\"800\" height=\"600\" src=\"https:\/\/www.europesays.com\/fr\/wp-content\/uploads\/2025\/06\/img-4547-3-800x600.jpg\" class=\"attachment-image-size-L size-image-size-L\" alt=\"Impossible BUT Black\" decoding=\"async\" loading=\"lazy\"  \/>         \u00a9 SP\u00d8K VENTURA et Fanny Laubepin \/ Document remis <\/p>\n<p style=\"font-weight: 400;\">Depuis sa cr\u00e9ation, l\u2019association encha\u00eene les \u00e9v\u00e9nements pour sensibiliser le public et donner de la visibilit\u00e9 \u00e0 la cr\u00e9ativit\u00e9 noire. <strong>\u00ab\u202fPar rapport au fait d\u2019\u00eatre noir, qui est quand m\u00eame quelque chose qui freine beaucoup, on veut le transformer en force avec nos actions\u202f\u00bb<\/strong>, ajoute Heaven.<\/p>\n<p class=\"p1\">La communaut\u00e9 noire queer, les enjeux li\u00e9s au maquillage des peaux noires et bien d\u2019autres th\u00e9matiques sont ainsi mises en lumi\u00e8re et c\u00e9l\u00e9br\u00e9es par l\u2019association. Parmi les projets phares du collectif, le shooting photo <strong>BLACK : We Are Here and We Are Queer<\/strong>\u00a0incarne les revendications des personnes noires au sein de la communaut\u00e9 LGBTQIA+, en affirmant leur visibilit\u00e9 et leur fiert\u00e9.<\/p>\n<p>    <img width=\"800\" height=\"600\" src=\"https:\/\/www.europesays.com\/fr\/wp-content\/uploads\/2025\/06\/groupejpeg010-800x600.jpeg\" class=\"attachment-image-size-L size-image-size-L\" alt=\"Impossible BUT Black\" decoding=\"async\" loading=\"lazy\"  \/>         \u00a9 SP\u00d8K VENTURA et Fanny Laubepin \/ Document remis  <\/p>\n<p>Quand l&rsquo;art devient un acte militant<\/p>\n<p style=\"font-weight: 400;\">Au-del\u00e0 de la sensibilisation, le collectif porte aussi son militantisme \u00e0 travers des projets artistiques engag\u00e9s. <strong>Shootings photo, pr\u00e9sence \u00e0 la Marche des Visibilit\u00e9s de Strasbourg, stands lors de festivals queers\u2026<\/strong> <strong>\u00ab Impossible But Black \u00bb<\/strong> souhaite surtout \u00e9changer avec le public autour de ses combats.<\/p>\n<p style=\"font-weight: 400;\">En avril dernier, le collectif avait notamment organis\u00e9 un workshop : \u00ab Inclusivit\u00e9 black queer \u00bb, m\u00ealant ateliers d\u2019\u00e9criture, de nail art et de peinture. <strong>\u00ab C\u2019est hyper important de parler des personnes racis\u00e9es queer, parce que ce ne sont pas des combats individuels au sein de la lutte \u00bb<\/strong>, raconte Josiane, b\u00e9n\u00e9vole au p\u00f4le communication du collectif.<\/p>\n<p><strong>Cet \u00e9t\u00e9, l\u2019association va continuer de marquer la sc\u00e8ne culturelle strasbourgeoise.<\/strong> Elle sera au rendez-vous du <strong><a href=\"https:\/\/entendez-voir.fr\" target=\"_blank\" rel=\"noopener\">festival Entendez-voir<\/a>, les 27 et 28 juin<\/strong>, pour sensibiliser sur les luttes des cultures noires. Pour Heaven, il s\u2019agit aussi d\u2019insuffler une \u00e9nergie nouvelle : <strong>\u00ab On veut amener un vent de fraicheur dans ce paysage associatif strasbourgeois, on veut apporter une autre vision du monde. \u00bb<\/strong><\/p>\n<p>                <img width=\"750\" height=\"500\" src=\"https:\/\/www.europesays.com\/fr\/wp-content\/uploads\/2025\/06\/img-1714-750x500.jpeg\" class=\"attachment-gallery size-gallery\" alt=\"Impossible BUT Black\" data-full-url=\"https:\/\/pokaa.fr\/wp-content\/uploads\/2025\/06\/04\/img-1714-1500x1000.jpeg\" decoding=\"async\" loading=\"lazy\"  \/>            <\/p>\n<p>                <img width=\"667\" height=\"500\" src=\"https:\/\/www.europesays.com\/fr\/wp-content\/uploads\/2025\/06\/img-4546-667x500.jpg\" class=\"attachment-gallery size-gallery\" alt=\"Impossible BUT Black\" data-full-url=\"https:\/\/pokaa.fr\/wp-content\/uploads\/2025\/06\/04\/img-4546-1500x1125.jpg\" decoding=\"async\" loading=\"lazy\"  \/>            <\/p>\n<p>                    1. \u00a9 Jhesse &amp; Jeazzy \/ Document remis ; 2. \u00a9 Impossible But Black \/ Document remis<\/p>\n<p>Le collectif pr\u00e9voit notamment une collaboration avec la cr\u00e9atrice de contenus <strong><a href=\"https:\/\/www.instagram.com\/sibyllete\/\" target=\"_blank\" rel=\"noopener\">Sibyllete<\/a><\/strong>, \u00e9galement fondatrice de la marque <strong>BySibyllete\u202fBeauty<\/strong>, pr\u00e9sent\u00e9e comme une marque de cosm\u00e9tiques <b>inclusifs et ax\u00e9s sur la communaut\u00e9<\/b>, notamment pour valoriser la femme noire souvent oubli\u00e9e dans la beaut\u00e9.<\/p>\n<p> Elle s\u2019associe \u00e0<strong>\u00ab Impossible But Black \u00bb<\/strong> pour <strong>sensibiliser aux enjeux de repr\u00e9sentation, d\u2019accessibilit\u00e9 et de diversit\u00e9 des produits de maquillage. <\/strong><strong>\u00a0<\/strong><\/p>\n<p class=\"p1\">En parall\u00e8le, plusieurs shootings et conf\u00e9rences autour du maquillage des peaux noires sont en pr\u00e9paration pour la fin de l\u2019\u00e9t\u00e9. <strong>\u00ab Le combat doit passer par tous les aspects de la soci\u00e9t\u00e9 et toucher tout le monde \u00bb<\/strong>, ajoute Josiane.<\/p>\n<p>                <a href=\"https:\/\/pokaa.fr\/2025\/03\/08\/afriquelles-lasso-afro-alsacienne-qui-met-en-lumiere-les-femmes-entrepreneuses\/\" target=\"_blank\" rel=\"noopener\"><br \/>\n                    <img width=\"450\" height=\"270\" src=\"https:\/\/www.europesays.com\/fr\/wp-content\/uploads\/2025\/06\/250305-pka-afriquelles-6-450x270.jpg\" class=\"attachment-card-horizontal--same-subject size-card-horizontal--same-subject wp-post-image\" alt=\"\" decoding=\"async\" loading=\"lazy\"\/>                <\/a><\/p>\n<p style=\"text-align: center;\"><strong><a href=\"https:\/\/www.instagram.com\/impossiblebutblack\/\" target=\"_blank\" rel=\"noopener\">Suivre les actions de \u00ab Impossible But Black \u00bb <\/a><\/strong><\/p>\n<p><script async src=\"\/\/www.instagram.com\/embed.js\"><\/script><\/p>\n","protected":false},"excerpt":{"rendered":"Accueil \/ Info locale \/ Soci\u00e9t\u00e9 \/ C\u00e9l\u00e9brer les cultures noires : \u00e0 Strasbourg, rencontre avec l\u2019asso \u00ab&hellip;\n","protected":false},"author":2,"featured_media":171553,"comment_status":"","ping_status":"","sticky":false,"template":"","format":"standard","meta":{"footnotes":""},"categories":[2820],"tags":[1111,11,4077,30642,1777,674,1011,27,775,30643,12,25,640],"class_list":{"0":"post-171552","1":"post","2":"type-post","3":"status-publish","4":"format-standard","5":"has-post-thumbnail","7":"category-strasbourg","8":"tag-actu","9":"tag-actualites","10":"tag-association","11":"tag-cultures-noires","12":"tag-eu","13":"tag-europe","14":"tag-fr","15":"tag-france","16":"tag-grand-est","17":"tag-impossible-but-black","18":"tag-news","19":"tag-republique-francaise","20":"tag-strasbourg"},"share_on_mastodon":{"url":"https:\/\/pubeurope.com\/@fr\/114672064884240483","error":""},"_links":{"self":[{"href":"https:\/\/www.europesays.com\/fr\/wp-json\/wp\/v2\/posts\/171552","targetHints":{"allow":["GET"]}}],"collection":[{"href":"https:\/\/www.europesays.com\/fr\/wp-json\/wp\/v2\/posts"}],"about":[{"href":"https:\/\/www.europesays.com\/fr\/wp-json\/wp\/v2\/types\/post"}],"author":[{"embeddable":true,"href":"https:\/\/www.europesays.com\/fr\/wp-json\/wp\/v2\/users\/2"}],"replies":[{"embeddable":true,"href":"https:\/\/www.europesays.com\/fr\/wp-json\/wp\/v2\/comments?post=171552"}],"version-history":[{"count":0,"href":"https:\/\/www.europesays.com\/fr\/wp-json\/wp\/v2\/posts\/171552\/revisions"}],"wp:featuredmedia":[{"embeddable":true,"href":"https:\/\/www.europesays.com\/fr\/wp-json\/wp\/v2\/media\/171553"}],"wp:attachment":[{"href":"https:\/\/www.europesays.com\/fr\/wp-json\/wp\/v2\/media?parent=171552"}],"wp:term":[{"taxonomy":"category","embeddable":true,"href":"https:\/\/www.europesays.com\/fr\/wp-json\/wp\/v2\/categories?post=171552"},{"taxonomy":"post_tag","embeddable":true,"href":"https:\/\/www.europesays.com\/fr\/wp-json\/wp\/v2\/tags?post=171552"}],"curies":[{"name":"wp","href":"https:\/\/api.w.org\/{rel}","templated":true}]}}