{"id":171560,"date":"2025-06-12T19:36:27","date_gmt":"2025-06-12T19:36:27","guid":{"rendered":"https:\/\/www.europesays.com\/fr\/171560\/"},"modified":"2025-06-12T19:36:27","modified_gmt":"2025-06-12T19:36:27","slug":"tresor-disparu-a-nantes-et-retrouve-en-espagne-les-explications-du-ministere-de-la","status":"publish","type":"post","link":"https:\/\/www.europesays.com\/fr\/171560\/","title":{"rendered":"\u00ab\u00a0Tr\u00e9sor\u00a0\u00bb disparu \u00e0 Nantes et retrouv\u00e9 en Espagne\u00a0: les explications du minist\u00e8re de la"},"content":{"rendered":"<tr wp_automatic_readability=\"5.8909090909091\">\n<td valign=\"middle\" align=\"center\" class=\"col-logo\" wp_automatic_readability=\"5\">\n    <img decoding=\"async\" src=\"https:\/\/maville.com\/design\/images\/logo-of-monetise.svg?version=20130627\" alt=\"logo Ouest-France\" height=\"66\"\/><\/p>\n<p>Contenu r\u00e9serv\u00e9 aux abonn\u00e9s<\/p>\n<\/td>\n<td class=\"col-titre\">\n\t\t\tJeudi 12 juin 2025 17:45<br \/>\n\t\t\t<a class=\"icon-bulle sizeL count\" href=\"#ancreAvis\"><br \/>\n\t&#8230;<br \/>\n<\/a><\/td>\n<\/tr>\n<p>\t\t<a class=\"mavillebox2 elmt-photo\" href=\"https:\/\/maville.com\/photosmvi\/2025\/06\/12\/P35286596D6850741G.jpg\" title=\" En mai\u00a02010, les r\u00e9pliques en bronze des anges musiciens ont \u00e9t\u00e9 install\u00e9es sur la basilique Saint-Nicolas de Nantes.  \u00a9  ARCHIVES FRANCK DUBRAY \/ OUEST FRANCE  &lt;!--TAG-BLC credit--&gt;\" rel=\"galerie_actu nofollow noopener\" target=\"_blank\"><br \/>\n\t<img decoding=\"async\" src=\"https:\/\/www.europesays.com\/fr\/wp-content\/uploads\/2025\/06\/P35286596D6850741G_crop_640-330_.jpg\" alt=\"photo  en mai\u00a02010, les r\u00e9pliques en bronze des anges musiciens ont \u00e9t\u00e9 install\u00e9es sur la basilique saint-nicolas de nantes.  \u00a9  archives franck dubray \/ ouest france \"\/><br \/>\n\t1<br \/>\n<\/a><\/p>\n<p class=\"elmt-legende\"> En mai\u00a02010, les r\u00e9pliques en bronze des anges musiciens ont \u00e9t\u00e9 install\u00e9es sur la basilique Saint-Nicolas de Nantes.  \u00a9  ARCHIVES FRANCK DUBRAY \/ OUEST FRANCE  <\/p>\n<p>\t\tDes sculptures originales d\u2019anges musiciens appartenant \u00e0 la Ville de Nantes, qui ont tr\u00f4n\u00e9 pendant 140\u00a0ans sur le clocher de la basilique Saint-Nicolas, ont \u00e9t\u00e9 dispers\u00e9es sur le march\u00e9 de l\u2019art. Le minist\u00e8re de la Culture annonce, ce jeudi 12\u00a0juin, avoir port\u00e9 plainte pour \u00ab\u00a0exportation ill\u00e9gale d\u2019un tr\u00e9sor national\u00a0\u00bb en raison de la pr\u00e9sence d\u2019une de ces \u0153uvres \u00e0 Madrid.<\/p>\n<p><b>Cet article est r\u00e9serv\u00e9 aux abonn\u00e9s<\/b><\/p>\n<p>Pour un acc\u00e8s imm\u00e9diat, abonnez-vous<\/p>\n<p><b>1\u00e8re semaine offerte<\/b><\/p>\n<p>\t\t Thibaud GRASLAND. \u00a0\u00a0<br \/>\n\t\tOuest-France<\/p>\n<p>Retrouvez d&rsquo;autres actus sur les communes de :<\/p>\n<p>\t\t&#13;<\/p>\n","protected":false},"excerpt":{"rendered":"Contenu r\u00e9serv\u00e9 aux abonn\u00e9s Jeudi 12 juin 2025 17:45 &#8230; 1 En mai\u00a02010, les r\u00e9pliques en bronze des&hellip;\n","protected":false},"author":2,"featured_media":171561,"comment_status":"","ping_status":"","sticky":false,"template":"","format":"standard","meta":{"footnotes":""},"categories":[2818],"tags":[1111,11,251,5796,123,1777,674,2871,1011,27,17953,766,12,2636,25,4256,7785],"class_list":{"0":"post-171560","1":"post","2":"type-post","3":"status-publish","4":"format-standard","5":"has-post-thumbnail","7":"category-nantes","8":"tag-actu","9":"tag-actualites","10":"tag-culture","11":"tag-disparu","12":"tag-espagne","13":"tag-eu","14":"tag-europe","15":"tag-explications","16":"tag-fr","17":"tag-france","18":"tag-ministere","19":"tag-nantes","20":"tag-news","21":"tag-pays-de-la-loire","22":"tag-republique-francaise","23":"tag-retrouve","24":"tag-tresor"},"share_on_mastodon":{"url":"https:\/\/pubeurope.com\/@fr\/114672080373152421","error":""},"_links":{"self":[{"href":"https:\/\/www.europesays.com\/fr\/wp-json\/wp\/v2\/posts\/171560","targetHints":{"allow":["GET"]}}],"collection":[{"href":"https:\/\/www.europesays.com\/fr\/wp-json\/wp\/v2\/posts"}],"about":[{"href":"https:\/\/www.europesays.com\/fr\/wp-json\/wp\/v2\/types\/post"}],"author":[{"embeddable":true,"href":"https:\/\/www.europesays.com\/fr\/wp-json\/wp\/v2\/users\/2"}],"replies":[{"embeddable":true,"href":"https:\/\/www.europesays.com\/fr\/wp-json\/wp\/v2\/comments?post=171560"}],"version-history":[{"count":0,"href":"https:\/\/www.europesays.com\/fr\/wp-json\/wp\/v2\/posts\/171560\/revisions"}],"wp:featuredmedia":[{"embeddable":true,"href":"https:\/\/www.europesays.com\/fr\/wp-json\/wp\/v2\/media\/171561"}],"wp:attachment":[{"href":"https:\/\/www.europesays.com\/fr\/wp-json\/wp\/v2\/media?parent=171560"}],"wp:term":[{"taxonomy":"category","embeddable":true,"href":"https:\/\/www.europesays.com\/fr\/wp-json\/wp\/v2\/categories?post=171560"},{"taxonomy":"post_tag","embeddable":true,"href":"https:\/\/www.europesays.com\/fr\/wp-json\/wp\/v2\/tags?post=171560"}],"curies":[{"name":"wp","href":"https:\/\/api.w.org\/{rel}","templated":true}]}}