{"id":171566,"date":"2025-06-12T19:39:09","date_gmt":"2025-06-12T19:39:09","guid":{"rendered":"https:\/\/www.europesays.com\/fr\/171566\/"},"modified":"2025-06-12T19:39:09","modified_gmt":"2025-06-12T19:39:09","slug":"ce-quil-sest-passe-pres-de-toulouse","status":"publish","type":"post","link":"https:\/\/www.europesays.com\/fr\/171566\/","title":{"rendered":"ce qu&rsquo;il s&rsquo;est pass\u00e9 pr\u00e8s de Toulouse"},"content":{"rendered":"<p>            Par<br \/>\n        <strong><br \/>\n            <a href=\"https:\/\/actu.fr\/auteur\/david-saint-sernin\" title=\"Consulter tous les articles de David Saint-Sernin\" rel=\"nofollow noopener\" target=\"_blank\">David Saint-Sernin<\/a><br \/>\n        <\/strong><\/p>\n<p>        Publi\u00e9 le<\/p>\n<p>            12 juin 2025 \u00e0 18h54        <\/p>\n<p>Jeudi 12\u00a0juin 2025, la vente d\u2019un v\u00e9hicule a mal tourn\u00e9 <strong>pr\u00e8s de Toulouse.<\/strong><\/p>\n<p class=\" wall-content\">Il \u00e9tait environ 16h quand deux hommes se sont retrouv\u00e9s sur le parking du centre commercial de <a href=\"https:\/\/actu.fr\/occitanie\/montrabe_31389\" rel=\"nofollow noopener\" target=\"_blank\">Montrab\u00e9 (Haute-Garonne)<\/a>, pr\u00e8s de Toulouse. Ils avaient rendez-vous dans le cadre de la vente d\u2019une voiture entre particuliers.<\/p>\n<p class=\" wall-content\">Sauf que le rendez-vous a d\u00e9rap\u00e9\u2026<\/p>\n<p>L\u2019acheteur sort un couteau et menace le vendeur<\/p>\n<p class=\" wall-content\">L\u2019acheteur a, en effet, menac\u00e9 le propri\u00e9taire du v\u00e9hicule avec un couteau. Il s\u2019est empar\u00e9 du v\u00e9hicule et a pris la fuite.<\/p>\n<p class=\" wall-content\">\u00ab\u2009Aucun coup de couteau n\u2019a \u00e9t\u00e9 port\u00e9. Le vendeur du v\u00e9hicule n\u2019est heureusement pas bless\u00e9\u2009\u00bb, rapportent les gendarmes de Haute-Garonne \u00e0 Actu Toulouse.<\/p>\n<p>L\u2019agresseur toujours en fuite<\/p>\n<p class=\" wall-content\">Tout est visiblement all\u00e9 tr\u00e8s vite. Les gendarmes sont venus place. Une enqu\u00eate a \u00e9t\u00e9 ouverte et confi\u00e9e aux brigades de Balma et de Toulouse Saint-Michel.<\/p>\n<p>Vid\u00e9os : en ce moment sur Actu<\/p>\n<p class=\" wall-content\">En cette fin de journ\u00e9e, l\u2019agresseur \u00e9tait toujours en fuite.<\/p>\n<p>    <a href=\"https:\/\/www.google.com\/maps\/embed?pb=!1m18!1m12!1m3!1d106772.40308677239!2d1.363751668710175!3d43.62773627936602!2m3!1f0!2f0!3f0!3m2!1i1024!2i768!4f13.1!3m3!1m2!1s0x12ae9812f7dddab9%3A0xc28b18fa7f043197!2sSuper%20U%20et%20Drive!5e0!3m2!1sfr!2sfr!4v1749747175553!5m2!1sfr!2sfr\" title=\"Ouvrie le lien\" rel=\"nofollow noopener\" target=\"_blank\">Cliquez ici pour visualiser le contenu<\/a><\/p>\n<p class=\" wall-content\">Suivez toute l\u2019actualit\u00e9 de vos villes et m\u00e9dias favoris en vous inscrivant \u00e0 <a href=\"https:\/\/moncompte.actu.fr\" title=\"D\u00e9couvez Mon Actu\" rel=\"nofollow noopener\" data-trk=\"{&quot;cta&quot;:{&quot;action&quot;:&quot;https:\\\/\\\/moncompte.actu.fr&quot;,&quot;category&quot;:&quot;mon compte&quot;,&quot;from&quot;:&quot;article footer&quot;,&quot;name&quot;:&quot;Mon actu&quot;,&quot;type&quot;:&quot;cta&quot;}}\" target=\"_blank\">Mon Actu<\/a>.<\/p>\n","protected":false},"excerpt":{"rendered":"Par David Saint-Sernin Publi\u00e9 le 12 juin 2025 \u00e0 18h54 Jeudi 12\u00a0juin 2025, la vente d\u2019un v\u00e9hicule a&hellip;\n","protected":false},"author":2,"featured_media":171567,"comment_status":"","ping_status":"","sticky":false,"template":"","format":"standard","meta":{"footnotes":""},"categories":[2816],"tags":[1111,11,1777,674,118,1011,27,3381,12,2680,25,2312],"class_list":{"0":"post-171566","1":"post","2":"type-post","3":"status-publish","4":"format-standard","5":"has-post-thumbnail","7":"category-toulouse","8":"tag-actu","9":"tag-actualites","10":"tag-eu","11":"tag-europe","12":"tag-faits-divers","13":"tag-fr","14":"tag-france","15":"tag-gendarmerie","16":"tag-news","17":"tag-occitanie","18":"tag-republique-francaise","19":"tag-toulouse"},"share_on_mastodon":{"url":"https:\/\/pubeurope.com\/@fr\/114672092250635750","error":""},"_links":{"self":[{"href":"https:\/\/www.europesays.com\/fr\/wp-json\/wp\/v2\/posts\/171566","targetHints":{"allow":["GET"]}}],"collection":[{"href":"https:\/\/www.europesays.com\/fr\/wp-json\/wp\/v2\/posts"}],"about":[{"href":"https:\/\/www.europesays.com\/fr\/wp-json\/wp\/v2\/types\/post"}],"author":[{"embeddable":true,"href":"https:\/\/www.europesays.com\/fr\/wp-json\/wp\/v2\/users\/2"}],"replies":[{"embeddable":true,"href":"https:\/\/www.europesays.com\/fr\/wp-json\/wp\/v2\/comments?post=171566"}],"version-history":[{"count":0,"href":"https:\/\/www.europesays.com\/fr\/wp-json\/wp\/v2\/posts\/171566\/revisions"}],"wp:featuredmedia":[{"embeddable":true,"href":"https:\/\/www.europesays.com\/fr\/wp-json\/wp\/v2\/media\/171567"}],"wp:attachment":[{"href":"https:\/\/www.europesays.com\/fr\/wp-json\/wp\/v2\/media?parent=171566"}],"wp:term":[{"taxonomy":"category","embeddable":true,"href":"https:\/\/www.europesays.com\/fr\/wp-json\/wp\/v2\/categories?post=171566"},{"taxonomy":"post_tag","embeddable":true,"href":"https:\/\/www.europesays.com\/fr\/wp-json\/wp\/v2\/tags?post=171566"}],"curies":[{"name":"wp","href":"https:\/\/api.w.org\/{rel}","templated":true}]}}