{"id":171577,"date":"2025-06-12T19:45:12","date_gmt":"2025-06-12T19:45:12","guid":{"rendered":"https:\/\/www.europesays.com\/fr\/171577\/"},"modified":"2025-06-12T19:45:12","modified_gmt":"2025-06-12T19:45:12","slug":"lyon-1er-arrondissement-saint-tropez-avec-ses-galets-sexpose-rue-du-platre","status":"publish","type":"post","link":"https:\/\/www.europesays.com\/fr\/171577\/","title":{"rendered":"Lyon 1er Arrondissement. Saint-Tropez avec ses galets s\u2019expose rue du Pl\u00e2tre"},"content":{"rendered":"<p>Fort de 30 ans consacr\u00e9s notamment au monde de la joaillerie, Christophe Desservetaz vient d\u2019ouvrir\u00a0Rivage Saint-Tropez, avec Alexis Chevallier qui a aussi \u0153uvr\u00e9 chez Van Cleef &amp; Arpels. Inspir\u00e9s dans la cit\u00e9 varoise par les galets de la Ponche, ils les d\u00e9clinent en cha\u00eenes, colliers, bracelets et boucles d\u2019oreilles. Cr\u00e9\u00e9s et fabriqu\u00e9s dans leurs ateliers lyonnais, ces galets entendent refl\u00e9ter la magie trop\u00e9zienne.<\/p>\n<p class=\"note\">Pour tout savoir sur cette enseigne du 7, rue du Pl\u00e2tre\u00a0: www.rivagesainttropezjoaillerie.com<\/p>\n","protected":false},"excerpt":{"rendered":"Fort de 30 ans consacr\u00e9s notamment au monde de la joaillerie, Christophe Desservetaz vient d\u2019ouvrir\u00a0Rivage Saint-Tropez, avec Alexis&hellip;\n","protected":false},"author":2,"featured_media":171578,"comment_status":"","ping_status":"","sticky":false,"template":"","format":"standard","meta":{"footnotes":""},"categories":[1889],"tags":[1111,11,2430,4406,33,2757,1777,674,1011,27,2428,7789,2801,12,25],"class_list":{"0":"post-171577","1":"post","2":"type-post","3":"status-publish","4":"format-standard","5":"has-post-thumbnail","7":"category-lyon","8":"tag-actu","9":"tag-actualites","10":"tag-auvergne-rhone-alpes","11":"tag-commerce-et-services","12":"tag-economie","13":"tag-edition-lyon-villeurbanne","14":"tag-eu","15":"tag-europe","16":"tag-fr","17":"tag-france","18":"tag-lyon","19":"tag-lyon-1er","20":"tag-lyon-1er-arrondissement","21":"tag-news","22":"tag-republique-francaise"},"share_on_mastodon":{"url":"https:\/\/pubeurope.com\/@fr\/114672115643415636","error":""},"_links":{"self":[{"href":"https:\/\/www.europesays.com\/fr\/wp-json\/wp\/v2\/posts\/171577","targetHints":{"allow":["GET"]}}],"collection":[{"href":"https:\/\/www.europesays.com\/fr\/wp-json\/wp\/v2\/posts"}],"about":[{"href":"https:\/\/www.europesays.com\/fr\/wp-json\/wp\/v2\/types\/post"}],"author":[{"embeddable":true,"href":"https:\/\/www.europesays.com\/fr\/wp-json\/wp\/v2\/users\/2"}],"replies":[{"embeddable":true,"href":"https:\/\/www.europesays.com\/fr\/wp-json\/wp\/v2\/comments?post=171577"}],"version-history":[{"count":0,"href":"https:\/\/www.europesays.com\/fr\/wp-json\/wp\/v2\/posts\/171577\/revisions"}],"wp:featuredmedia":[{"embeddable":true,"href":"https:\/\/www.europesays.com\/fr\/wp-json\/wp\/v2\/media\/171578"}],"wp:attachment":[{"href":"https:\/\/www.europesays.com\/fr\/wp-json\/wp\/v2\/media?parent=171577"}],"wp:term":[{"taxonomy":"category","embeddable":true,"href":"https:\/\/www.europesays.com\/fr\/wp-json\/wp\/v2\/categories?post=171577"},{"taxonomy":"post_tag","embeddable":true,"href":"https:\/\/www.europesays.com\/fr\/wp-json\/wp\/v2\/tags?post=171577"}],"curies":[{"name":"wp","href":"https:\/\/api.w.org\/{rel}","templated":true}]}}