{"id":171579,"date":"2025-06-12T19:46:13","date_gmt":"2025-06-12T19:46:13","guid":{"rendered":"https:\/\/www.europesays.com\/fr\/171579\/"},"modified":"2025-06-12T19:46:13","modified_gmt":"2025-06-12T19:46:13","slug":"lyon-en-manque-de-medecins-les-urgences-de-saint-joseph-saint-luc-sont-regulees","status":"publish","type":"post","link":"https:\/\/www.europesays.com\/fr\/171579\/","title":{"rendered":"Lyon. En manque de m\u00e9decins, les urgences de Saint Joseph Saint Luc sont r\u00e9gul\u00e9es"},"content":{"rendered":"<p>Selon le syndicat Samu Urgences de France, il manque 30\u00a0% de m\u00e9decins urgentistes sur le territoire. C\u2019est pr\u00e9cis\u00e9ment le pourcentage de postes vacants au service des urgences de l\u2019h\u00f4pital Saint Joseph Saint Luc.<\/p>\n<p>Cinq postes vacants<\/p>\n<p>Alors que le nombre de passages fr\u00f4le les 40\u00a0000 par an, 17 postes \u00e9quivalents temps plein (ETP) de m\u00e9decins &#8211; urgentistes et g\u00e9n\u00e9ralistes &#8211; sont n\u00e9cessaires pour assurer un fonctionnement \u00ab\u00a0optimal\u00a0\u00bb, 24 heures\/24, 7 jours\/7. Or, 5 ETP de m\u00e9decins sont actuellement vacants, indique la direction de l\u2019\u00e9tablissement.<\/p>\n<p>Par cons\u00e9quent, comme d\u2019autres&#8230;<\/p>\n","protected":false},"excerpt":{"rendered":"Selon le syndicat Samu Urgences de France, il manque 30\u00a0% de m\u00e9decins urgentistes sur le territoire. C\u2019est pr\u00e9cis\u00e9ment&hellip;\n","protected":false},"author":2,"featured_media":171580,"comment_status":"","ping_status":"","sticky":false,"template":"","format":"standard","meta":{"footnotes":""},"categories":[1889],"tags":[1111,11,2430,2757,1777,674,107,1011,27,2428,2756,12,25,2429,71],"class_list":{"0":"post-171579","1":"post","2":"type-post","3":"status-publish","4":"format-standard","5":"has-post-thumbnail","7":"category-lyon","8":"tag-actu","9":"tag-actualites","10":"tag-auvergne-rhone-alpes","11":"tag-edition-lyon-villeurbanne","12":"tag-eu","13":"tag-europe","14":"tag-fil-info","15":"tag-fr","16":"tag-france","17":"tag-lyon","18":"tag-lyon-bassin","19":"tag-news","20":"tag-republique-francaise","21":"tag-rhone","22":"tag-sante"},"share_on_mastodon":{"url":"https:\/\/pubeurope.com\/@fr\/114672119527313549","error":""},"_links":{"self":[{"href":"https:\/\/www.europesays.com\/fr\/wp-json\/wp\/v2\/posts\/171579","targetHints":{"allow":["GET"]}}],"collection":[{"href":"https:\/\/www.europesays.com\/fr\/wp-json\/wp\/v2\/posts"}],"about":[{"href":"https:\/\/www.europesays.com\/fr\/wp-json\/wp\/v2\/types\/post"}],"author":[{"embeddable":true,"href":"https:\/\/www.europesays.com\/fr\/wp-json\/wp\/v2\/users\/2"}],"replies":[{"embeddable":true,"href":"https:\/\/www.europesays.com\/fr\/wp-json\/wp\/v2\/comments?post=171579"}],"version-history":[{"count":0,"href":"https:\/\/www.europesays.com\/fr\/wp-json\/wp\/v2\/posts\/171579\/revisions"}],"wp:featuredmedia":[{"embeddable":true,"href":"https:\/\/www.europesays.com\/fr\/wp-json\/wp\/v2\/media\/171580"}],"wp:attachment":[{"href":"https:\/\/www.europesays.com\/fr\/wp-json\/wp\/v2\/media?parent=171579"}],"wp:term":[{"taxonomy":"category","embeddable":true,"href":"https:\/\/www.europesays.com\/fr\/wp-json\/wp\/v2\/categories?post=171579"},{"taxonomy":"post_tag","embeddable":true,"href":"https:\/\/www.europesays.com\/fr\/wp-json\/wp\/v2\/tags?post=171579"}],"curies":[{"name":"wp","href":"https:\/\/api.w.org\/{rel}","templated":true}]}}