{"id":171583,"date":"2025-06-12T19:48:13","date_gmt":"2025-06-12T19:48:13","guid":{"rendered":"https:\/\/www.europesays.com\/fr\/171583\/"},"modified":"2025-06-12T19:48:13","modified_gmt":"2025-06-12T19:48:13","slug":"ile-de-france-les-bacheliers-les-plus-meritants-toucheront-1-000-euros","status":"publish","type":"post","link":"https:\/\/www.europesays.com\/fr\/171583\/","title":{"rendered":"\u00cele-de-France\u00a0: les bacheliers les plus m\u00e9ritants toucheront 1.000 euros"},"content":{"rendered":"\n<p lang=\"fr-FR\" style=\"margin-bottom: 0cm; font-style: normal; text-decoration: none;\">Juste avant de d\u00e9buter ses \u00e9tudes, cette somme peut en aider plus d&rsquo;un. C&rsquo;est ce que propose le conseil r\u00e9gional aux bacheliers, mais attention\u00a0! Il faut d\u00e9j\u00e0 obtenir la mention \u00ab\u00a0tr\u00e8s bien\u00a0\u00bb au fameux examen, mais pas seulement. Les b\u00e9n\u00e9ficiaires de ce coup de pouce doivent \u00eatre inscrits dans un \u00e9tablissement francilien l&rsquo;ann\u00e9e en cours, \u00eatre boursiers mais aussi habiter en \u00cele-de-France. Il n&rsquo;y a aucune d\u00e9marche \u00e0 faire, l&rsquo;argent est vers\u00e9 directement sur le compte de l&rsquo;\u00e9tudiant.<\/p>\n<p lang=\"fr-FR\" style=\"margin-bottom: 0cm; font-style: normal; text-decoration: none;\">\u00a0<\/p>\n<p lang=\"fr-FR\" style=\"margin-bottom: 0cm; text-decoration: none;\">Nicolas Chacun<\/p>\n<p>!function(f,b,e,v,n,t,s){if(f.fbq)return;n=f.fbq=function(){n.callMethod?<br \/>\nn.callMethod.apply(n,arguments):n.queue.push(arguments)};if(!f._fbq)f._fbq=n;<br \/>\nn.push=n;n.loaded=!0;n.version=&rsquo;2.0&prime;;n.queue=[];t=b.createElement(e);t.async=!0;<br \/>\nt.src=v;s=b.getElementsByTagName(e)[0];s.parentNode.insertBefore(t,s)}(window,<br \/>\ndocument,&rsquo;script&rsquo;,&rsquo;https:\/\/connect.facebook.net\/en_US\/fbevents.js&rsquo;);<br \/>\nfbq(&lsquo;init&rsquo;, &lsquo;278974969201861&rsquo;); \/\/ Insert your pixel ID here.<br \/>\nfbq(&lsquo;track&rsquo;, &lsquo;PageView&rsquo;);<\/p>\n","protected":false},"excerpt":{"rendered":"Juste avant de d\u00e9buter ses \u00e9tudes, cette somme peut en aider plus d&rsquo;un. C&rsquo;est ce que propose le&hellip;\n","protected":false},"author":2,"featured_media":171584,"comment_status":"","ping_status":"","sticky":false,"template":"","format":"standard","meta":{"footnotes":""},"categories":[1592],"tags":[1111,11,1933,1936,1777,1939,674,1011,27,662,1934,12,1940,626,1935,25,1937,1941,1938],"class_list":{"0":"post-171583","1":"post","2":"type-post","3":"status-publish","4":"format-standard","5":"has-post-thumbnail","7":"category-ile-de-france","8":"tag-actu","9":"tag-actualites","10":"tag-actualites-locales","11":"tag-essonne","12":"tag-eu","13":"tag-eure-et-loir","14":"tag-europe","15":"tag-fr","16":"tag-france","17":"tag-ile-de-france","18":"tag-infos-locales","19":"tag-news","20":"tag-oise","21":"tag-paris","22":"tag-pres-de-chez-vous","23":"tag-republique-francaise","24":"tag-seine-et-marne","25":"tag-somme","26":"tag-yvelines"},"share_on_mastodon":{"url":"https:\/\/pubeurope.com\/@fr\/114672127582855447","error":""},"_links":{"self":[{"href":"https:\/\/www.europesays.com\/fr\/wp-json\/wp\/v2\/posts\/171583","targetHints":{"allow":["GET"]}}],"collection":[{"href":"https:\/\/www.europesays.com\/fr\/wp-json\/wp\/v2\/posts"}],"about":[{"href":"https:\/\/www.europesays.com\/fr\/wp-json\/wp\/v2\/types\/post"}],"author":[{"embeddable":true,"href":"https:\/\/www.europesays.com\/fr\/wp-json\/wp\/v2\/users\/2"}],"replies":[{"embeddable":true,"href":"https:\/\/www.europesays.com\/fr\/wp-json\/wp\/v2\/comments?post=171583"}],"version-history":[{"count":0,"href":"https:\/\/www.europesays.com\/fr\/wp-json\/wp\/v2\/posts\/171583\/revisions"}],"wp:featuredmedia":[{"embeddable":true,"href":"https:\/\/www.europesays.com\/fr\/wp-json\/wp\/v2\/media\/171584"}],"wp:attachment":[{"href":"https:\/\/www.europesays.com\/fr\/wp-json\/wp\/v2\/media?parent=171583"}],"wp:term":[{"taxonomy":"category","embeddable":true,"href":"https:\/\/www.europesays.com\/fr\/wp-json\/wp\/v2\/categories?post=171583"},{"taxonomy":"post_tag","embeddable":true,"href":"https:\/\/www.europesays.com\/fr\/wp-json\/wp\/v2\/tags?post=171583"}],"curies":[{"name":"wp","href":"https:\/\/api.w.org\/{rel}","templated":true}]}}