{"id":171585,"date":"2025-06-12T19:49:09","date_gmt":"2025-06-12T19:49:09","guid":{"rendered":"https:\/\/www.europesays.com\/fr\/171585\/"},"modified":"2025-06-12T19:49:09","modified_gmt":"2025-06-12T19:49:09","slug":"la-circulation-interrompue-sur-plusieurs-transiliens","status":"publish","type":"post","link":"https:\/\/www.europesays.com\/fr\/171585\/","title":{"rendered":"la circulation interrompue sur plusieurs Transiliens"},"content":{"rendered":"<p>            Par<br \/>\n        <strong><br \/>\n            <a href=\"https:\/\/actu.fr\/auteur\/hugo-hancewicz\" title=\"Consulter tous les articles de Hugo Hancewicz\" target=\"_blank\" rel=\"noopener\">Hugo Hancewicz<\/a><br \/>\n        <\/strong><\/p>\n<p>        Publi\u00e9 le<\/p>\n<p>            12 juin 2025 \u00e0 20h03<br \/>\n        ; mis \u00e0 jour le 12 juin 2025 \u00e0 20h05    <\/p>\n<p>Les usagers du <a href=\"https:\/\/actu.fr\/tag\/transilien\" target=\"_blank\" rel=\"noopener\">Transilien<\/a> vont devoir s\u2019armer de patience. Ce jeudi 12 juin 2025 en fin de journ\u00e9e, une alerte de s\u00e9curit\u00e9 a provoqu\u00e9 une interruption majeure du trafic \u00e0 la <a href=\"https:\/\/actu.fr\/tag\/gare-saint-lazare\" target=\"_blank\" rel=\"noopener\">gare Saint-Lazare<\/a> (8e). <strong>Un conducteur a donn\u00e9 l\u2019alerte<\/strong> alors qu\u2019il se trouvait \u00e0 quai, entra\u00eenant l\u2019arr\u00eat de la circulation des trains sur la ligne L, entre <a href=\"https:\/\/actu.fr\/tag\/la-defense\" target=\"_blank\" rel=\"noopener\">La D\u00e9fense<\/a> et <a href=\"https:\/\/actu.fr\/paris\/\" target=\"_blank\" rel=\"noopener\">Paris<\/a>, dans les deux sens, ainsi qu\u2019entre <a href=\"https:\/\/actu.fr\/ile-de-france\/saint-cloud_92064\" target=\"_blank\" rel=\"noopener\">Saint-Cloud<\/a> et Saint-Lazare. <strong>La ligne J a \u00e9galement \u00e9t\u00e9 affect\u00e9e<\/strong>.<\/p>\n<p>La faute \u00e0 une cigarette \u00e9lectronique ?<\/p>\n<p class=\" wall-content\">Sur les r\u00e9seaux sociaux, plusieurs t\u00e9moignages font \u00e9tat de <strong>\u00ab l\u2019explosion d\u2019une cigarette \u00e9lectronique \u00bb<\/strong>. Si cette hypoth\u00e8se circule largement, la <a href=\"https:\/\/actu.fr\/tag\/sncf\" target=\"_blank\" rel=\"noopener\">SNCF<\/a> n\u2019a pour l\u2019instant pas confirm\u00e9 cette version des faits, et n\u2019a pas r\u00e9pondu \u00e0 nos sollicitations.<\/p>\n<p class=\" wall-content\">Les voyageurs vont donc devoir prendre leur mal en patience. <strong>\u00ab\u00a0C\u2019est Destination Finale \u00e0 Saint Lazare ?\u00a0\u00bb<\/strong>, ironise un internaute sur X.<\/p>\n<p class=\" wall-content\">\n<p class=\" wall-content\">Sur X, le compte officiel de la ligne L a annonc\u00e9 <strong>une reprise du trafic pr\u00e9vue \u00e0 21 heures<\/strong>. Une estimation d\u00e9j\u00e0 repouss\u00e9e une premi\u00e8re fois, donc mieux vaut rester prudent. Pour les voyageurs coinc\u00e9s en gare ou en qu\u00eate d\u2019un plan B, la soir\u00e9e risque d\u2019\u00eatre un peu plus longue que pr\u00e9vu.<\/p>\n<p>Un surincident sur la ligne<\/p>\n<p class=\" wall-content\">La SNCF indique qu\u2019un \u00ab\u00a0accident de personne est survenu \u00e0 B\u00e9con, occasionnant un surincident sur la ligne\u00a0\u00bb.<\/p>\n<p>Vid\u00e9os : en ce moment sur Actu<\/p>\n<p class=\" wall-content\">Plus d\u2019informations \u00e0 venir\u2026<\/p>\n<p class=\" wall-content\">Suivez toute l\u2019actualit\u00e9 de vos villes et m\u00e9dias favoris en vous inscrivant \u00e0 <a href=\"https:\/\/moncompte.actu.fr\" title=\"D\u00e9couvez Mon Actu\" rel=\"nofollow noopener\" data-trk=\"{&quot;cta&quot;:{&quot;action&quot;:&quot;https:\\\/\\\/moncompte.actu.fr&quot;,&quot;category&quot;:&quot;mon compte&quot;,&quot;from&quot;:&quot;article footer&quot;,&quot;name&quot;:&quot;Mon actu&quot;,&quot;type&quot;:&quot;cta&quot;}}\" target=\"_blank\">Mon Actu<\/a>.<\/p>\n","protected":false},"excerpt":{"rendered":"Par Hugo Hancewicz Publi\u00e9 le 12 juin 2025 \u00e0 20h03 ; mis \u00e0 jour le 12 juin 2025&hellip;\n","protected":false},"author":2,"featured_media":171586,"comment_status":"","ping_status":"","sticky":false,"template":"","format":"standard","meta":{"footnotes":""},"categories":[1888],"tags":[1111,1928,11,1927,1777,674,1011,27,13666,12,1926,626,1925,25,104,12443,2803],"class_list":{"0":"post-171585","1":"post","2":"type-post","3":"status-publish","4":"format-standard","5":"has-post-thumbnail","7":"category-paris","8":"tag-actu","9":"tag-actu-paris","10":"tag-actualites","11":"tag-actualites-paris","12":"tag-eu","13":"tag-europe","14":"tag-fr","15":"tag-france","16":"tag-gare-saint-lazare","17":"tag-news","18":"tag-news-paris","19":"tag-paris","20":"tag-paris-news","21":"tag-republique-francaise","22":"tag-societe","23":"tag-transilien","24":"tag-transport"},"share_on_mastodon":{"url":"https:\/\/pubeurope.com\/@fr\/114672131422803671","error":""},"_links":{"self":[{"href":"https:\/\/www.europesays.com\/fr\/wp-json\/wp\/v2\/posts\/171585","targetHints":{"allow":["GET"]}}],"collection":[{"href":"https:\/\/www.europesays.com\/fr\/wp-json\/wp\/v2\/posts"}],"about":[{"href":"https:\/\/www.europesays.com\/fr\/wp-json\/wp\/v2\/types\/post"}],"author":[{"embeddable":true,"href":"https:\/\/www.europesays.com\/fr\/wp-json\/wp\/v2\/users\/2"}],"replies":[{"embeddable":true,"href":"https:\/\/www.europesays.com\/fr\/wp-json\/wp\/v2\/comments?post=171585"}],"version-history":[{"count":0,"href":"https:\/\/www.europesays.com\/fr\/wp-json\/wp\/v2\/posts\/171585\/revisions"}],"wp:featuredmedia":[{"embeddable":true,"href":"https:\/\/www.europesays.com\/fr\/wp-json\/wp\/v2\/media\/171586"}],"wp:attachment":[{"href":"https:\/\/www.europesays.com\/fr\/wp-json\/wp\/v2\/media?parent=171585"}],"wp:term":[{"taxonomy":"category","embeddable":true,"href":"https:\/\/www.europesays.com\/fr\/wp-json\/wp\/v2\/categories?post=171585"},{"taxonomy":"post_tag","embeddable":true,"href":"https:\/\/www.europesays.com\/fr\/wp-json\/wp\/v2\/tags?post=171585"}],"curies":[{"name":"wp","href":"https:\/\/api.w.org\/{rel}","templated":true}]}}