{"id":171587,"date":"2025-06-12T19:50:12","date_gmt":"2025-06-12T19:50:12","guid":{"rendered":"https:\/\/www.europesays.com\/fr\/171587\/"},"modified":"2025-06-12T19:50:12","modified_gmt":"2025-06-12T19:50:12","slug":"le-braqueur-a-velo-electrique-prend-la-fuite-avec-100-000e-de-bijoux","status":"publish","type":"post","link":"https:\/\/www.europesays.com\/fr\/171587\/","title":{"rendered":"le braqueur \u00e0 v\u00e9lo \u00e9lectrique prend la fuite avec 100 000\u20ac de bijoux"},"content":{"rendered":"<p>C\u2019est un audacieux braquage, en plein jour, et \u00e0 deux pas d\u2019un commissariat de police. Selon les informations de Paris Match, un employ\u00e9 d\u2019une soci\u00e9t\u00e9 de livraison, sp\u00e9cialis\u00e9e dans le transport de bijoux, a \u00e9t\u00e9 victime d\u2019un braquage, ce jeudi 12\u00a0juin, vers 11h30, rue Saulnier dans le 9\u00e8me arrondissement \u00e0 Paris. Alors qu\u2019il \u00e9tait en possession de plusieurs bijoux, le livreur a vu surgir un inconnu, casqu\u00e9, et muni d\u2019une arme de poing. Apr\u00e8s l\u2019avoir menac\u00e9, puis lui avoir intim\u00e9 l\u2019ordre de lui remettre sa sacoche, le braqueur a enfourch\u00e9 un v\u00e9lo \u00e9lectrique, avant de prendre la fuite en direction de la rue La Fayette.<\/p>\n<p>La victime est choqu\u00e9e mais pas bless\u00e9e<\/p>\n<p>Rapidement alert\u00e9s, des policiers de la brigade anticriminalit\u00e9 (BAC) du commissariat du 9\u00e8me arrondissement se sont port\u00e9s au secours de la victime, \u00e2g\u00e9e de 37\u00a0ans, choqu\u00e9e mais pas bless\u00e9e. Le signalement du voleur a ensuite \u00e9t\u00e9 diffus\u00e9 \u00e0 toutes les patrouilles de police dans le secteur des faits. En vain. Toujours selon les informations de Paris Match, le pr\u00e9judice est estim\u00e9 \u00e0 pr\u00e8s de 100\u00a0000\u20ac.<\/p>\n<p>Inform\u00e9, le parquet de Paris a saisi les enqu\u00eateurs du 1er district de police judiciaire (DPJ) de la poursuite des investigations.<\/p>\n<p><a href=\"https:\/\/www.parismatch.com\/actu\/faits-divers\/info-paris-match-paris-le-braqueur-a-velo-electrique-prend-la-fuite-avec-100-000eu-de-bijoux-252710?at_medium=affiliate&amp;at_campaign=Yahoo\" rel=\"nofollow noopener\" target=\"_blank\" data-ylk=\"slk:Retrouvez cet article sur ParisMatch;elm:context_link;itc:0;sec:content-canvas\" class=\"link \">Retrouvez cet article sur ParisMatch<\/a><\/p>\n","protected":false},"excerpt":{"rendered":"C\u2019est un audacieux braquage, en plein jour, et \u00e0 deux pas d\u2019un commissariat de police. Selon les informations&hellip;\n","protected":false},"author":2,"featured_media":171588,"comment_status":"","ping_status":"","sticky":false,"template":"","format":"standard","meta":{"footnotes":""},"categories":[1888],"tags":[30644,1111,1928,11,1927,30647,28939,30645,1777,674,1011,27,12,1926,626,5818,1925,30646,25],"class_list":{"0":"post-171587","1":"post","2":"type-post","3":"status-publish","4":"format-standard","5":"has-post-thumbnail","7":"category-paris","8":"tag-9eme-arrondissement","9":"tag-actu","10":"tag-actu-paris","11":"tag-actualites","12":"tag-actualites-paris","13":"tag-arme-de-poing","14":"tag-brigade-anticriminalite","15":"tag-commissariat-de-police","16":"tag-eu","17":"tag-europe","18":"tag-fr","19":"tag-france","20":"tag-news","21":"tag-news-paris","22":"tag-paris","23":"tag-paris-match","24":"tag-paris-news","25":"tag-patrouilles-de-police","26":"tag-republique-francaise"},"share_on_mastodon":{"url":"https:\/\/pubeurope.com\/@fr\/114672135263759522","error":""},"_links":{"self":[{"href":"https:\/\/www.europesays.com\/fr\/wp-json\/wp\/v2\/posts\/171587","targetHints":{"allow":["GET"]}}],"collection":[{"href":"https:\/\/www.europesays.com\/fr\/wp-json\/wp\/v2\/posts"}],"about":[{"href":"https:\/\/www.europesays.com\/fr\/wp-json\/wp\/v2\/types\/post"}],"author":[{"embeddable":true,"href":"https:\/\/www.europesays.com\/fr\/wp-json\/wp\/v2\/users\/2"}],"replies":[{"embeddable":true,"href":"https:\/\/www.europesays.com\/fr\/wp-json\/wp\/v2\/comments?post=171587"}],"version-history":[{"count":0,"href":"https:\/\/www.europesays.com\/fr\/wp-json\/wp\/v2\/posts\/171587\/revisions"}],"wp:featuredmedia":[{"embeddable":true,"href":"https:\/\/www.europesays.com\/fr\/wp-json\/wp\/v2\/media\/171588"}],"wp:attachment":[{"href":"https:\/\/www.europesays.com\/fr\/wp-json\/wp\/v2\/media?parent=171587"}],"wp:term":[{"taxonomy":"category","embeddable":true,"href":"https:\/\/www.europesays.com\/fr\/wp-json\/wp\/v2\/categories?post=171587"},{"taxonomy":"post_tag","embeddable":true,"href":"https:\/\/www.europesays.com\/fr\/wp-json\/wp\/v2\/tags?post=171587"}],"curies":[{"name":"wp","href":"https:\/\/api.w.org\/{rel}","templated":true}]}}