{"id":171589,"date":"2025-06-12T19:51:10","date_gmt":"2025-06-12T19:51:10","guid":{"rendered":"https:\/\/www.europesays.com\/fr\/171589\/"},"modified":"2025-06-12T19:51:10","modified_gmt":"2025-06-12T19:51:10","slug":"quinte-du-vendredi-13-juin-2025-en-nocturne-a-vincennes-les-pronostics","status":"publish","type":"post","link":"https:\/\/www.europesays.com\/fr\/171589\/","title":{"rendered":"Quint\u00e9 du vendredi 13 juin 2025 en nocturne \u00e0 Vincennes : les pronostics"},"content":{"rendered":"<p class=\"article-p mdl\">Retrouvez les pronostics de Dominique Cordier pour le Quint\u00e9 du vendredi 13 juin 2025 en nocturne \u00e0 Vincennes, le Grand Prix du Vendredi 13. <strong>D\u00e9part \u00e0 20h15. 16 partants. <\/strong>Trot attel\u00e9. 2.100 m\u00e8tres. Grande piste. D\u00e9part \u00e0 l\u2019autostart. Trotteurs de 7 \u00e0 11 ans.&#13;<\/p>\n<p class=\"article-p mdl\">D\u00e9barrass\u00e9 d\u2019<strong>Hamigo<\/strong>, qui l\u2019a battu il y a juste une semaine une fois encore dans des allures \u00ab suspectes \u00bb, le <strong>4 H\u00f4tel Mystic <\/strong>est un favori de RTL tout trouv\u00e9, s\u2019il ne trouve pas le temps trop court depuis sa derni\u00e8re course.&#13;<\/p>\n<p class=\"article-p mdl\">En deuxi\u00e8me ligne, le choix du <strong>16 Isyboy du Cinglais <\/strong>s\u2019impose \u00e9galement, Jean-Michel Bazire \u00e9tant appel\u00e9 aux manettes de ce pensionnaire de Patrick Monthul\u00e9.&#13;<\/p>\n<p class=\"article-p mdl\">Le <strong>8 Id\u00e9al Boy <\/strong>aurait pu \u00eatre notre favori, s\u2019il ne s\u2019\u00e9tait vu attribuer le 8 derri\u00e8re la voiture. Pas simple, m\u00eame pour Eric Raffin.&#13;<\/p>\n<p class=\"article-p mdl\">L\u2019outsider de RTL, le <strong>2 Hector de Bassi\u00e8re<\/strong>, a d\u00e9j\u00e0 tr\u00e8s bien fait sur ce parcours, ce que n\u2019indiquent pas ses derniers parcours, loin s\u2019en faut.<br \/>\u00a0Confi\u00e9 \u00e0 Paul Ploquin, qui transforme en ce moment tout ce qu\u2019i touche en or, il peut surprendre \u00e0 (tr\u00e8s) belle cote\u2026&#13;&#13;&#13;&#13;<\/p>\n<p>            Les pronostics<\/p>\n<p class=\"article-p mdl\">\n<p>4. H\u00f4tel Mystic&#13;<br \/>16. Isyboy de Cinglais&#13;<br \/>8. Id\u00e9al Boy&#13;<br \/>2. Hector de Bassi\u00e8re&#13;<br \/>1. Indien de Fontaine&#13;<br \/>7. Ibis Quick&#13;<br \/>15. Iron d\u2019Espoir<\/p>\n<p>            L&rsquo;outsider de RTL<\/p>\n<p class=\"article-p mdl\">2. Hector de Bassi\u00e8re<\/p>\n<p>            R\u00e9sultats du mercredi 11 juin 2025 \u00e0 Caen<\/p>\n<p class=\"article-p mdl\">11e, la favorite de RTL commet la faute \u00e0 l\u2019entr\u00e9e de la Ligne droite, l\u2019outsider de RTL est 4e. La s\u00e9lection indique le Quart\u00e9. <\/p>\n<p>    La r\u00e9daction vous recommande<\/p>\n<p class=\"s-newsletter__title\">\n                L\u2019actualit\u00e9 par la r\u00e9daction de RTL dans votre bo\u00eete mail.\n            <\/p>\n<p class=\"s-newsletter__subtitle\">\n                Gr\u00e2ce \u00e0 votre compte RTL abonnez-vous \u00e0 la newsletter RTL info pour suivre toute l&rsquo;actualit\u00e9 au quotidien\n            <\/p>\n<p>\n                                    Lire la suite\n                                <\/p>\n","protected":false},"excerpt":{"rendered":"Retrouvez les pronostics de Dominique Cordier pour le Quint\u00e9 du vendredi 13 juin 2025 en nocturne \u00e0 Vincennes,&hellip;\n","protected":false},"author":2,"featured_media":3836,"comment_status":"","ping_status":"","sticky":false,"template":"","format":"standard","meta":{"footnotes":""},"categories":[1888],"tags":[11,2621,2622,2620,1777,674,107,2619,1011,27,12,626,2623,25],"class_list":{"0":"post-171589","1":"post","2":"type-post","3":"status-publish","4":"format-standard","5":"has-post-thumbnail","7":"category-paris","8":"tag-actualites","9":"tag-chevaux","10":"tag-courses","11":"tag-courses-de-trot","12":"tag-eu","13":"tag-europe","14":"tag-fil-info","15":"tag-fil-sport","16":"tag-fr","17":"tag-france","18":"tag-news","19":"tag-paris","20":"tag-quinte","21":"tag-republique-francaise"},"share_on_mastodon":{"url":"https:\/\/pubeurope.com\/@fr\/114672139258005223","error":""},"_links":{"self":[{"href":"https:\/\/www.europesays.com\/fr\/wp-json\/wp\/v2\/posts\/171589","targetHints":{"allow":["GET"]}}],"collection":[{"href":"https:\/\/www.europesays.com\/fr\/wp-json\/wp\/v2\/posts"}],"about":[{"href":"https:\/\/www.europesays.com\/fr\/wp-json\/wp\/v2\/types\/post"}],"author":[{"embeddable":true,"href":"https:\/\/www.europesays.com\/fr\/wp-json\/wp\/v2\/users\/2"}],"replies":[{"embeddable":true,"href":"https:\/\/www.europesays.com\/fr\/wp-json\/wp\/v2\/comments?post=171589"}],"version-history":[{"count":0,"href":"https:\/\/www.europesays.com\/fr\/wp-json\/wp\/v2\/posts\/171589\/revisions"}],"wp:featuredmedia":[{"embeddable":true,"href":"https:\/\/www.europesays.com\/fr\/wp-json\/wp\/v2\/media\/3836"}],"wp:attachment":[{"href":"https:\/\/www.europesays.com\/fr\/wp-json\/wp\/v2\/media?parent=171589"}],"wp:term":[{"taxonomy":"category","embeddable":true,"href":"https:\/\/www.europesays.com\/fr\/wp-json\/wp\/v2\/categories?post=171589"},{"taxonomy":"post_tag","embeddable":true,"href":"https:\/\/www.europesays.com\/fr\/wp-json\/wp\/v2\/tags?post=171589"}],"curies":[{"name":"wp","href":"https:\/\/api.w.org\/{rel}","templated":true}]}}