{"id":171590,"date":"2025-06-12T19:52:10","date_gmt":"2025-06-12T19:52:10","guid":{"rendered":"https:\/\/www.europesays.com\/fr\/171590\/"},"modified":"2025-06-12T19:52:10","modified_gmt":"2025-06-12T19:52:10","slug":"rima-hassan-de-retour-en-france-son-vol-jerusalem-paris-ne-sest-pas-passe-comme-prevu","status":"publish","type":"post","link":"https:\/\/www.europesays.com\/fr\/171590\/","title":{"rendered":"Rima Hassan de retour en France, son vol J\u00e9rusalem-Paris ne s\u2019est pas pass\u00e9 comme pr\u00e9vu"},"content":{"rendered":"<p>        <img decoding=\"async\" loading=\"lazy\" src=\"https:\/\/www.europesays.com\/fr\/wp-content\/uploads\/2025\/06\/73e6d13_upload-1-eytg9ozytsv3-gtpzpf2wgaa3ef9.jfif.jpeg\"  width=\"728\" height=\"410\" alt=\"L\u2019eurod\u00e9put\u00e9e franco-palestinienne Rima Hassan est arriv\u00e9e ce jeudi 12\u00a0juin au soir \u00e0 l\u2019a\u00e9roport de Roissy, \u00e0 Paris. (photodu minist\u00e8re des Affaires \u00e9trang\u00e8res isra\u00e9lien)\"\/>  <\/p>\n<p>minist\u00e8re des Affaires \u00e9trang\u00e8res isra\u00e9lien sur X<\/p>\n<p>L\u2019eurod\u00e9put\u00e9e franco-palestinienne Rima Hassan est arriv\u00e9e ce jeudi 12\u00a0juin au soir \u00e0 l\u2019a\u00e9roport de Roissy, \u00e0 Paris. (photodu minist\u00e8re des Affaires \u00e9trang\u00e8res isra\u00e9lien)<\/p>\n<p class=\"asset asset-text\">INTERNATIONAL &#8211; Turbulences. L\u2019eurod\u00e9put\u00e9e franco-palestinienne <a href=\"https:\/\/www.huffingtonpost.fr\/politique\/article\/pourquoi-rima-hassan-ne-peut-pas-faire-valoir-son-statut-d-eurodeputee-face-a-israel_251157.html\" target=\"_blank\" rel=\"noopener\">Rima Hassan<\/a> est arriv\u00e9e ce jeudi 12\u00a0juin au soir \u00e0 l\u2019a\u00e9roport de Roissy Charles de Gaulle, apr\u00e8s un vol<a href=\"https:\/\/www.huffingtonpost.fr\/international\/article\/la-france-reclame-des-comptes-a-israel-apres-la-demolition-d-un-centre-culturel-a-jerusalem-est_242307.html\" target=\"_blank\" rel=\"noopener\"> J\u00e9rusalem<\/a>-Paris mouvement\u00e9 du fait d\u2019une \u00ab\u00a0situation conflictuelle avec d\u2019autres voyageurs\u00a0\u00bb.<\/p>\n<p class=\"asset asset-text\">\u00ab\u00a0Il y a eu une situation conflictuelle \u00e0 bord, avec d\u2019autres voyageurs. Rima Hassan a d\u00fb se r\u00e9fugier dans les toilettes de l\u2019avion, suite \u00e0 un mouvement de voyageurs hostiles\u00a0\u00bb , a indiqu\u00e9 une source a\u00e9roportuaire \u00e0 l\u2019AFP. L\u2019eurod\u00e9put\u00e9e La France insoumise a d\u00fb \u00eatre \u00e9vacu\u00e9e de l\u2019avion par la Police aux fronti\u00e8res.<\/p>\n<p class=\"asset asset-text\">Rima Hassan a publi\u00e9 peu apr\u00e8s une photo sur X (ex-Twitter), dans un taxi, disant se diriger vers la place de la R\u00e9publique, \u00e0 Paris.<\/p>\n<p> La lecture de ce contenu est susceptible d\u2019entra\u00eener un d\u00e9p\u00f4t de cookies de la part de l\u2019op\u00e9rateur tiers qui l\u2019h\u00e9berge. Compte-tenu des choix que vous avez exprim\u00e9s en mati\u00e8re de d\u00e9p\u00f4t de cookies, nous avons bloqu\u00e9 l\u2019affichage de ce contenu. Si vous souhaitez y acc\u00e9der, vous devez accepter la cat\u00e9gorie de cookies \u201cContenus tiers\u201d en cliquant sur le bouton ci-dessous. <\/p>\n<p> Lire la Vid\u00e9o        <\/p>\n<p class=\"asset asset-text\">Le minist\u00e8re isra\u00e9lien des Affaires \u00e9trang\u00e8res avait indiqu\u00e9 plus t\u00f4t ce jeudi que l\u2019\u00e9lue LFI \u00e9tait \u00e0 bord du \u00ab\u00a0selfie yacht\u00a0\u00bb avec six autres passagers pour son rapatriement.<\/p>\n<p class=\"asset asset-text\">Rima Hassan avait \u00e9t\u00e9 arr\u00eat\u00e9e lundi, comme onze autres personnes, apr\u00e8s l\u2019arraisonnement par Isra\u00ebl du voilier Madleen dans les eaux internationales, \u00e0 185\u00a0km de la c\u00f4te de Gaza. L\u2019\u00e9quipage, affr\u00e9t\u00e9 par la Coalition de la flottille, voulait se rendre \u00e0 Gaza pour \u00ab\u00a0mettre fin au blocus\u00a0\u00bb mis en place par Isra\u00ebl dans l\u2019enclave palestinienne.<\/p>\n<p class=\"asset asset-text\">Mercredi, sur son compte X, l\u2019\u00e9quipe de l\u2019eurod\u00e9put\u00e9e franco-palestinienne avait indiqu\u00e9 que Rima Hassan avait \u00e9t\u00e9 plac\u00e9e en cellule d\u2019isolement \u00ab\u00a0apr\u00e8s avoir \u00e9crit \u201cFree Palestine\u201d sur les murs de sa cellule\u00a0\u00bb.\u00a0\u00ab\u00a0Elle a entam\u00e9 une gr\u00e8ve de la faim en protestation\u00a0\u00bb, avait indiqu\u00e9 la m\u00eame source.<\/p>\n","protected":false},"excerpt":{"rendered":"minist\u00e8re des Affaires \u00e9trang\u00e8res isra\u00e9lien sur X L\u2019eurod\u00e9put\u00e9e franco-palestinienne Rima Hassan est arriv\u00e9e ce jeudi 12\u00a0juin au soir&hellip;\n","protected":false},"author":2,"featured_media":171591,"comment_status":"","ping_status":"","sticky":false,"template":"","format":"standard","meta":{"footnotes":""},"categories":[1888],"tags":[11,1777,674,1011,27,14,664,12,626,316,25,15442],"class_list":{"0":"post-171590","1":"post","2":"type-post","3":"status-publish","4":"format-standard","5":"has-post-thumbnail","7":"category-paris","8":"tag-actualites","9":"tag-eu","10":"tag-europe","11":"tag-fr","12":"tag-france","13":"tag-international","14":"tag-israel","15":"tag-news","16":"tag-paris","17":"tag-politique","18":"tag-republique-francaise","19":"tag-rima-hassan"},"share_on_mastodon":{"url":"https:\/\/pubeurope.com\/@fr\/114672143259823157","error":""},"_links":{"self":[{"href":"https:\/\/www.europesays.com\/fr\/wp-json\/wp\/v2\/posts\/171590","targetHints":{"allow":["GET"]}}],"collection":[{"href":"https:\/\/www.europesays.com\/fr\/wp-json\/wp\/v2\/posts"}],"about":[{"href":"https:\/\/www.europesays.com\/fr\/wp-json\/wp\/v2\/types\/post"}],"author":[{"embeddable":true,"href":"https:\/\/www.europesays.com\/fr\/wp-json\/wp\/v2\/users\/2"}],"replies":[{"embeddable":true,"href":"https:\/\/www.europesays.com\/fr\/wp-json\/wp\/v2\/comments?post=171590"}],"version-history":[{"count":0,"href":"https:\/\/www.europesays.com\/fr\/wp-json\/wp\/v2\/posts\/171590\/revisions"}],"wp:featuredmedia":[{"embeddable":true,"href":"https:\/\/www.europesays.com\/fr\/wp-json\/wp\/v2\/media\/171591"}],"wp:attachment":[{"href":"https:\/\/www.europesays.com\/fr\/wp-json\/wp\/v2\/media?parent=171590"}],"wp:term":[{"taxonomy":"category","embeddable":true,"href":"https:\/\/www.europesays.com\/fr\/wp-json\/wp\/v2\/categories?post=171590"},{"taxonomy":"post_tag","embeddable":true,"href":"https:\/\/www.europesays.com\/fr\/wp-json\/wp\/v2\/tags?post=171590"}],"curies":[{"name":"wp","href":"https:\/\/api.w.org\/{rel}","templated":true}]}}