{"id":171592,"date":"2025-06-12T19:53:21","date_gmt":"2025-06-12T19:53:21","guid":{"rendered":"https:\/\/www.europesays.com\/fr\/171592\/"},"modified":"2025-06-12T19:53:21","modified_gmt":"2025-06-12T19:53:21","slug":"qui-est-vasyl-malyuk-lhomme-derriere-les-dernieres-attaques-ukrainiennes-qui-ont-fait-tres-mal-a-la-russie","status":"publish","type":"post","link":"https:\/\/www.europesays.com\/fr\/171592\/","title":{"rendered":"Qui est Vasyl Malyuk, l&rsquo;homme derri\u00e8re les derni\u00e8res attaques ukrainiennes qui ont fait tr\u00e8s mal \u00e0 la Russie?"},"content":{"rendered":"<p>Vasyl Malyuk est n\u00e9 \u00e0 Korostychiv, \u00e0 130 km \u00e0 l&rsquo;ouest de Kiev. On raconte que depuis que le Service de s\u00e9curit\u00e9 ukrainien (SBU) a obtenu son ind\u00e9pendance, \u00e0 la suite de l&rsquo;\u00e9clatement de l&rsquo;Union sovi\u00e9tique, il a toujours voulu y rentrer. Il a \u00e0 peine 17 ans lorsqu&rsquo;il s&rsquo;inscrit \u00e0 l&rsquo;acad\u00e9mie de formation. En 2022, lorsque Ivan Bakanov est licenci\u00e9 du poste de directeur du SBU, il prend alors sa place. Depuis, son parcours est marqu\u00e9 de succ\u00e8s retentissants, <a href=\"https:\/\/www.theguardian.com\/world\/2025\/jun\/06\/the-man-behind-the-success-of-ukraine-operation-spiderweb-russia\" rel=\"nofollow noopener\" target=\"_blank\" data-ylk=\"slk:relate The Guardian;elm:context_link;itc:0;sec:content-canvas\" class=\"link \">relate The Guardian<\/a>.<\/p>\n<p>Cheveux coup\u00e9s ras et silhouette d&rsquo;armoire \u00e0 glace, l&rsquo;ancien boxeur et halt\u00e9rophile est \u00e9galement l&rsquo;homme qui a men\u00e9 l&rsquo;op\u00e9ration \u00abToile d&rsquo;Araign\u00e9e\u00bb, une attaque simultan\u00e9e contre quatre bases a\u00e9riennes russes, jusqu&rsquo;en Sib\u00e9rie, \u00e0 plus de 4.000 km de la fronti\u00e8re. \u00abJe suis convaincu que les op\u00e9rations du SBU men\u00e9es par Vasyl Malyuk feront l&rsquo;objet de livres et de films\u00bb, a d\u00e9clar\u00e9 un agent du service.<\/p>\n<p>Un gentil bouledogue<\/p>\n<p>Le nombre d&rsquo;avions russes d\u00e9truits lors de l&rsquo;attaque reste controvers\u00e9: l&rsquo;Ukraine revendique 41 appareils neutralis\u00e9s, tandis que les services de renseignement am\u00e9ricains estiment plut\u00f4t le tableau de chasse \u00e0 une dizaine d\u00e9truits et une vingtaine endommag\u00e9s. Quoi qu&rsquo;il en soit, les images des 117 drones en action ont inflig\u00e9 un choc psychologique \u00e0 la Russie \u2013Vladimir Poutine a affirm\u00e9 qu&rsquo;il riposterait\u2013 au point que le pr\u00e9sident Volodymyr Zelensky a tenu \u00e0 remercier en personne la t\u00eate pensante derri\u00e8re l&rsquo;op\u00e9ration.<\/p>\n<p>Vasyl Malyuk, jusqu&rsquo;\u00e0 pr\u00e9sent inconnu du grand public, avait d\u00e9j\u00e0 coordonn\u00e9 plusieurs attaques importantes, comme le raid de drones <a href=\"https:\/\/www.slate.fr\/story\/234772\/pont-crimee-symbole-imperialisme-russe-ukraine-attaque-poutine-histoire-seconde-guerre-mondiale-nazis-urss-annexion\" rel=\"nofollow noopener\" target=\"_blank\" data-ylk=\"slk:contre le pont de Crim\u00e9e en 2023;elm:context_link;itc:0;sec:content-canvas\" class=\"link \">contre le pont de Crim\u00e9e en 2023<\/a>. Il a \u00e9galement h\u00e9rit\u00e9 du surnom \u00abchasseur de taupes\u00bb apr\u00e8s avoir men\u00e9 une v\u00e9ritable purge contre les <a href=\"https:\/\/www.slate.fr\/dossier\/5721\/espions\" rel=\"nofollow noopener\" target=\"_blank\" data-ylk=\"slk:espions;elm:context_link;itc:0;sec:content-canvas\" class=\"link \">espions<\/a> russes au sein du SBU.<\/p>\n<p>\u00abC&rsquo;est un bouledogue\u00bb, a d\u00e9clar\u00e9 un haut responsable ukrainien, \u00abce n&rsquo;est pas un intellectuel, il ne r\u00e9fl\u00e9chit pas et n&rsquo;h\u00e9site pas. Il est d\u00e9termin\u00e9.\u00bb Il est cependant d\u00e9crit\u2026<\/p>\n<p><a href=\"https:\/\/www.slate.fr\/monde\/operation-toile-araignee-spiderweb-attaque-russie-drone-ukraine-guerre-malyuk-general-sbu-succes-srategie\" rel=\"nofollow noopener\" target=\"_blank\" data-ylk=\"slk:Lire la suite sur Slate.fr;elm:context_link;itc:0;sec:content-canvas\" class=\"link \">Lire la suite sur Slate.fr<\/a><\/p>\n","protected":false},"excerpt":{"rendered":"Vasyl Malyuk est n\u00e9 \u00e0 Korostychiv, \u00e0 130 km \u00e0 l&rsquo;ouest de Kiev. On raconte que depuis que&hellip;\n","protected":false},"author":2,"featured_media":171593,"comment_status":"","ping_status":"","sticky":false,"template":"","format":"standard","meta":{"footnotes":""},"categories":[1591],"tags":[11,1887,30650,2489,12,1885,1886,132,17040,12680,30649,30648],"class_list":{"0":"post-171592","1":"post","2":"type-post","3":"status-publish","4":"format-standard","5":"has-post-thumbnail","7":"category-russie","8":"tag-actualites","9":"tag-federation-de-russie","10":"tag-ivan-bakanov","11":"tag-la-russie","12":"tag-news","13":"tag-russia","14":"tag-russian-federation","15":"tag-russie","16":"tag-sbu","17":"tag-service-de-securite","18":"tag-vasyl","19":"tag-vasyl-malyuk"},"share_on_mastodon":{"url":"https:\/\/pubeurope.com\/@fr\/114672147079987097","error":""},"_links":{"self":[{"href":"https:\/\/www.europesays.com\/fr\/wp-json\/wp\/v2\/posts\/171592","targetHints":{"allow":["GET"]}}],"collection":[{"href":"https:\/\/www.europesays.com\/fr\/wp-json\/wp\/v2\/posts"}],"about":[{"href":"https:\/\/www.europesays.com\/fr\/wp-json\/wp\/v2\/types\/post"}],"author":[{"embeddable":true,"href":"https:\/\/www.europesays.com\/fr\/wp-json\/wp\/v2\/users\/2"}],"replies":[{"embeddable":true,"href":"https:\/\/www.europesays.com\/fr\/wp-json\/wp\/v2\/comments?post=171592"}],"version-history":[{"count":0,"href":"https:\/\/www.europesays.com\/fr\/wp-json\/wp\/v2\/posts\/171592\/revisions"}],"wp:featuredmedia":[{"embeddable":true,"href":"https:\/\/www.europesays.com\/fr\/wp-json\/wp\/v2\/media\/171593"}],"wp:attachment":[{"href":"https:\/\/www.europesays.com\/fr\/wp-json\/wp\/v2\/media?parent=171592"}],"wp:term":[{"taxonomy":"category","embeddable":true,"href":"https:\/\/www.europesays.com\/fr\/wp-json\/wp\/v2\/categories?post=171592"},{"taxonomy":"post_tag","embeddable":true,"href":"https:\/\/www.europesays.com\/fr\/wp-json\/wp\/v2\/tags?post=171592"}],"curies":[{"name":"wp","href":"https:\/\/api.w.org\/{rel}","templated":true}]}}