{"id":171596,"date":"2025-06-12T19:55:13","date_gmt":"2025-06-12T19:55:13","guid":{"rendered":"https:\/\/www.europesays.com\/fr\/171596\/"},"modified":"2025-06-12T19:55:13","modified_gmt":"2025-06-12T19:55:13","slug":"condamne-pour-le-meurtre-dune-retraitee-un-sexagenaire-execute-en-oklahoma","status":"publish","type":"post","link":"https:\/\/www.europesays.com\/fr\/171596\/","title":{"rendered":"condamn\u00e9 pour le meurtre d\u2019une retrait\u00e9e, un sexag\u00e9naire ex\u00e9cut\u00e9 en Oklahoma"},"content":{"rendered":"<p>D\u00e8s le 20 janvier, Trump a sign\u00e9 un d\u00e9cret ordonnant de requ\u00e9rir syst\u00e9matiquement la peine capitale pour les crimes les plus graves ainsi que pour les meurtres de policiers ou les crimes commis par des \u00e9trangers en situation irr\u00e9guli\u00e8re.<\/p>\n<p class=\"fig-paragraph\">Un homme condamn\u00e9 pour meurtres a \u00e9t\u00e9 ex\u00e9cut\u00e9 jeudi en\u00a0<a href=\"http:\/\/www.lefigaro.fr\/sports\/basket\/nba\/nba-indiana-braque-oklahoma-city-pour-lancer-les-finales-20250606\" target=\"_blank\" data-fig-type=\"NewsFlash\" rel=\"noopener\" data-gtm-custom-categorie=\"navigation\" data-gtm-custom-action=\"crossclick\" data-gtm-custom-label=\"Contextuel\" data-gtm-event=\"customEventSPE\" data-fig-domain=\"LEFIGARO\">Oklahoma\u00a0<\/a>dans le sud des\u00a0<a href=\"http:\/\/www.lefigaro.fr\/flash-eco\/aux-etats-unis-le-fabricant-de-semi-conducteurs-micron-technology-accroit-ses-investissements-a-200-milliards-de-dollars-20250612\" target=\"_blank\" data-fig-type=\"NewsFlash\" rel=\"noopener\" data-gtm-custom-categorie=\"navigation\" data-gtm-custom-action=\"crossclick\" data-gtm-custom-label=\"Contextuel\" data-gtm-event=\"customEventSPE\" data-fig-domain=\"LEFIGARO\">\u00c9tats-Unis<\/a>, la troisi\u00e8me des quatre ex\u00e9cutions pr\u00e9vues dans le pays cette semaine. John Hanson, 61 ans, avait \u00e9t\u00e9 condamn\u00e9 \u00e0 mort pour le meurtre en 1999 de Mary Agnes Bowles, une retrait\u00e9e de 77 ans, ainsi que d&rsquo;un t\u00e9moin du crime, Jerald Thurman. Il a \u00e9t\u00e9 ex\u00e9cut\u00e9 dans la matin\u00e9e par injection l\u00e9tale, ont annonc\u00e9 les autorit\u00e9s de l&rsquo;\u00c9tat.<\/p>\n<p class=\"fig-paragraph\">John Hanson purgeait une peine f\u00e9d\u00e9rale de prison \u00e0 perp\u00e9tuit\u00e9 pour braquage de banque en Louisiane (sud) dans une autre affaire. Mais l&rsquo;administration du pr\u00e9sident r\u00e9publicain Donald Trump a accept\u00e9 une demande du procureur g\u00e9n\u00e9ral de l&rsquo;\u00c9tat, Gentner Drummond, de le remettre \u00e0 l&rsquo;Oklahoma pour y \u00eatre ex\u00e9cut\u00e9.<\/p>\n<p class=\"fig-paragraph\">Gentner Drummond a d\u00e9plor\u00e9 dans un communiqu\u00e9 que la pr\u00e9c\u00e9dente administration d\u00e9mocrate se soit oppos\u00e9e \u00e0 ce transfert. \u00abAujourd&rsquo;hui, l&rsquo;Oklahoma a accompli un acte de cruaut\u00e9 gratuite\u00bb, a dit l&rsquo;avocate du condamn\u00e9, Callie Heller, soulignant qu&rsquo;il aurait pu passer le restant de ses jours en prison f\u00e9d\u00e9rale en Louisiane \u00absans rien co\u00fbter \u00e0 l&rsquo;\u00c9tat d&rsquo;Oklahoma ni pr\u00e9senter de danger pour qui que ce soit\u00bb. Son client, souffrant d&rsquo;autisme, a \u00e9t\u00e9 manipul\u00e9 par son complice, Victor Miller, qui lui n&rsquo;a \u00e9t\u00e9 condamn\u00e9 qu&rsquo;\u00e0 perp\u00e9tuit\u00e9 pour le m\u00eame crime, a-t-elle affirm\u00e9 dans un communiqu\u00e9.<\/p>\n<p>22 ex\u00e9cutions en 2025<\/p>\n<p class=\"fig-paragraph\">Donald Trump, partisan d\u00e9clar\u00e9 de la peine de mort, est revenu sur le moratoire des ex\u00e9cutions f\u00e9d\u00e9rales d\u00e9cr\u00e9t\u00e9\u00a0<a href=\"http:\/\/www.lefigaro.fr\/international\/que-risquent-les-anciens-collaborateurs-de-joe-biden-suspectes-de-complot-par-donald-trump-20250605\" target=\"_blank\" data-fig-type=\"Article\" rel=\"noopener\" data-gtm-custom-categorie=\"navigation\" data-gtm-custom-action=\"crossclick\" data-gtm-custom-label=\"Contextuel\" data-gtm-event=\"customEventSPE\" data-fig-domain=\"LEFIGARO\">par son pr\u00e9d\u00e9cesseur Joe Biden<\/a>. D\u00e8s le 20 janvier, il a sign\u00e9 un d\u00e9cret ordonnant de requ\u00e9rir syst\u00e9matiquement la peine capitale pour les crimes les plus graves ainsi que pour les meurtres de policiers ou les crimes commis par des \u00e9trangers en situation irr\u00e9guli\u00e8re.<\/p>\n<p class=\"fig-paragraph\">Deux autres hommes condamn\u00e9s pour meurtre ont \u00e9t\u00e9 ex\u00e9cut\u00e9s mardi, un en Alabama par inhalation d&rsquo;azote, une m\u00e9thode critiqu\u00e9e et compar\u00e9e par des experts de l&rsquo;ONU \u00e0 une forme de \u00abtorture\u00bb et un en Floride. Un quatri\u00e8me, Stephen Stanko, 57 ans, doit \u00eatre ex\u00e9cut\u00e9 vendredi en Caroline du Sud. Il a \u00e9t\u00e9 condamn\u00e9 \u00e0 la peine capitale pour le meurtre en 2005 de son ami Henry Turner, 74 ans, et de sa propre compagne, Laura Ling, 43 ans, dont il a \u00e9galement viol\u00e9 la fille adolescente.<\/p>\n<p class=\"fig-paragraph\">Au total, 22 ex\u00e9cutions ont \u00e9t\u00e9 r\u00e9alis\u00e9es dans le pays depuis le d\u00e9but de l&rsquo;ann\u00e9e. Dix-sept l&rsquo;ont \u00e9t\u00e9 par injection l\u00e9tale, trois par inhalation d&rsquo;azote, en Alabama et en Louisiane, et deux par peloton d&rsquo;ex\u00e9cution en Caroline du Sud, pour la premi\u00e8re fois aux \u00c9tats-Unis depuis 2010. La peine de mort a \u00e9t\u00e9 abolie dans 23 des 50 \u00c9tats am\u00e9ricains. Trois autres, la Californie, l&rsquo;Oregon et la Pennsylvanie, observent un moratoire des ex\u00e9cutions sur d\u00e9cision du gouverneur.<\/p>\n","protected":false},"excerpt":{"rendered":"D\u00e8s le 20 janvier, Trump a sign\u00e9 un d\u00e9cret ordonnant de requ\u00e9rir syst\u00e9matiquement la peine capitale pour les&hellip;\n","protected":false},"author":2,"featured_media":171597,"comment_status":"","ping_status":"","sticky":false,"template":"","format":"standard","meta":{"footnotes":""},"categories":[1589],"tags":[1111,47,11,1109,1112,73,1866,118,1108,107,1106,1107,27,1110,1114,14,12,1113,23914,316,1864,1865,1863,308],"class_list":{"0":"post-171596","1":"post","2":"type-post","3":"status-publish","4":"format-standard","5":"has-post-thumbnail","7":"category-etats-unis","8":"tag-actu","9":"tag-actualite","10":"tag-actualites","11":"tag-breves","12":"tag-depeches","13":"tag-etats-unis","14":"tag-etats-unis-damerique","15":"tag-faits-divers","16":"tag-fil","17":"tag-fil-info","18":"tag-flash","19":"tag-flash-actu","20":"tag-france","21":"tag-informations","22":"tag-infos","23":"tag-international","24":"tag-news","25":"tag-nouvelles","26":"tag-oklahoma","27":"tag-politique","28":"tag-united-states","29":"tag-united-states-of-america","30":"tag-us","31":"tag-usa"},"share_on_mastodon":{"url":"https:\/\/pubeurope.com\/@fr\/114672155082066110","error":""},"_links":{"self":[{"href":"https:\/\/www.europesays.com\/fr\/wp-json\/wp\/v2\/posts\/171596","targetHints":{"allow":["GET"]}}],"collection":[{"href":"https:\/\/www.europesays.com\/fr\/wp-json\/wp\/v2\/posts"}],"about":[{"href":"https:\/\/www.europesays.com\/fr\/wp-json\/wp\/v2\/types\/post"}],"author":[{"embeddable":true,"href":"https:\/\/www.europesays.com\/fr\/wp-json\/wp\/v2\/users\/2"}],"replies":[{"embeddable":true,"href":"https:\/\/www.europesays.com\/fr\/wp-json\/wp\/v2\/comments?post=171596"}],"version-history":[{"count":0,"href":"https:\/\/www.europesays.com\/fr\/wp-json\/wp\/v2\/posts\/171596\/revisions"}],"wp:featuredmedia":[{"embeddable":true,"href":"https:\/\/www.europesays.com\/fr\/wp-json\/wp\/v2\/media\/171597"}],"wp:attachment":[{"href":"https:\/\/www.europesays.com\/fr\/wp-json\/wp\/v2\/media?parent=171596"}],"wp:term":[{"taxonomy":"category","embeddable":true,"href":"https:\/\/www.europesays.com\/fr\/wp-json\/wp\/v2\/categories?post=171596"},{"taxonomy":"post_tag","embeddable":true,"href":"https:\/\/www.europesays.com\/fr\/wp-json\/wp\/v2\/tags?post=171596"}],"curies":[{"name":"wp","href":"https:\/\/api.w.org\/{rel}","templated":true}]}}