{"id":171606,"date":"2025-06-12T20:00:10","date_gmt":"2025-06-12T20:00:10","guid":{"rendered":"https:\/\/www.europesays.com\/fr\/171606\/"},"modified":"2025-06-12T20:00:10","modified_gmt":"2025-06-12T20:00:10","slug":"une-mamie-de-82-ans-installee-avec-son-brouteur-de-28-ans-en-afrique-contrainte-de-rentrer","status":"publish","type":"post","link":"https:\/\/www.europesays.com\/fr\/171606\/","title":{"rendered":"une mamie de 82 ans, install\u00e9e avec son \u00ab\u00a0brouteur\u00a0\u00bb de 28 ans en Afrique, contrainte de rentrer"},"content":{"rendered":"<p>\u00ab\u00a0J&rsquo;y suis de mon plein gr\u00e9, heureuse comme tout\u00a0\u00bb. Une <a href=\"https:\/\/www.laprovence.com\/article\/societe\/2600916487067214\/ses-comptes-sont-vides-lhistoire-folle-de-cette-mamie-de-82-ans-partie-vivre-en-afrique-avec-un-homme-de-28-ans\" rel=\"noopener noreferrer\" target=\"_self\">retrait\u00e9e normande de 82 ans s&rsquo;est install\u00e9e en C\u00f4te d&rsquo;Ivoire<\/a> en septembre dernier pour vivre avec un homme de 28 ans rencontr\u00e9 sur Facebook. Marie-Jos\u00e9 refusait depuis de revenir en France, malgr\u00e9 les avertissements de son fils. Selon nos confr\u00e8res du <a href=\"https:\/\/www.leparisien.fr\/faits-divers\/elle-avait-rejoint-son-brouteur-en-cote-divoire-marie-jose-82-ans-est-rentree-en-france-12-06-2025-76IRMIHHVBBMVCGW6KVSGY6NSI.php\" rel=\"noopener noreferrer\" target=\"_blank\">Parisien<\/a>, l&rsquo;octog\u00e9naire est finalement rentr\u00e9e, mais \u00ab\u00a0provisoirement\u00a0\u00bb.<\/p>\n<p>De retour pour r\u00e9gulariser sa situation<\/p>\n<p>La Normande devait rentrer pour r\u00e9gulariser sa situation, son visa \u00e9tant p\u00e9rim\u00e9 depuis des mois. \u00ab\u00a0Moi, maintenant, je vais rentrer, je vais r\u00e9gler mes affaires, (&#8230;) et je reviens vite, vite, vite ici\u00a0\u00bb, assure-t-elle en vid\u00e9o aupr\u00e8s de nos confr\u00e8res. \u00ab\u00a0Ma vie, elle est ici et pas en France\u00a0\u00bb, poursuit Marie-Jos\u00e9, d\u00e9termin\u00e9e \u00e0 retourner \u00e0 Abidjan.<\/p>\n<p>Elle accuse notamment son fils, qui a donn\u00e9 l&rsquo;alerte et dit craindre une \u00ab\u00a0<a href=\"https:\/\/www.laprovence.com\/article\/faits-divers-justice\/2348820024587215\/un-faux-brad-pitt-arnaque-une-femme-de-830-000-euros\" rel=\"noopener noreferrer\" target=\"_self\">arnaque aux sentiments<\/a>\u00a0\u00bb d&rsquo;en vouloir \u00e0 son \u00ab\u00a0h\u00e9ritage\u00a0\u00bb. Ses retrouvailles avec ce dernier se seraient mal pass\u00e9es.<\/p>\n<p>7 \u00e0 8 diffusait dimanche dernier sur TF1 une \u00e9mission o\u00f9 on pouvait voir Marie-Jos\u00e9 dans un appartement insalubre \u00e0 Abidjan, o\u00f9 elle partageait son lit avec Christ, son conjoint de 28 ans, accus\u00e9 d&rsquo;\u00eatre un brouteur (escroc qui s\u00e9duit ses victimes sur Internet pour leur extorquer de l&rsquo;argent, Ndlr). Le parquet de Rouen poursuit ses investigations.<\/p>\n<p>Les proches de la mamie de 82 sont particuli\u00e8rement inquiets pour ses finances. Voiture, moto, factures de t\u00e9l\u00e9phone&#8230; Son fils d\u00e9couvre de multiples achats, pr\u00e9l\u00e8vements, virements vers des comptes ivoiriens et des tentatives pour d\u00e9bloquer son assurance-vie. Sa pension de retraite de 3 000 euros serait dilapid\u00e9e dans les jours qui suivent le virement.<\/p>\n","protected":false},"excerpt":{"rendered":"\u00ab\u00a0J&rsquo;y suis de mon plein gr\u00e9, heureuse comme tout\u00a0\u00bb. Une retrait\u00e9e normande de 82 ans s&rsquo;est install\u00e9e en&hellip;\n","protected":false},"author":2,"featured_media":171607,"comment_status":"","ping_status":"","sticky":false,"template":"","format":"standard","meta":{"footnotes":""},"categories":[2],"tags":[17,11,932,1011,27,9103,22636,12,5261,25,104,96,4717],"class_list":{"0":"post-171606","1":"post","2":"type-post","3":"status-publish","4":"format-standard","5":"has-post-thumbnail","7":"category-actualites","8":"tag-17","9":"tag-actualites","10":"tag-est","11":"tag-fr","12":"tag-france","13":"tag-ici","14":"tag-ma","15":"tag-news","16":"tag-pas","17":"tag-republique-francaise","18":"tag-societe","19":"tag-une","20":"tag-vie"},"share_on_mastodon":{"url":"https:\/\/pubeurope.com\/@fr\/114672174659671526","error":""},"_links":{"self":[{"href":"https:\/\/www.europesays.com\/fr\/wp-json\/wp\/v2\/posts\/171606","targetHints":{"allow":["GET"]}}],"collection":[{"href":"https:\/\/www.europesays.com\/fr\/wp-json\/wp\/v2\/posts"}],"about":[{"href":"https:\/\/www.europesays.com\/fr\/wp-json\/wp\/v2\/types\/post"}],"author":[{"embeddable":true,"href":"https:\/\/www.europesays.com\/fr\/wp-json\/wp\/v2\/users\/2"}],"replies":[{"embeddable":true,"href":"https:\/\/www.europesays.com\/fr\/wp-json\/wp\/v2\/comments?post=171606"}],"version-history":[{"count":0,"href":"https:\/\/www.europesays.com\/fr\/wp-json\/wp\/v2\/posts\/171606\/revisions"}],"wp:featuredmedia":[{"embeddable":true,"href":"https:\/\/www.europesays.com\/fr\/wp-json\/wp\/v2\/media\/171607"}],"wp:attachment":[{"href":"https:\/\/www.europesays.com\/fr\/wp-json\/wp\/v2\/media?parent=171606"}],"wp:term":[{"taxonomy":"category","embeddable":true,"href":"https:\/\/www.europesays.com\/fr\/wp-json\/wp\/v2\/categories?post=171606"},{"taxonomy":"post_tag","embeddable":true,"href":"https:\/\/www.europesays.com\/fr\/wp-json\/wp\/v2\/tags?post=171606"}],"curies":[{"name":"wp","href":"https:\/\/api.w.org\/{rel}","templated":true}]}}