{"id":17161,"date":"2025-04-11T11:28:08","date_gmt":"2025-04-11T11:28:08","guid":{"rendered":"https:\/\/www.europesays.com\/fr\/17161\/"},"modified":"2025-04-11T11:28:08","modified_gmt":"2025-04-11T11:28:08","slug":"face-aux-droits-de-douane-de-trump-le-savon-de-marseille-est-dans-lincertitude","status":"publish","type":"post","link":"https:\/\/www.europesays.com\/fr\/17161\/","title":{"rendered":"face aux droits de douane de Trump, le savon de Marseille est dans l\u2019incertitude"},"content":{"rendered":"<p>Taxera, taxera pas\u00a0? <a href=\"https:\/\/www.laprovence.com\/article\/economie\/2117167859655715\/les-droits-de-douane-additionnels-de-trump-sur-les-produits-chinois-atteignent-desormais-145\" target=\"_blank\" rel=\"noopener\">Le pr\u00e9sident am\u00e9ricain Donald Trump<\/a> ne cesse de cr\u00e9er de l\u2019incertitude, dans tous les secteurs de l\u2019\u00e9conomie. Apr\u00e8s avoir annonc\u00e9 l\u2019instauration de redoutables <a href=\"https:\/\/www.laprovence.com\/article\/economie\/15146060036415\/des-pans-de-leconomie-vont-souffrir-quel-sera-limpact-des-taxes-douanieres-de-trump-sur-les-entreprises\" target=\"_blank\" rel=\"noopener\">droits de douane<\/a> de 20% sur tous les produits europ\u00e9ens, il a finalement fait volte-face mercredi 9\u00a0avril, annon\u00e7ant une \u00ab\u00a0pause de 90 jours\u00a0\u00bb. En Provence, <strong>l\u2019incertitude demeure dans la fili\u00e8re du savon<\/strong>.<\/p>\n<p>L\u2019exportation du c\u00e9l\u00e8bre embl\u00e8me marseillais vers les \u00c9tats-Unis repr\u00e9sente une part notable de la diffusion internationale. Les donn\u00e9es pr\u00e9cises sont difficiles \u00e0 isoler dans les cat\u00e9gories g\u00e9n\u00e9rales du produit (code HS 3401 dans les statistiques douani\u00e8res). Mais les importations de savons fran\u00e7ais <a href=\"https:\/\/www.laprovence.com\/article\/france-monde\/2092059047094615\/cest-le-moment-dacheter-des-democrates-soupconnent-trump-de-delit-dinitie-sur-les-droits-de-douane\" target=\"_blank\" rel=\"noopener\">aux \u00c9tats-Unis<\/a> ont atteint environ 13,6\u00a0millions de dollars, en novembre\u00a02024.<\/p>\n<p>Une part significative de cette somme concerne le savon de Marseille, qui b\u00e9n\u00e9ficie d\u2019une r\u00e9putation de produit naturel et artisanal. Sa production totale en France est estim\u00e9e \u00e0 environ 32\u00a0000 tonnes par an, dont une part croissante est destin\u00e9e \u00e0 l\u2019export. Du moins, avec les anciens droits de douane.<\/p>\n<p>Des ambitions \u00ab\u00a0potentiellement revues \u00e0 la baisse\u00a0\u00bb<\/p>\n<p>\u00ab\u00a0Nous allons potentiellement revoir nos ambitions \u00e0 la baisse, \u00e0 cause des incertitudes\u00a0\u00bb, souffle Rapha\u00ebl Seghin, pr\u00e9sident de <a href=\"https:\/\/www.laprovence.com\/article\/papier\/6590106\/le-fer-a-cheval-passe-au-savon-100-olive.html\" target=\"_blank\" rel=\"noopener\">la savonnerie Fer \u00e0 Cheval<\/a>, l\u2019une des quatre composant l\u2019Union des professionnels du savon de Marseille. La soci\u00e9t\u00e9 dispose d\u2019une filiale \u00e0 New York, mais son activit\u00e9 aux \u00c9tats-Unis reste minime. 3% du chiffre d\u2019affaires. \u00ab\u00a0On esp\u00e9rait faire plus en\u00a02025. Nous avions pour objectif de vendre nos savons dans des cha\u00eenes, des grands magasins.\u00a0\u00bb<\/p>\n","protected":false},"excerpt":{"rendered":"Taxera, taxera pas\u00a0? Le pr\u00e9sident am\u00e9ricain Donald Trump ne cesse de cr\u00e9er de l\u2019incertitude, dans tous les secteurs&hellip;\n","protected":false},"author":2,"featured_media":17162,"comment_status":"","ping_status":"","sticky":false,"template":"","format":"standard","meta":{"footnotes":""},"categories":[2814],"tags":[17,1111,11,1007,2483,33,1777,674,2823,1011,27,151,884,12,2141,882,25,6953,3974],"class_list":{"0":"post-17161","1":"post","2":"type-post","3":"status-publish","4":"format-standard","5":"has-post-thumbnail","7":"category-marseille","8":"tag-17","9":"tag-actu","10":"tag-actualites","11":"tag-aux","12":"tag-droits","13":"tag-economie","14":"tag-eu","15":"tag-europe","16":"tag-face","17":"tag-fr","18":"tag-france","19":"tag-les","20":"tag-marseille","21":"tag-news","22":"tag-prix","23":"tag-provence-alpes-cote-dazur","24":"tag-republique-francaise","25":"tag-senvoler","26":"tag-vont"},"share_on_mastodon":{"url":"https:\/\/pubeurope.com\/@fr\/114319098072519895","error":""},"_links":{"self":[{"href":"https:\/\/www.europesays.com\/fr\/wp-json\/wp\/v2\/posts\/17161","targetHints":{"allow":["GET"]}}],"collection":[{"href":"https:\/\/www.europesays.com\/fr\/wp-json\/wp\/v2\/posts"}],"about":[{"href":"https:\/\/www.europesays.com\/fr\/wp-json\/wp\/v2\/types\/post"}],"author":[{"embeddable":true,"href":"https:\/\/www.europesays.com\/fr\/wp-json\/wp\/v2\/users\/2"}],"replies":[{"embeddable":true,"href":"https:\/\/www.europesays.com\/fr\/wp-json\/wp\/v2\/comments?post=17161"}],"version-history":[{"count":0,"href":"https:\/\/www.europesays.com\/fr\/wp-json\/wp\/v2\/posts\/17161\/revisions"}],"wp:featuredmedia":[{"embeddable":true,"href":"https:\/\/www.europesays.com\/fr\/wp-json\/wp\/v2\/media\/17162"}],"wp:attachment":[{"href":"https:\/\/www.europesays.com\/fr\/wp-json\/wp\/v2\/media?parent=17161"}],"wp:term":[{"taxonomy":"category","embeddable":true,"href":"https:\/\/www.europesays.com\/fr\/wp-json\/wp\/v2\/categories?post=17161"},{"taxonomy":"post_tag","embeddable":true,"href":"https:\/\/www.europesays.com\/fr\/wp-json\/wp\/v2\/tags?post=17161"}],"curies":[{"name":"wp","href":"https:\/\/api.w.org\/{rel}","templated":true}]}}