{"id":171628,"date":"2025-06-12T20:13:14","date_gmt":"2025-06-12T20:13:14","guid":{"rendered":"https:\/\/www.europesays.com\/fr\/171628\/"},"modified":"2025-06-12T20:13:14","modified_gmt":"2025-06-12T20:13:14","slug":"en-italie-une-villa-historique-qui-allie-design-et-technologie","status":"publish","type":"post","link":"https:\/\/www.europesays.com\/fr\/171628\/","title":{"rendered":"En Italie, une villa historique qui allie design et technologie"},"content":{"rendered":"<p><strong>Cette villa historique de la Versilia, en Italie, associe ic\u00f4nes du design et haute technologie.<\/strong><\/p>\n<p>R\u00e9nover cette <a href=\"https:\/\/www.admagazine.fr\/article\/combien-coute-construction-maison-architecte\" target=\"_blank\" rel=\"noopener\">maison<\/a> en pr\u00e9servant son charme historique n\u2019\u00e9tait pas un pari facile. Il fallait aussi transformer les int\u00e9rieurs en espaces a\u00e9r\u00e9s et conviviaux, et porter la structure \u00e0 une classe \u00e9nerg\u00e9tique A+. Pour cela, de nombreux panneaux photovolta\u00efques et une pompe \u00e0 chaleur ont \u00e9t\u00e9 install\u00e9s. Ce projet a \u00e9t\u00e9 confi\u00e9 \u00e0 la jeune agence Bureau\/D, fond\u00e9e en Suisse en 2023 par Lorenzo Donati, apr\u00e8s des \u00e9tudes et une exp\u00e9rience aupr\u00e8s d\u2019architectes de renom tels que Manuel Aires Mateus.<\/p>\n<p>\u00ab\u00a0Cette villa historique est situ\u00e9e \u00e0 Poveromo, une ville proche de Forte dei Marmi. Sa <a href=\"https:\/\/www.admagazine.fr\/article\/maisons-extravagant-bernard-tapie-proprietaire-lolympique-marseille\" target=\"_blank\" rel=\"noopener\">propri\u00e9taire<\/a> \u00e9tait une dame \u00e2g\u00e9e nomm\u00e9e Ebe, d\u2019o\u00f9 le nom de Villa Ebe \u00bb, raconte Lorenzo Donati. \u00ab\u00a0Poveromo \u00e9tait, au milieu des ann\u00e9es 1900, une destination touristique et culturelle pour l\u2019intelligentsia italienne de gauche. Des architectes comme Gio Ponti et Aldo Rossi, ainsi que des hommes politiques comme Piero Calamandrei, y venaient souvent. \u00bb On dit m\u00eame que Calamandrei a travaill\u00e9 sur le nouveau texte de la Constitution italienne dans sa r\u00e9sidence de Poveromo.<\/p>\n<p>Vue de la zone d\u2019\u00e9tude depuis le jardin. Le bureau est sign\u00e9 Franco Albini. La lampe de table Cabriolette et le <a href=\"https:\/\/www.admagazine.fr\/decoration\/shopping-deco\/diaporama\/10-suspensions-illuminer-plafonds\/62516\" target=\"_blank\" rel=\"noopener\">plafonnier<\/a> Papavero sont tous deux de Martinelli Luce.<\/p>\n<p>Foto Giovanni NardiLa le\u00e7on de Gio Ponti<\/p>\n<p>La Villa Ebe avait subi plusieurs modifications au fil des ans pour s\u2019adapter \u00e0 l\u2019\u00e9tat de sant\u00e9 de sa propri\u00e9taire. Elle a ensuite \u00e9t\u00e9 achet\u00e9e par une avocate vivant pr\u00e8s de Parme avec sa famille. Les nouveaux propri\u00e9taires voulaient en faire une r\u00e9sidence secondaire, une retraite agr\u00e9able pour passer les mois d\u2019\u00e9t\u00e9 avec parents et amis.<\/p>\n<p>Pour r\u00e9nover cette villa de Versilia, Lorenzo Donati s\u2019est inspir\u00e9 d\u2019un ma\u00eetre : <a href=\"https:\/\/www.admagazine.fr\/article\/un-appartement-entre-haussmann-et-gio-ponti-a-montmartre\" target=\"_blank\" rel=\"noopener\">Gio Ponti<\/a>, qui s\u00e9journait lui aussi dans la r\u00e9gion. \u00ab Je me suis inspir\u00e9 du concept de la maison italienne \u00e9labor\u00e9 par Ponti, qui mentionnait aussi certaines architectures de la Versilia \u00bb explique Lorenzo Donati. \u00ab\u00a0J\u2019ai repris les mat\u00e9riaux, mais aussi les ouvriers et les fabricants locaux. Pour r\u00e9nover la maison, nous avons d\u2019abord d\u00e9cid\u00e9 de la \u201cnettoyer\u201d pour la ramener \u00e0 son \u00e9tat d\u2019origine. Mais il fallait aussi consolider la structure. Nous avons d\u00e9couvert que la maison n\u2019avait pas de fondations et reposait sur du sable. Cela la rendait non seulement bancale, mais aussi tr\u00e8s humide. \u00bb<\/p>\n","protected":false},"excerpt":{"rendered":"Cette villa historique de la Versilia, en Italie, associe ic\u00f4nes du design et haute technologie. R\u00e9nover cette maison&hellip;\n","protected":false},"author":2,"featured_media":171629,"comment_status":"","ping_status":"","sticky":false,"template":"","format":"standard","meta":{"footnotes":""},"categories":[1358],"tags":[1348,1384,1385,1386,58,59,1011,27,30652,452],"class_list":{"0":"post-171628","1":"post","2":"type-post","3":"status-publish","4":"format-standard","5":"has-post-thumbnail","7":"category-arts-et-design","8":"tag-arts","9":"tag-arts-and-design","10":"tag-arts-et-design","11":"tag-design","12":"tag-divertissement","13":"tag-entertainment","14":"tag-fr","15":"tag-france","16":"tag-gio-ponti","17":"tag-italie"},"share_on_mastodon":{"url":"https:\/\/pubeurope.com\/@fr\/114672225724096923","error":""},"_links":{"self":[{"href":"https:\/\/www.europesays.com\/fr\/wp-json\/wp\/v2\/posts\/171628","targetHints":{"allow":["GET"]}}],"collection":[{"href":"https:\/\/www.europesays.com\/fr\/wp-json\/wp\/v2\/posts"}],"about":[{"href":"https:\/\/www.europesays.com\/fr\/wp-json\/wp\/v2\/types\/post"}],"author":[{"embeddable":true,"href":"https:\/\/www.europesays.com\/fr\/wp-json\/wp\/v2\/users\/2"}],"replies":[{"embeddable":true,"href":"https:\/\/www.europesays.com\/fr\/wp-json\/wp\/v2\/comments?post=171628"}],"version-history":[{"count":0,"href":"https:\/\/www.europesays.com\/fr\/wp-json\/wp\/v2\/posts\/171628\/revisions"}],"wp:featuredmedia":[{"embeddable":true,"href":"https:\/\/www.europesays.com\/fr\/wp-json\/wp\/v2\/media\/171629"}],"wp:attachment":[{"href":"https:\/\/www.europesays.com\/fr\/wp-json\/wp\/v2\/media?parent=171628"}],"wp:term":[{"taxonomy":"category","embeddable":true,"href":"https:\/\/www.europesays.com\/fr\/wp-json\/wp\/v2\/categories?post=171628"},{"taxonomy":"post_tag","embeddable":true,"href":"https:\/\/www.europesays.com\/fr\/wp-json\/wp\/v2\/tags?post=171628"}],"curies":[{"name":"wp","href":"https:\/\/api.w.org\/{rel}","templated":true}]}}