{"id":17163,"date":"2025-04-11T11:29:17","date_gmt":"2025-04-11T11:29:17","guid":{"rendered":"https:\/\/www.europesays.com\/fr\/17163\/"},"modified":"2025-04-11T11:29:17","modified_gmt":"2025-04-11T11:29:17","slug":"a-marseille-les-ex-des-cites-parient-sur-le-jeu-collectif","status":"publish","type":"post","link":"https:\/\/www.europesays.com\/fr\/17163\/","title":{"rendered":"\u00c0 Marseille, les ex des cit\u00e9s parient sur le jeu collectif"},"content":{"rendered":"\n<p>\u00ab On a tous r\u00e9ussi \u00e0 s\u2019en sortir dans la vie, on a un taf qui nous pla\u00eet. Il n\u2019y a pas de fatalit\u00e9 \u00e0 partir du moment o\u00f9 quelqu\u2019un vous tend la main\u00a0\u00bb, assure Kader devant l\u2019immeuble o\u00f9 il a grandi aux Bourrely, dans le 15e\u00a0arrondissement. Tao qui y vit encore, compl\u00e8te : \u00ab\u00a0On a eu la chance d\u2019avoir des grands fr\u00e8res pour nous \u00e9viter les faux pas, pour nous remettre sur le bon chemin.\u00a0\u00bb Conscients, qu\u2019\u00ab\u00a0ensemble on r\u00e9fl\u00e9chit mieux\u00a0\u00bb, pr\u00e9cise Salim, les potes d\u2019enfance ont fait bloc.<\/p>\n<p>Il est 17h et le centre social de la cit\u00e9 commence \u00e0 se vider pour fermer ses portes. En ce d\u00e9but des vacances de P\u00e2ques, les jours se rallongent et le soleil fait son retour. Sur le terrain de foot, des minots entament la seconde mi-temps d\u2019un match au score serr\u00e9, tandis que les mamans r\u00e9cup\u00e8rent les restes d\u2019un barbecue improvis\u00e9 pour \u00ab\u00a0cr\u00e9er de l\u2019animation, de l\u2019activit\u00e9, passer un moment ensemble. Parce que quand le centre ferme, y\u2019a plus rien. Quand on \u00e9tait jeunes, c\u2019\u00e9tait plus ouvert, on nous laissait m\u00eame les cl\u00e9s pour l\u2019utiliser quand il y avait un d\u00e9c\u00e8s ou un mariage\u00a0\u00bb, regrette l\u2019une d\u2019elles.<\/p>\n<p> La force du terrain\n              <\/p>\n<p>Le centre avait d\u2019ailleurs tir\u00e9 le rideau en 2019, suite \u00e0 des dysfonctionnements et \u00e0 la liquidation judiciaire de l\u2019association. \u00ab\u00a0On a d\u00fb batailler des mois pour obtenir une r\u00e9ouverture, se souvient Tao, suffisamment longtemps pour qu\u2019on retrouve les ados qui y allaient, embarqu\u00e9s dans le deal\u00a0\u00bb. La structure est \u00e0 nouveau sur pied, reprise par la Ligue de l\u2019enseignement. \u00ab\u00a0C\u2019est bien, mais ceux qui en auraient le plus besoin ne sont pas n\u00e9cessairement ceux qui y vont. C\u2019est comme les concertations organis\u00e9es par les CIQ, la participation s\u2019arr\u00eate souvent aux portes des cit\u00e9s\u00a0\u00bb, regrette Salim. Za\u00efr pr\u00e9cise : \u00ab\u00a0On ne se pose pas en concurrence mais en compl\u00e9mentarit\u00e9 de ces associations. \u00e0 nous six, on est un interlocuteur privil\u00e9gi\u00e9 parce qu\u2019on se conna\u00eet bien, qu\u2019on conna\u00eet bien les gens, qu\u2019ils nous font confiance, l\u00e0 o\u00f9 ils ont perdu la foi dans l\u2019institution.\u00a0\u00bb<\/p>\n<p>\u00ab\u00a0Regarde comme j\u2019y arrive bien !\u00a0\u00bb. Au bord du terrain de foot, une gamine h\u00e8le poliment Tao pour qu\u2019il l\u2019aide \u00e0 se hisser sur un des agr\u00e8s et confirme ses prouesses de gymnaste. \u00ab\u00a0Kader ! Je voulais te demander&#8230;\u00a0\u00bb, interpelle une jeune maman en voyant le groupe des six copains discuter. Un dossier de demande de logement, un stage en entreprise pour la fille d\u2019un voisin, une aide pour remplir un dossier num\u00e9rique venant d\u2019une mamie, un appel de d\u00e9tresse d\u2019un parent pour son fils en d\u00e9crochage scolaire&#8230; \u00ab\u00a0on s\u2019est rendu compte qu\u2019on \u00e9tait devenu des r\u00e9f\u00e9rents pour beaucoup de personnes, naturellement\u00a0\u00bb, explique Hafid, enseignant comme ses coll\u00e8gues Zamir et Salim, en poste au lyc\u00e9e professionnel Jacques-Raynaud \u00e0 Saint-J\u00e9r\u00f4me dans le 13e\u00a0arrondissement.<\/p>\n<p>Leur force, c\u2019est ind\u00e9niablement la proximit\u00e9. Pr\u00e8s de 11\u00a0000 habitants peuplent les grosses cit\u00e9s de Notre-Dame-Limite, l\u2019un des quartiers les plus d\u00e9favoris\u00e9s de la ville. Avec le recul des politiques de solidarit\u00e9, des moyens allou\u00e9s aux petits centres sociaux, \u00ab\u00a0forc\u00e9ment, pour r\u00e9pondre aux besoins des habitants, \u00e7a rame\u00a0\u00bb, souligne Kader, aide-soignant \u00e0 l\u2019h\u00f4pital psychiatrique \u00c9douard-Toulouse et syndicaliste \u00e0 Sud Sant\u00e9 sociaux. \u00ab\u00a0Mais il y a aussi de la vie ici, de belles volont\u00e9s, de belles initiatives qu\u2019il faut encourager\u00a0\u00bb, envisage Tao, son coll\u00e8gue d\u2019h\u00f4pital. Pour ce faire, les six anciens du quartier ont d\u00e9cid\u00e9 de \u00ab\u00a0se mobiliser ensemble, pour filer un coup de pouce \u00e0 nos voisins sur des probl\u00e8mes de la vie de tous les jours, toutes g\u00e9n\u00e9rations confondues, en utilisant nos comp\u00e9tences, nos exp\u00e9riences, nos r\u00e9seaux de connaissances\u00a0\u00bb.<\/p>\n<p>\u00c0 Notre-Dame-Limite, \u00ab\u00a0sans se poser de limites\u00a0\u00bb, assure Zamir, \u00ab\u00a0avec une vision politique qui vient du terrain et non pas un projet que le politique vient poser dessus\u00a0\u00bb, le KGBS promet de se faire le porte-voix de ceux qu\u2019on n\u2019entend pas pour am\u00e9liorer leur cadre de vie et \u00ab\u00a0interpeller les politiques publiques\u00a0\u00bb.<\/p>\n","protected":false},"excerpt":{"rendered":"\u00ab On a tous r\u00e9ussi \u00e0 s\u2019en sortir dans la vie, on a un taf qui nous pla\u00eet.&hellip;\n","protected":false},"author":2,"featured_media":17164,"comment_status":"","ping_status":"","sticky":false,"template":"","format":"standard","meta":{"footnotes":""},"categories":[2814],"tags":[1111,11,1777,674,1011,27,884,4801,12,882,25],"class_list":{"0":"post-17163","1":"post","2":"type-post","3":"status-publish","4":"format-standard","5":"has-post-thumbnail","7":"category-marseille","8":"tag-actu","9":"tag-actualites","10":"tag-eu","11":"tag-europe","12":"tag-fr","13":"tag-france","14":"tag-marseille","15":"tag-myriam-guillaume","16":"tag-news","17":"tag-provence-alpes-cote-dazur","18":"tag-republique-francaise"},"share_on_mastodon":{"url":"https:\/\/pubeurope.com\/@fr\/114319102006021796","error":""},"_links":{"self":[{"href":"https:\/\/www.europesays.com\/fr\/wp-json\/wp\/v2\/posts\/17163","targetHints":{"allow":["GET"]}}],"collection":[{"href":"https:\/\/www.europesays.com\/fr\/wp-json\/wp\/v2\/posts"}],"about":[{"href":"https:\/\/www.europesays.com\/fr\/wp-json\/wp\/v2\/types\/post"}],"author":[{"embeddable":true,"href":"https:\/\/www.europesays.com\/fr\/wp-json\/wp\/v2\/users\/2"}],"replies":[{"embeddable":true,"href":"https:\/\/www.europesays.com\/fr\/wp-json\/wp\/v2\/comments?post=17163"}],"version-history":[{"count":0,"href":"https:\/\/www.europesays.com\/fr\/wp-json\/wp\/v2\/posts\/17163\/revisions"}],"wp:featuredmedia":[{"embeddable":true,"href":"https:\/\/www.europesays.com\/fr\/wp-json\/wp\/v2\/media\/17164"}],"wp:attachment":[{"href":"https:\/\/www.europesays.com\/fr\/wp-json\/wp\/v2\/media?parent=17163"}],"wp:term":[{"taxonomy":"category","embeddable":true,"href":"https:\/\/www.europesays.com\/fr\/wp-json\/wp\/v2\/categories?post=17163"},{"taxonomy":"post_tag","embeddable":true,"href":"https:\/\/www.europesays.com\/fr\/wp-json\/wp\/v2\/tags?post=17163"}],"curies":[{"name":"wp","href":"https:\/\/api.w.org\/{rel}","templated":true}]}}