{"id":171632,"date":"2025-06-12T20:15:13","date_gmt":"2025-06-12T20:15:13","guid":{"rendered":"https:\/\/www.europesays.com\/fr\/171632\/"},"modified":"2025-06-12T20:15:13","modified_gmt":"2025-06-12T20:15:13","slug":"avant-premiere-familles-nombreuses-la-vie-en-xxl-du-13-juin-2025-episode-99-familles-nombreuses-la-vie-en-xxl","status":"publish","type":"post","link":"https:\/\/www.europesays.com\/fr\/171632\/","title":{"rendered":"Avant-premi\u00e8re &#8211; Familles nombreuses : la vie en XXL du 13 juin 2025 &#8211; Episode 99 &#8211; Familles nombreuses : la vie en XXL"},"content":{"rendered":"<p id=\"descriptionPanel\" aria-labelledby=\"descriptionArrow\" aria-expanded=\"false\" class=\"mr-2 line-clamp-2 pr-2.5 text-secondary overflow-visible\">La famille Provench\u00e8re est de retour ! On retrouve donc La\u00ebtitia, maman de 4 enfants : No\u00eblya, Lyna et Emmy des tripl\u00e9es de 3 ans et Nolann un petit gar\u00e7on de 6 ans. Cette ann\u00e9e les filles vont d\u00e9couvrir les bancs de l&rsquo;\u00e9cole tandis que Nolann rentre au CP. Les Fanich arrivent sur leur lieu de campement, au milieu des montagnes avec une vue imprenable sur le Mont Blanc. Ils sont bien install\u00e9s mais ils redoutent l&rsquo;orage qui risque d&rsquo;arriver. Chez les Baudrand, C\u00e9line a mis en place un tableau des \u00e9motions, pour aider les tripl\u00e9es \u00e0 mettre des mots sur ce qu&rsquo;elles ressentent. Demi-tour pour les Nguyen qui avaient pr\u00e9vu une sortie dans une base de loisirs mais qui sont malheureusement stopp\u00e9s par la pluie. Familles nombreuses : la vie en XXL. Saison 09 \u00c9pisode 99<\/p>\n<p><a class=\"shrink-0\" href=\"https:\/\/www.tf1.fr\/tf1\/les-familles-nombreuses-la-vie-en-xxl\" target=\"_blank\" rel=\"noopener\"><img decoding=\"async\" src=\"https:\/\/www.europesays.com\/fr\/wp-content\/uploads\/2025\/05\/1747760056_399_program-card-portrait-1-famille-ballot-3ae008-57ead5-0@1x.jpg\" width=\"138\" height=\"184\" alt=\"\" loading=\"eager\" fetchpriority=\"auto\" class=\"aspect-[3\/4] h-24 w-auto rounded-3px\" aria-hidden=\"true\"\/><\/a><\/p>\n","protected":false},"excerpt":{"rendered":"La famille Provench\u00e8re est de retour ! On retrouve donc La\u00ebtitia, maman de 4 enfants : No\u00eblya, Lyna&hellip;\n","protected":false},"author":2,"featured_media":171633,"comment_status":"","ping_status":"","sticky":false,"template":"","format":"standard","meta":{"footnotes":""},"categories":[1356],"tags":[58,59,1365,21484,4980,21485,1011,27,6163,252,1364,21487,21486],"class_list":{"0":"post-171632","1":"post","2":"type-post","3":"status-publish","4":"format-standard","5":"has-post-thumbnail","7":"category-television","8":"tag-divertissement","9":"tag-entertainment","10":"tag-episode","11":"tag-episode-familles-nombreuses-la-vie-en-xxl","12":"tag-familles-nombreuses-la-vie-en-xxl","13":"tag-familles-nombreuses-la-vie-en-xxl-episode","14":"tag-fr","15":"tag-france","16":"tag-streaming-familles-nombreuses-la-vie-en-xxl","17":"tag-television","18":"tag-tv","19":"tag-video-en-streaming-familles-nombreuses-la-vie-en-xxl","20":"tag-video-familles-nombreuses-la-vie-en-xxl"},"share_on_mastodon":{"url":"https:\/\/pubeurope.com\/@fr\/114672233640961743","error":""},"_links":{"self":[{"href":"https:\/\/www.europesays.com\/fr\/wp-json\/wp\/v2\/posts\/171632","targetHints":{"allow":["GET"]}}],"collection":[{"href":"https:\/\/www.europesays.com\/fr\/wp-json\/wp\/v2\/posts"}],"about":[{"href":"https:\/\/www.europesays.com\/fr\/wp-json\/wp\/v2\/types\/post"}],"author":[{"embeddable":true,"href":"https:\/\/www.europesays.com\/fr\/wp-json\/wp\/v2\/users\/2"}],"replies":[{"embeddable":true,"href":"https:\/\/www.europesays.com\/fr\/wp-json\/wp\/v2\/comments?post=171632"}],"version-history":[{"count":0,"href":"https:\/\/www.europesays.com\/fr\/wp-json\/wp\/v2\/posts\/171632\/revisions"}],"wp:featuredmedia":[{"embeddable":true,"href":"https:\/\/www.europesays.com\/fr\/wp-json\/wp\/v2\/media\/171633"}],"wp:attachment":[{"href":"https:\/\/www.europesays.com\/fr\/wp-json\/wp\/v2\/media?parent=171632"}],"wp:term":[{"taxonomy":"category","embeddable":true,"href":"https:\/\/www.europesays.com\/fr\/wp-json\/wp\/v2\/categories?post=171632"},{"taxonomy":"post_tag","embeddable":true,"href":"https:\/\/www.europesays.com\/fr\/wp-json\/wp\/v2\/tags?post=171632"}],"curies":[{"name":"wp","href":"https:\/\/api.w.org\/{rel}","templated":true}]}}