{"id":171634,"date":"2025-06-12T20:16:11","date_gmt":"2025-06-12T20:16:11","guid":{"rendered":"https:\/\/www.europesays.com\/fr\/171634\/"},"modified":"2025-06-12T20:16:11","modified_gmt":"2025-06-12T20:16:11","slug":"david-hallyday-plus-heureux-que-jamais-loin-des-studios-de-musique-nouvelle-vie-au-cote-du-fils-de-charlotte-gainsbourg","status":"publish","type":"post","link":"https:\/\/www.europesays.com\/fr\/171634\/","title":{"rendered":"David Hallyday plus heureux que jamais loin des studios de musique : nouvelle vie au c\u00f4t\u00e9 du fils de Charlotte Gainsbourg"},"content":{"rendered":"<p>      R\u00e9sum\u00e9<\/p>\n<p>David Hallyday d\u00e9bute sa carri\u00e8re d&rsquo;acteur dans un polar sur France 2, incarnant un psychiatre profiler au pass\u00e9 secret, aux c\u00f4t\u00e9s du fils de Charlotte Gainsbourg.<\/p>\n<p>        Sommaire<\/p>\n<p><strong>David Hallyday marche sur les traces de sa petite s\u0153ur<\/strong>. Alors que Laura Smet <a href=\"https:\/\/www.public.fr\/laura-smet-de-retour-dans-une-serie-a-succes-cette-annonce-inattendue-qui-devrait-ravir-ses-fans\" rel=\"nofollow noopener\" target=\"_blank\">collabore depuis plusieurs ann\u00e9es<\/a> avec le service public sur plusieurs projets de t\u00e9l\u00e9films et de minis-s\u00e9ries, David Hallyday, lui, va s&rsquo;essayer \u00e0 l&rsquo;exercice pour la toute premi\u00e8re fois. Ce mardi 10 juin, le fils a\u00een\u00e9 de Johnny a d\u00e9but\u00e9 le tournage d&rsquo;Ardennes, un tout nouveau polar \u00e0 destination de France 2, r\u00e9alis\u00e9 par une d\u00e9nomm\u00e9e <strong>Jos\u00e9e Dayan<\/strong>. Cette derni\u00e8re n&rsquo;est autre que la r\u00e9alisatrice de la s\u00e9rie \u00e0 succ\u00e8s Capitaine Marleau.<\/p>\n<p>Pour l&rsquo;heure, Ardennes n&rsquo;est qu&rsquo;un pilote de 90 minutes. <strong>Mais si le succ\u00e8s est au rendez-vous, le projet pourrait devenir une s\u00e9rie \u00e0 part enti\u00e8re<\/strong> et ainsi rejoindre le catalogue de France T\u00e9l\u00e9visions. Au casting, David Hallyday, qui incarne le r\u00f4le-titre, donnera la r\u00e9plique au fils d&rsquo;un couple qu&rsquo;il conna\u00eet bien ! En effet, <strong>Ben Attal<\/strong>, qui est devenu com\u00e9dien il y a quelques ann\u00e9es, porte le second r\u00f4le masculin d&rsquo;Ardennes. A la ville, il n&rsquo;est autre que <a href=\"https:\/\/www.public.fr\/grossier-degueulasse-alcoolo-le-petit-fils-de-serge-gainsbourg-en-roue-libre-sur-son-grand-pere\" rel=\"nofollow noopener\" target=\"_blank\">le petit-fils de Serge Gainsbourg<\/a>, et le fils de Charlotte et Yvan Attal. <\/p>\n<p>David Hallyday, un psychiatre et profiler au pass\u00e9 trouble<\/p>\n<p>Dans ce t\u00e9l\u00e9film possiblement d\u00e9clinable en s\u00e9rie, David Hallyday sera Olivier Rimbaud. <strong>Le h\u00e9ros, charmeur et myst\u00e9rieux, est un psychiatre de renom<\/strong>. Mais aussi s\u00e9duisant et s\u00e9ducteur soit-il, Rimbaud vit seul, dans son manoir ardennais. Mais en plus d&rsquo;aider ses patients \u00e0 gu\u00e9rir, il est \u00e9galement profiler. Il tente d&rsquo;aider la police \u00e0 r\u00e9soudre des \u00e9nigmes, et les aide sur des enqu\u00eates criminelles hors norme. Mais \u00e0 c\u00f4t\u00e9 de cela, Rimbaud cache bien des secrets. <strong>Son pass\u00e9 trouble et inqui\u00e9tant<\/strong> pourrait lui co\u00fbter cher&#8230;<\/p>\n<p>David Hallyday conna\u00eet bien Jos\u00e9e Dayan. L&rsquo;artiste, qui f\u00eatera ses 59 ans cet \u00e9t\u00e9, avait jou\u00e9 dans un \u00e9pisode de <a href=\"https:\/\/vsd.fr\/61980-capitaine-marleau-ce-moment-tres-embarrassant-vecu-par-nolwenn-leroy-sur-le-tournage-de-la-serie\/\" rel=\"nofollow noopener\" target=\"_blank\">Capitaine Marleau<\/a> en 2023. Dans A contre-courant, il avait donn\u00e9 la r\u00e9plique \u00e0 <a href=\"https:\/\/www.public.fr\/elle-a-pris-au-moins-30-kilos-romane-bohringer-repond-aux-critiques-apres-son-apparition-a-cannes-2025\" rel=\"nofollow noopener\" target=\"_blank\">Romane Bohringer<\/a> et Olivier de Benoist. Au cin\u00e9ma, on a pu le voir en 1994 dans Grosse fatigue de Michel Blanc, mais aussi dans Hunger Games : La r\u00e9volte, partie 2 en 2015. Il a jou\u00e9 un petit r\u00f4le figuratif \u00e0 la fin du film. Dans Ardennes, il incarnera son tout premier grand r\u00f4le.<\/p>\n<p>      Mentionn\u00e9s dans cet article<\/p>\n<p>\u00c0 lire aussi<\/p>\n","protected":false},"excerpt":{"rendered":"R\u00e9sum\u00e9 David Hallyday d\u00e9bute sa carri\u00e8re d&rsquo;acteur dans un polar sur France 2, incarnant un psychiatre profiler au&hellip;\n","protected":false},"author":2,"featured_media":171635,"comment_status":"","ping_status":"","sticky":false,"template":"","format":"standard","meta":{"footnotes":""},"categories":[1355],"tags":[30656,10498,1300,58,59,1011,27,594,19007,1361,873,17398,12809,6265,30657],"class_list":{"0":"post-171634","1":"post","2":"type-post","3":"status-publish","4":"format-standard","5":"has-post-thumbnail","7":"category-musique","8":"tag-ben-attal","9":"tag-charlotte-gainsbourg","10":"tag-david-hallyday","11":"tag-divertissement","12":"tag-entertainment","13":"tag-fr","14":"tag-france","15":"tag-france-2","16":"tag-josee-dayan","17":"tag-music","18":"tag-musique","19":"tag-serie-televisee","20":"tag-telefilm","21":"tag-tournage","22":"tag-yvan-attal"},"share_on_mastodon":{"url":"https:\/\/pubeurope.com\/@fr\/114672238102754650","error":""},"_links":{"self":[{"href":"https:\/\/www.europesays.com\/fr\/wp-json\/wp\/v2\/posts\/171634","targetHints":{"allow":["GET"]}}],"collection":[{"href":"https:\/\/www.europesays.com\/fr\/wp-json\/wp\/v2\/posts"}],"about":[{"href":"https:\/\/www.europesays.com\/fr\/wp-json\/wp\/v2\/types\/post"}],"author":[{"embeddable":true,"href":"https:\/\/www.europesays.com\/fr\/wp-json\/wp\/v2\/users\/2"}],"replies":[{"embeddable":true,"href":"https:\/\/www.europesays.com\/fr\/wp-json\/wp\/v2\/comments?post=171634"}],"version-history":[{"count":0,"href":"https:\/\/www.europesays.com\/fr\/wp-json\/wp\/v2\/posts\/171634\/revisions"}],"wp:featuredmedia":[{"embeddable":true,"href":"https:\/\/www.europesays.com\/fr\/wp-json\/wp\/v2\/media\/171635"}],"wp:attachment":[{"href":"https:\/\/www.europesays.com\/fr\/wp-json\/wp\/v2\/media?parent=171634"}],"wp:term":[{"taxonomy":"category","embeddable":true,"href":"https:\/\/www.europesays.com\/fr\/wp-json\/wp\/v2\/categories?post=171634"},{"taxonomy":"post_tag","embeddable":true,"href":"https:\/\/www.europesays.com\/fr\/wp-json\/wp\/v2\/tags?post=171634"}],"curies":[{"name":"wp","href":"https:\/\/api.w.org\/{rel}","templated":true}]}}