{"id":171642,"date":"2025-06-12T20:20:11","date_gmt":"2025-06-12T20:20:11","guid":{"rendered":"https:\/\/www.europesays.com\/fr\/171642\/"},"modified":"2025-06-12T20:20:11","modified_gmt":"2025-06-12T20:20:11","slug":"iris-mittenaere-denonce-des-propos-mensongers-et-porte-plainte","status":"publish","type":"post","link":"https:\/\/www.europesays.com\/fr\/171642\/","title":{"rendered":"Iris Mittenaere d\u00e9nonce des \u00ab\u00a0propos mensongers\u00a0\u00bb et porte plainte"},"content":{"rendered":"<p>        <img decoding=\"async\" loading=\"lazy\" src=\"https:\/\/www.europesays.com\/fr\/wp-content\/uploads\/2025\/06\/f3c644c_1658620421047-625bc0fd1e0000e1871b2bd1.jpeg\"  width=\"728\" height=\"409\" alt=\"Ce jeudi 12\u00a0juin au soir, Iris Mittenaere a pris la parole sur Instagram apr\u00e8s des accusations de tromperies de son ex-compagnon, Diego El Glaoui. (photo d\u2019illustration)\"\/>  <\/p>\n<p>Stephane Mahe via Reuters<\/p>\n<p>Ce jeudi 12\u00a0juin au soir, Iris Mittenaere a pris la parole sur Instagram apr\u00e8s des accusations de tromperies de son ex-compagnon, Diego El Glaoui. (photo d\u2019illustration)<\/p>\n<p class=\"asset asset-text\">PEOPLE &#8211; \u00ab\u00a0Il faut que \u00e7a cesse\u00a0\u00bb. Ce jeudi 12\u00a0juin au soir, <a href=\"https:\/\/www.huffingtonpost.fr\/divertissement\/article\/ninja-warrior-iris-mittenaere-n-animera-pas-la-prochaine-saison-du-jeu-de-tf1_247286.html\" rel=\"nofollow noopener\" target=\"_blank\">Iris Mittenaere <\/a>a r\u00e9agi sur Instagram apr\u00e8s des accusations de tromperies de son ex-compagnon,<a href=\"https:\/\/www.huffingtonpost.fr\/people\/article\/iris-mittenaere-et-diego-el-glaoui-annoncent-leur-separation-apres-quatre-ans-de-relation_233777.html\" rel=\"nofollow noopener\" target=\"_blank\"> Diego El Glaoui<\/a>. Le blogueur Aqababe s\u2019en \u00e9tait aussi pris \u00e0 Miss Univers 2016 en insinuant avoir des \u00e9l\u00e9ments r\u00e9v\u00e9lant \u00ab\u00a0le vrai visage\u00a0\u00bb de la jeune femme. La reine de beaut\u00e9 a d\u00e9pos\u00e9 plainte.<\/p>\n<p class=\"asset asset-text\">\u00ab\u00a0Depuis plusieurs jours, je fais l\u2019objet d\u2019une campagne de haine et de diffamation\u00a0\u00bb, \u00e9crit l\u2019ancienne Miss France, dans un communiqu\u00e9 officiel, diffus\u00e9 dans sa story (photo \u00e9ph\u00e9m\u00e8re) Instagram. Elle d\u00e9nonce \u00e9galement \u00ab\u00a0des propos mensongers, d\u00e9form\u00e9s, sortis de leur contexte\u00a0\u00bb.<\/p>\n<p class=\"asset asset-text\">\u00ab\u00a0Comme trop d\u2019autres femmes, je constate \u00e0 quel point la calomnie, le harc\u00e8lement et la manipulation sont devenus des outils de pression en ligne. Il est temps que cela cesse\u00a0\u00bb, poursuit Iris Mittenaere qui annonce avoir d\u00e9pos\u00e9 \u00ab\u00a0une plainte p\u00e9nale aupr\u00e8s du Procureur de la R\u00e9publique de Paris pour divulgation de correspondances priv\u00e9es, diffamation publique et incitation au cyberharc\u00e8lement.\u00a0\u00bb.<\/p>\n<p>    Des all\u00e9gations venues d\u2019Aqababe    <\/p>\n<p class=\"asset asset-text\">Diego El Glaoui et Iris Mittenaere se sont s\u00e9par\u00e9s, en bonne entente, en mai\u00a02024. Mais des rumeurs ont \u00e9merg\u00e9 r\u00e9cemment, affirmant que l\u2019ex-dentiste de 32\u00a0ans aurait tromp\u00e9 son compagnon. Ces all\u00e9gations ont pris de l\u2019ampleur avec la prise de parole du blogueur Aqababe, qui a affirm\u00e9 le 10\u00a0juin que la Miss avait tromp\u00e9 son ex avec l\u2019influenceur Valentin Lucas \u00ab\u00a0pendant quatre mois\u00a0\u00bb mais aussi avec l\u2019humoriste Paul Mirabel.<\/p>\n<p class=\"asset asset-text\">Les dires d\u2019Aqababe avaient ensuite \u00e9t\u00e9 renforc\u00e9s par le t\u00e9moignage de Diego El Glaoui qui avait \u00e9crit dans la foul\u00e9e sur Instagram\u00a0: \u00ab\u00a0J\u2019ai d\u00e9couvert que j\u2019avais \u00e9t\u00e9 tromp\u00e9 peu apr\u00e8s nos fian\u00e7ailles et durant plusieurs mois. Et malgr\u00e9 cela, j\u2019ai choisi de pardonner, de me battre pour notre promesse d\u2019engagement \u00e9ternel, de redonner une chance \u00e0 notre couple, et de ne pas l\u2019exposer\u00a0\u00bb.<\/p>\n<p class=\"asset asset-text\">Des accusations qu\u2019Iris Mittenaere r\u00e9fute donc. Celle qui s\u2019affiche d\u00e9sormais r\u00e9guli\u00e8rement avec le rugbyman Antoine Dupont, conclut qu\u2019elle ne mettra pas en pause ses projets malgr\u00e9 la campagne de d\u00e9nigrement qu\u2019elle affirme subir\u00a0: \u00ab\u00a0Je reste profond\u00e9ment attach\u00e9e \u00e0 mes valeurs\u00a0: le respect, la v\u00e9rit\u00e9, la justice. Je suis debout, entour\u00e9e et pleinement engag\u00e9e dans mes projets\u00a0\u00bb. <\/p>\n","protected":false},"excerpt":{"rendered":"Stephane Mahe via Reuters Ce jeudi 12\u00a0juin au soir, Iris Mittenaere a pris la parole sur Instagram apr\u00e8s&hellip;\n","protected":false},"author":2,"featured_media":171643,"comment_status":"","ping_status":"","sticky":false,"template":"","format":"standard","meta":{"footnotes":""},"categories":[8],"tags":[58,59,1011,27,7308,3034,973],"class_list":{"0":"post-171642","1":"post","2":"type-post","3":"status-publish","4":"format-standard","5":"has-post-thumbnail","7":"category-divertissement","8":"tag-divertissement","9":"tag-entertainment","10":"tag-fr","11":"tag-france","12":"tag-iris-mittenaere","13":"tag-miss-france","14":"tag-people"},"share_on_mastodon":{"url":"https:\/\/pubeurope.com\/@fr\/114672253418883643","error":""},"_links":{"self":[{"href":"https:\/\/www.europesays.com\/fr\/wp-json\/wp\/v2\/posts\/171642","targetHints":{"allow":["GET"]}}],"collection":[{"href":"https:\/\/www.europesays.com\/fr\/wp-json\/wp\/v2\/posts"}],"about":[{"href":"https:\/\/www.europesays.com\/fr\/wp-json\/wp\/v2\/types\/post"}],"author":[{"embeddable":true,"href":"https:\/\/www.europesays.com\/fr\/wp-json\/wp\/v2\/users\/2"}],"replies":[{"embeddable":true,"href":"https:\/\/www.europesays.com\/fr\/wp-json\/wp\/v2\/comments?post=171642"}],"version-history":[{"count":0,"href":"https:\/\/www.europesays.com\/fr\/wp-json\/wp\/v2\/posts\/171642\/revisions"}],"wp:featuredmedia":[{"embeddable":true,"href":"https:\/\/www.europesays.com\/fr\/wp-json\/wp\/v2\/media\/171643"}],"wp:attachment":[{"href":"https:\/\/www.europesays.com\/fr\/wp-json\/wp\/v2\/media?parent=171642"}],"wp:term":[{"taxonomy":"category","embeddable":true,"href":"https:\/\/www.europesays.com\/fr\/wp-json\/wp\/v2\/categories?post=171642"},{"taxonomy":"post_tag","embeddable":true,"href":"https:\/\/www.europesays.com\/fr\/wp-json\/wp\/v2\/tags?post=171642"}],"curies":[{"name":"wp","href":"https:\/\/api.w.org\/{rel}","templated":true}]}}