{"id":171648,"date":"2025-06-12T20:23:10","date_gmt":"2025-06-12T20:23:10","guid":{"rendered":"https:\/\/www.europesays.com\/fr\/171648\/"},"modified":"2025-06-12T20:23:10","modified_gmt":"2025-06-12T20:23:10","slug":"apres-le-freedom-flotilla-des-milliers-de-personnes-en-route-pour-une-marche-mondiale-vers-gaza","status":"publish","type":"post","link":"https:\/\/www.europesays.com\/fr\/171648\/","title":{"rendered":"Apr\u00e8s le Freedom Flotilla, des milliers de personnes en route pour une marche mondiale\u00a0vers Gaza"},"content":{"rendered":"<p>        <img decoding=\"async\" loading=\"lazy\" src=\"https:\/\/www.europesays.com\/fr\/wp-content\/uploads\/2025\/06\/89ae2ab_1730310829261-000-33yl7pj.jpg\"  width=\"728\" height=\"410\" alt=\"Une marche mondiale pour Gaza d\u00e9butera vendredi 13\u00a0juin, depuis le Caire. (photo d\u2019illustration)\"\/>  <\/p>\n<p>YURI CORTEZ \/ AFP<\/p>\n<p>Une marche mondiale pour Gaza d\u00e9butera vendredi 13\u00a0juin, depuis le Caire. (photo d\u2019illustration)<\/p>\n<p class=\"asset asset-text\">GAZA &#8211; Un mouvement d\u2019ampleur. Quelques jours apr\u00e8s <a href=\"https:\/\/www.huffingtonpost.fr\/international\/article\/apres-l-arrestation-du-madleen-comment-israel-fait-sa-propre-communication-pour-retourner-l-affaire_251151.html\" rel=\"nofollow noopener\" target=\"_blank\">l\u2019arrestation des militants \u00e0 bord du navire humanitaire Madleen <\/a>par Isra\u00ebl, une nouvelle initiative a vu le jour pour apporter du soutien aux civils palestiniens. Vendredi 13\u00a0juin, une marche mondiale pour<a href=\"https:\/\/www.huffingtonpost.fr\/international\/article\/gaza-le-veto-des-etats-unis-sur-un-cessez-le-feu-provoque-la-colere-a-l-onu_250956.html\" rel=\"nofollow noopener\" target=\"_blank\"> Gaza<\/a> d\u00e9butera depuis Le\u00a0Caire, en \u00c9gypte, rassemblant des milliers de participants venus du monde entier.<\/p>\n<p class=\"asset asset-text\">Quelque 4\u00a0000 militants d\u2019une quarantaine de pays ont r\u00e9serv\u00e9 des vols pour Le\u00a0Caire afin de participer \u00e0 la marche, selon les organisateurs. L\u2019objectif est de partir du\u00a0Caire pour rallier en bus la ville d\u2019al-Arich, dans le nord du Sina\u00ef, \u00e0 344\u00a0km au nord-ouest de la capitale, puis \u00e0 pied jusqu\u2019\u00e0 Rafah, du c\u00f4t\u00e9 \u00e9gyptien de la fronti\u00e8re.<\/p>\n<p class=\"asset asset-text\">Avant m\u00eame le d\u00e9but de la marche, plus de 200 militants de diverses nationalit\u00e9s venus en \u00c9gypte pour participer \u00e0 une marche internationale vers Gaza ont cependant \u00e9t\u00e9 interpell\u00e9s \u00e0 leur h\u00f4tel ou retenus \u00e0 l\u2019a\u00e9roport du\u00a0Caire, a d\u00e9clar\u00e9 ce jeudi 12\u00a0juin \u00e0 l\u2019AFP Seif Abu Kishk, un porte-parole du collectif organisateur.<\/p>\n<p> La lecture de ce contenu est susceptible d\u2019entra\u00eener un d\u00e9p\u00f4t de cookies de la part de l\u2019op\u00e9rateur tiers qui l\u2019h\u00e9berge. Compte-tenu des choix que vous avez exprim\u00e9s en mati\u00e8re de d\u00e9p\u00f4t de cookies, nous avons bloqu\u00e9 l\u2019affichage de ce contenu. Si vous souhaitez y acc\u00e9der, vous devez accepter la cat\u00e9gorie de cookies \u201cContenus tiers\u201d en cliquant sur le bouton ci-dessous. <\/p>\n<p> Lire la Vid\u00e9o        <\/p>\n<p class=\"asset asset-text\">Isra\u00ebl a press\u00e9 mercredi les autorit\u00e9s \u00e9gyptiennes d\u2019interdire toute \u00ab\u00a0provocation\u00a0\u00bb pro-palestinienne sur son territoire, alors que deux actions militantes sont pr\u00e9vues, le collectif \u00ab\u00a0Global march to Gaza\u00a0\u00bb donc, \u00e0 partir de vendredi au d\u00e9part du\u00a0Caire, mais aussi la caravane \u00ab\u00a0Soumoud\u00a0\u00bb, un convoi parti de Tunis pour rallier la bande de Gaza.<\/p>\n<p>                     Des Fran\u00e7ais parmi les interpell\u00e9s, selon les organisateurs    <\/p>\n<p class=\"asset asset-text\">Tout en r\u00e9affirmant l\u2019importance des pressions sur Isra\u00ebl pour lever le blocus du territoire palestinien, les autorit\u00e9s \u00e9gyptiennes ont fait savoir mercredi que toute forme d\u2019action pro-palestinienne organis\u00e9e par des \u00ab\u00a0d\u00e9l\u00e9gations \u00e9trang\u00e8res\u00a0\u00bb exigeait une \u00ab\u00a0autorisation pr\u00e9alable\u00a0\u00bb.<\/p>\n<p class=\"asset asset-text\">Les interpellations recens\u00e9es depuis mercredi par les organisateurs de la Global March n\u2019ont pas fait l\u2019objet de communication officielle.<\/p>\n<p class=\"asset asset-text\">Parmi les militants interpell\u00e9s figurent des Am\u00e9ricains, des Australiens, des Autrichiens, des Hollandais, des Espagnols, des Fran\u00e7ais, des Marocains, des Tunisiens, des Sud-Africains, selon Seif Abu Kishk.<\/p>\n<p class=\"asset asset-text\">Des messages priv\u00e9s sur les r\u00e9seaux sociaux ou transmis par les organisateurs font aussi \u00e9tat d\u2019interpellations de Grecs, d\u2019Alg\u00e9riens et de Colombiens et d\u2019expulsions de Fran\u00e7ais, Allemands, ou Belges. La logistique tr\u00e8s d\u00e9centralis\u00e9e du collectif complique la collecte d\u2019informations exactes sur la situation en cours.<\/p>\n<p class=\"asset asset-text\">\u00ab\u00a0Ce qui s\u2019est pass\u00e9 \u2013 les descentes dans les h\u00f4tels, les interrogatoires des participants, la confiscation des t\u00e9l\u00e9phones, les fouilles des personnes et des bagages \u00e0 l\u2019a\u00e9roport \u2013 \u00e9tait compl\u00e8tement inattendu\u00a0\u00bb, a d\u00e9clar\u00e9 Seif Abu Kishk. \u00ab\u00a0Ce qui se passe \u00e0 pr\u00e9sent n\u2019est pas li\u00e9 \u00e0 nos positions mais \u00e0 la fa\u00e7on dont les autorit\u00e9s \u00e9gyptiennes g\u00e8rent la situation\u00a0\u00bb, a-t-il dit.<\/p>\n<p>    La caravane Soumoud    <\/p>\n<p class=\"asset asset-text\">Le collectif \u00ab\u00a0Global march to Gaza\u00a0\u00bb a affirm\u00e9 mercredi avoir envoy\u00e9 \u00ab\u00a0il y a plusieurs semaines\u00a0\u00bb une demande d\u2019autorisation officielle au\u00a0Caire et dans les ambassades des diff\u00e9rents pays impliqu\u00e9s, mais \u00ab\u00a0sans r\u00e9ponse officielle\u00a0\u00bb jusqu\u2019\u00e0 pr\u00e9sent.<\/p>\n<p class=\"asset asset-text\">\u00ab\u00a0On attend une prise de position de l\u2019\u00c9tat fran\u00e7ais et de l\u2019\u00c9tat \u00e9gyptien mais personne ne r\u00e9pond clairement\u00a0\u00bb, a d\u00e9plor\u00e9 Catherine Le Scolan-Qu\u00e9r\u00e9 la porte-parole de la d\u00e9l\u00e9gation fran\u00e7aise du collectif. \u00ab\u00a0Pour l\u2019instant, \u00e0 moins de 24\u00a0heures de la marche, tout le monde se rejette la responsabilit\u00e9\u00a0\u00bb, a-t-elle dit \u00e0 l\u2019AFP sans pouvoir pr\u00e9ciser combien de militants fran\u00e7ais se trouvaient actuellement retenus au\u00a0Caire.<\/p>\n<p class=\"asset asset-text\">Parall\u00e8lement \u00e0 la marche mondiale pour Gaza, la caravane Soumoud, un convoi r\u00e9unissant des militants tunisiens, alg\u00e9riens, marocains et mauritaniens, se trouve actuellement en Libye et compte passer en \u00c9gypte pour aller jusqu\u2019\u00e0 la bande de Gaza.<\/p>\n<p> La lecture de ce contenu est susceptible d\u2019entra\u00eener un d\u00e9p\u00f4t de cookies de la part de l\u2019op\u00e9rateur tiers qui l\u2019h\u00e9berge. Compte-tenu des choix que vous avez exprim\u00e9s en mati\u00e8re de d\u00e9p\u00f4t de cookies, nous avons bloqu\u00e9 l\u2019affichage de ce contenu. Si vous souhaitez y acc\u00e9der, vous devez accepter la cat\u00e9gorie de cookies \u201cContenus tiers\u201d en cliquant sur le bouton ci-dessous. <\/p>\n<p> Lire la Vid\u00e9o        <\/p>\n<p class=\"asset asset-text\">La \u00ab\u00a0Global March\u00a0\u00bb, le convoi Soumoud et le voilier Madleen qui a \u00e9t\u00e9 intercept\u00e9 lundi par les autorit\u00e9s isra\u00e9liennes ont \u00ab\u00a0des buts communs\u00a0\u00bb mais \u00ab\u00a0sont trois mouvements diff\u00e9rents\u00a0\u00bb, selon les organisateurs de la marche.<\/p>\n<p> La lecture de ce contenu est susceptible d\u2019entra\u00eener un d\u00e9p\u00f4t de cookies de la part de l\u2019op\u00e9rateur tiers qui l\u2019h\u00e9berge. Compte-tenu des choix que vous avez exprim\u00e9s en mati\u00e8re de d\u00e9p\u00f4t de cookies, nous avons bloqu\u00e9 l\u2019affichage de ce contenu. Si vous souhaitez y acc\u00e9der, vous devez accepter la cat\u00e9gorie de cookies \u201cContenus tiers\u201d en cliquant sur le bouton ci-dessous. <\/p>\n<p> Lire la Vid\u00e9o        <\/p>\n<p class=\"asset asset-text\">Apr\u00e8s 20 mois de guerre dans la bande de Gaza, d\u00e9clench\u00e9e par une attaque sans pr\u00e9c\u00e9dent du mouvement islamiste palestinien Hamas sur le sol isra\u00e9lien, Isra\u00ebl fait face \u00e0 une pression internationale croissante pour autoriser davantage d\u2019aide dans ce territoire palestinien afin de pallier les p\u00e9nuries g\u00e9n\u00e9ralis\u00e9es de nourriture et produits de premi\u00e8re n\u00e9cessit\u00e9.<\/p>\n","protected":false},"excerpt":{"rendered":"YURI CORTEZ \/ AFP Une marche mondiale pour Gaza d\u00e9butera vendredi 13\u00a0juin, depuis le Caire. (photo d\u2019illustration) GAZA&hellip;\n","protected":false},"author":2,"featured_media":171649,"comment_status":"","ping_status":"","sticky":false,"template":"","format":"standard","meta":{"footnotes":""},"categories":[5],"tags":[11,4303,1011,27,665,14,664,12,28],"class_list":{"0":"post-171648","1":"post","2":"type-post","3":"status-publish","4":"format-standard","5":"has-post-thumbnail","7":"category-international","8":"tag-actualites","9":"tag-egypte","10":"tag-fr","11":"tag-france","12":"tag-gaza","13":"tag-international","14":"tag-israel","15":"tag-news","16":"tag-world"},"share_on_mastodon":{"url":"https:\/\/pubeurope.com\/@fr\/114672265342255022","error":""},"_links":{"self":[{"href":"https:\/\/www.europesays.com\/fr\/wp-json\/wp\/v2\/posts\/171648","targetHints":{"allow":["GET"]}}],"collection":[{"href":"https:\/\/www.europesays.com\/fr\/wp-json\/wp\/v2\/posts"}],"about":[{"href":"https:\/\/www.europesays.com\/fr\/wp-json\/wp\/v2\/types\/post"}],"author":[{"embeddable":true,"href":"https:\/\/www.europesays.com\/fr\/wp-json\/wp\/v2\/users\/2"}],"replies":[{"embeddable":true,"href":"https:\/\/www.europesays.com\/fr\/wp-json\/wp\/v2\/comments?post=171648"}],"version-history":[{"count":0,"href":"https:\/\/www.europesays.com\/fr\/wp-json\/wp\/v2\/posts\/171648\/revisions"}],"wp:featuredmedia":[{"embeddable":true,"href":"https:\/\/www.europesays.com\/fr\/wp-json\/wp\/v2\/media\/171649"}],"wp:attachment":[{"href":"https:\/\/www.europesays.com\/fr\/wp-json\/wp\/v2\/media?parent=171648"}],"wp:term":[{"taxonomy":"category","embeddable":true,"href":"https:\/\/www.europesays.com\/fr\/wp-json\/wp\/v2\/categories?post=171648"},{"taxonomy":"post_tag","embeddable":true,"href":"https:\/\/www.europesays.com\/fr\/wp-json\/wp\/v2\/tags?post=171648"}],"curies":[{"name":"wp","href":"https:\/\/api.w.org\/{rel}","templated":true}]}}