{"id":17165,"date":"2025-04-11T11:30:07","date_gmt":"2025-04-11T11:30:07","guid":{"rendered":"https:\/\/www.europesays.com\/fr\/17165\/"},"modified":"2025-04-11T11:30:07","modified_gmt":"2025-04-11T11:30:07","slug":"pres-de-lyon-deux-radars-chantiers-installes-sur-la46","status":"publish","type":"post","link":"https:\/\/www.europesays.com\/fr\/17165\/","title":{"rendered":"Pr\u00e8s de Lyon : deux radars chantiers install\u00e9s sur l&rsquo;A46\u00a0"},"content":{"rendered":"<p>Il va falloir rester attentifs sur l&rsquo;A46. Deux radars chantiers ont \u00e9t\u00e9 install\u00e9s sur le viaduc de Sermenaz ce jeudi 10 avril.<\/p>\n<p>Deux radars chantiers ont \u00e9t\u00e9 install\u00e9s sur l&rsquo;<b>A46 <\/b>au niveau du viaduc de <b>Sermenaz <\/b>o\u00f9 sont men\u00e9s des travaux. Ils sont entr\u00e9s en fonction ce jeudi 10 avril.\u00a0<\/p>\n<p>Le premier radar a \u00e9t\u00e9 install\u00e9 en direction de Lyon. Il restera en place <b>jusqu&rsquo;au 3 juillet<\/b>.<br \/>Le deuxi\u00e8me contr\u00f4lera les v\u00e9hicules qui circulent en direction de Paris, <b>jusqu&rsquo;au 10 octobre<\/b>.<\/p>\n<p>Sur ce tron\u00e7on, la vitesse est limit\u00e9e \u00e0 <b>70 km\/h <\/b>soyez prudents.<\/p>\n<p><\/p>\n","protected":false},"excerpt":{"rendered":"Il va falloir rester attentifs sur l&rsquo;A46. Deux radars chantiers ont \u00e9t\u00e9 install\u00e9s sur le viaduc de Sermenaz&hellip;\n","protected":false},"author":2,"featured_media":17166,"comment_status":"","ping_status":"","sticky":false,"template":"","format":"standard","meta":{"footnotes":""},"categories":[1889],"tags":[6954,1111,11,6955,2430,4107,6959,1777,674,1011,27,2428,12,6957,25,6958,6956],"class_list":{"0":"post-17165","1":"post","2":"type-post","3":"status-publish","4":"format-standard","5":"has-post-thumbnail","7":"category-lyon","8":"tag-a46","9":"tag-actu","10":"tag-actualites","11":"tag-autoroute","12":"tag-auvergne-rhone-alpes","13":"tag-chantier","14":"tag-contrle","15":"tag-eu","16":"tag-europe","17":"tag-fr","18":"tag-france","19":"tag-lyon","20":"tag-news","21":"tag-radars","22":"tag-republique-francaise","23":"tag-sermenaz","24":"tag-vitesse"},"share_on_mastodon":{"url":"https:\/\/pubeurope.com\/@fr\/114319106267829777","error":""},"_links":{"self":[{"href":"https:\/\/www.europesays.com\/fr\/wp-json\/wp\/v2\/posts\/17165","targetHints":{"allow":["GET"]}}],"collection":[{"href":"https:\/\/www.europesays.com\/fr\/wp-json\/wp\/v2\/posts"}],"about":[{"href":"https:\/\/www.europesays.com\/fr\/wp-json\/wp\/v2\/types\/post"}],"author":[{"embeddable":true,"href":"https:\/\/www.europesays.com\/fr\/wp-json\/wp\/v2\/users\/2"}],"replies":[{"embeddable":true,"href":"https:\/\/www.europesays.com\/fr\/wp-json\/wp\/v2\/comments?post=17165"}],"version-history":[{"count":0,"href":"https:\/\/www.europesays.com\/fr\/wp-json\/wp\/v2\/posts\/17165\/revisions"}],"wp:featuredmedia":[{"embeddable":true,"href":"https:\/\/www.europesays.com\/fr\/wp-json\/wp\/v2\/media\/17166"}],"wp:attachment":[{"href":"https:\/\/www.europesays.com\/fr\/wp-json\/wp\/v2\/media?parent=17165"}],"wp:term":[{"taxonomy":"category","embeddable":true,"href":"https:\/\/www.europesays.com\/fr\/wp-json\/wp\/v2\/categories?post=17165"},{"taxonomy":"post_tag","embeddable":true,"href":"https:\/\/www.europesays.com\/fr\/wp-json\/wp\/v2\/tags?post=17165"}],"curies":[{"name":"wp","href":"https:\/\/api.w.org\/{rel}","templated":true}]}}