{"id":171650,"date":"2025-06-12T20:24:09","date_gmt":"2025-06-12T20:24:09","guid":{"rendered":"https:\/\/www.europesays.com\/fr\/171650\/"},"modified":"2025-06-12T20:24:09","modified_gmt":"2025-06-12T20:24:09","slug":"retour-mouvemente-pour-rima-hassan-qui-a-du-se-refugier-dans-les-toilettes-de-lavion","status":"publish","type":"post","link":"https:\/\/www.europesays.com\/fr\/171650\/","title":{"rendered":"Retour mouvement\u00e9 pour Rima Hassan qui a d\u00fb se r\u00e9fugier dans les toilettes de l\u2019avion"},"content":{"rendered":"<p>Le retour \u00e0 <a href=\"https:\/\/www.20minutes.fr\/paris\/\" class=\"color-ultramarine c-link\" target=\"_blank\" rel=\"noopener\">Paris<\/a> a \u00e9t\u00e9 mouvement\u00e9 pour <a href=\"https:\/\/www.20minutes.fr\/politique\/rima-hassan\/\" class=\"color-ultramarine c-link\" target=\"_blank\" rel=\"noopener\">Rima Hassan<\/a>. L\u2019eurod\u00e9put\u00e9e franco-palestinienne est arriv\u00e9e jeudi soir \u00e0 l\u2019a\u00e9roport de <a href=\"https:\/\/www.20minutes.fr\/dossier\/roissy\" class=\"color-ultramarine c-link\" target=\"_blank\" rel=\"noopener\">Roissy<\/a>, apr\u00e8s un vol J\u00e9rusalem-Paris compliqu\u00e9 du fait d\u2019une \u00ab\u00a0situation conflictuelle avec d\u2019autres voyageurs\u00a0\u00bb, a indiqu\u00e9 \u00e0 l\u2019AFP une source a\u00e9roportuaire.<\/p>\n<p>\u00ab\u00a0Il y a eu une situation conflictuelle \u00e0 bord, avec d\u2019autres voyageurs. Rima Hassan a d\u00fb se r\u00e9fugier dans les toilettes de l\u2019avion, suite \u00e0 un mouvement de voyageurs hostiles\u00a0\u00bb, a indiqu\u00e9 cette source, expliquant qu\u2019elle avait d\u00fb \u00eatre \u00e9vacu\u00e9e de l\u2019avion par la Police aux fronti\u00e8res. Elle avait \u00e9t\u00e9 arr\u00eat\u00e9e lundi, comme onze autres personnes, apr\u00e8s <a href=\"https:\/\/www.20minutes.fr\/monde\/israel\/4157609-20250609-israel-silence-complice-arrestation-illegale-colere-gauche-apres-interception-bateau-gaza\" class=\"color-ultramarine c-link\" target=\"_blank\" rel=\"noopener\">l\u2019arraisonnement par Isra\u00ebl du voilier Madleen<\/a> dans les eaux internationales, \u00e0 185\u00a0km de la c\u00f4te de Gaza.<\/p>\n<\/p>\n<p>\u00ab\u00a0Au revoir\u00a0\u00bb<\/p>\n<p>Douze passagers du voilier Madleen pour la plupart des militants propalestiniens \u00e9taient partis d\u2019Italie le 1er\u00a0juin pour rejoindre la bande de <a href=\"https:\/\/www.20minutes.fr\/monde\/gaza\/\" class=\"color-ultramarine c-link\" target=\"_blank\" rel=\"noopener\">Gaza <\/a>et \u00ab\u00a0briser le blocus isra\u00e9lien\u00a0\u00bb impos\u00e9 au territoire palestinien. Arr\u00eat\u00e9s lundi, ils avaient ensuite \u00e9t\u00e9 plac\u00e9s dans un centre de r\u00e9tention en <a href=\"https:\/\/www.20minutes.fr\/monde\/israel\/\" class=\"color-ultramarine c-link\" target=\"_blank\" rel=\"noopener\">Isra\u00ebl<\/a>.<\/p>\n<p>Quatre d\u2019entre eux \u2013 la Su\u00e9doise <a href=\"https:\/\/www.20minutes.fr\/planete\/greta-thunberg\/\" class=\"color-ultramarine c-link\" target=\"_blank\" rel=\"noopener\">Greta Thunberg<\/a>, deux Fran\u00e7ais et un Espagnol \u2013 ont regagn\u00e9 leur pays plus t\u00f4t cette semaine apr\u00e8s avoir accept\u00e9 d\u2019\u00eatre expuls\u00e9s par Isra\u00ebl. \u00ab\u00a0Six autres passagers du \u00ab\u00a0selfie yacht \u00ab\u00a0, dont Rima Hassan, sont en train de quitter Isra\u00ebl. Au revoir, et n\u2019oubliez pas de prendre un selfie avant de partir\u00a0\u00bb, a \u00e9crit jeudi le minist\u00e8re isra\u00e9lien des Affaires \u00e9trang\u00e8res dans un bref message en anglais sur son compte X accompagn\u00e9 de plusieurs photos de passagers, dont l\u2019eurod\u00e9put\u00e9e LFI, \u00e0 bord d\u2019un avion.<\/p>\n","protected":false},"excerpt":{"rendered":"Le retour \u00e0 Paris a \u00e9t\u00e9 mouvement\u00e9 pour Rima Hassan. L\u2019eurod\u00e9put\u00e9e franco-palestinienne est arriv\u00e9e jeudi soir \u00e0 l\u2019a\u00e9roport&hellip;\n","protected":false},"author":2,"featured_media":171651,"comment_status":"","ping_status":"","sticky":false,"template":"","format":"standard","meta":{"footnotes":""},"categories":[4],"tags":[47,11,37,3259,1011,27,665,664,1023,12,1072,25,15442,16484,104],"class_list":{"0":"post-171650","1":"post","2":"type-post","3":"status-publish","4":"format-standard","5":"has-post-thumbnail","7":"category-france","8":"tag-actualite","9":"tag-actualites","10":"tag-avion","11":"tag-conflit-israelo-palestinien","12":"tag-fr","13":"tag-france","14":"tag-gaza","15":"tag-israel","16":"tag-la-france-insoumise-lfi","17":"tag-news","18":"tag-police","19":"tag-republique-francaise","20":"tag-rima-hassan","21":"tag-roissy","22":"tag-societe"},"share_on_mastodon":{"url":"https:\/\/pubeurope.com\/@fr\/114672268963868623","error":""},"_links":{"self":[{"href":"https:\/\/www.europesays.com\/fr\/wp-json\/wp\/v2\/posts\/171650","targetHints":{"allow":["GET"]}}],"collection":[{"href":"https:\/\/www.europesays.com\/fr\/wp-json\/wp\/v2\/posts"}],"about":[{"href":"https:\/\/www.europesays.com\/fr\/wp-json\/wp\/v2\/types\/post"}],"author":[{"embeddable":true,"href":"https:\/\/www.europesays.com\/fr\/wp-json\/wp\/v2\/users\/2"}],"replies":[{"embeddable":true,"href":"https:\/\/www.europesays.com\/fr\/wp-json\/wp\/v2\/comments?post=171650"}],"version-history":[{"count":0,"href":"https:\/\/www.europesays.com\/fr\/wp-json\/wp\/v2\/posts\/171650\/revisions"}],"wp:featuredmedia":[{"embeddable":true,"href":"https:\/\/www.europesays.com\/fr\/wp-json\/wp\/v2\/media\/171651"}],"wp:attachment":[{"href":"https:\/\/www.europesays.com\/fr\/wp-json\/wp\/v2\/media?parent=171650"}],"wp:term":[{"taxonomy":"category","embeddable":true,"href":"https:\/\/www.europesays.com\/fr\/wp-json\/wp\/v2\/categories?post=171650"},{"taxonomy":"post_tag","embeddable":true,"href":"https:\/\/www.europesays.com\/fr\/wp-json\/wp\/v2\/tags?post=171650"}],"curies":[{"name":"wp","href":"https:\/\/api.w.org\/{rel}","templated":true}]}}