{"id":171654,"date":"2025-06-12T20:26:11","date_gmt":"2025-06-12T20:26:11","guid":{"rendered":"https:\/\/www.europesays.com\/fr\/171654\/"},"modified":"2025-06-12T20:26:11","modified_gmt":"2025-06-12T20:26:11","slug":"chamond-festival-cinq-bonnes-raisons-daller-a-la-rue-des-artistes","status":"publish","type":"post","link":"https:\/\/www.europesays.com\/fr\/171654\/","title":{"rendered":"Chamond | Festival. Cinq bonnes raisons d\u2019aller \u00e0 la Rue des Artistes"},"content":{"rendered":"<p> 1Assister au retour sur sc\u00e8ne d\u2019un as du rap fran\u00e7ais <\/p>\n<p>Jon Smoke, Black Desperado, Black Popeye, Black Jacques Brel\u2026 Oxmo Puccino collectionne les surnoms comme les hits sur lesquels il a pos\u00e9 son flow inimitable. Depuis son premier album, Op\u00e9ra Puccino (1998), le rappeur trace son sillon hors des sentiers battus en ciselant ses textes comme un orf\u00e8vre de la rime. Apr\u00e8s un silence de plusieurs ann\u00e9es, Oxmo est de retour avec un nouvel album, Lafiya sessions , sur lequel il croise le micro avec bon nombre de rappeurs, toutes g\u00e9n\u00e9rations confondues\u00a0: Dany Dan, Le C\u00e9l\u00e8bre Bauza (pour les plus anciens), Mister You, Dinos, Dosseh (pour la nouvelle \u00e9cole), et bien d\u2019autres. Son retour sur sc\u00e8ne \u00e9tait attendu par beaucoup de pieds fermes, c\u2019est donc une chance de pouvoir venir l\u2019applaudir lors de la soir\u00e9e d\u2019ouverture de la Rue des Artistes.<\/p>\n<p> 2 Faire le plein de t\u00eates d\u2019affiche <\/p>\n<p>C\u2019est un chanteur bien connu des fans de la Rue Ketanou qui prendra le&#8230;<\/p>\n","protected":false},"excerpt":{"rendered":"1Assister au retour sur sc\u00e8ne d\u2019un as du rap fran\u00e7ais Jon Smoke, Black Desperado, Black Popeye, Black Jacques&hellip;\n","protected":false},"author":2,"featured_media":171655,"comment_status":"","ping_status":"","sticky":false,"template":"","format":"standard","meta":{"footnotes":""},"categories":[9653],"tags":[1111,11,2430,1687,7539,1777,674,1011,27,12,25,9669,9670,4001,3140],"class_list":{"0":"post-171654","1":"post","2":"type-post","3":"status-publish","4":"format-standard","5":"has-post-thumbnail","7":"category-saint-etienne","8":"tag-actu","9":"tag-actualites","10":"tag-auvergne-rhone-alpes","11":"tag-culture-loisirs","12":"tag-edition-loire-sud","13":"tag-eu","14":"tag-europe","15":"tag-fr","16":"tag-france","17":"tag-news","18":"tag-republique-francaise","19":"tag-saint-chamond","20":"tag-saint-chamond-ville","21":"tag-saint-etienne","22":"tag-spectacle"},"share_on_mastodon":{"url":"https:\/\/pubeurope.com\/@fr\/114672276809196239","error":""},"_links":{"self":[{"href":"https:\/\/www.europesays.com\/fr\/wp-json\/wp\/v2\/posts\/171654","targetHints":{"allow":["GET"]}}],"collection":[{"href":"https:\/\/www.europesays.com\/fr\/wp-json\/wp\/v2\/posts"}],"about":[{"href":"https:\/\/www.europesays.com\/fr\/wp-json\/wp\/v2\/types\/post"}],"author":[{"embeddable":true,"href":"https:\/\/www.europesays.com\/fr\/wp-json\/wp\/v2\/users\/2"}],"replies":[{"embeddable":true,"href":"https:\/\/www.europesays.com\/fr\/wp-json\/wp\/v2\/comments?post=171654"}],"version-history":[{"count":0,"href":"https:\/\/www.europesays.com\/fr\/wp-json\/wp\/v2\/posts\/171654\/revisions"}],"wp:featuredmedia":[{"embeddable":true,"href":"https:\/\/www.europesays.com\/fr\/wp-json\/wp\/v2\/media\/171655"}],"wp:attachment":[{"href":"https:\/\/www.europesays.com\/fr\/wp-json\/wp\/v2\/media?parent=171654"}],"wp:term":[{"taxonomy":"category","embeddable":true,"href":"https:\/\/www.europesays.com\/fr\/wp-json\/wp\/v2\/categories?post=171654"},{"taxonomy":"post_tag","embeddable":true,"href":"https:\/\/www.europesays.com\/fr\/wp-json\/wp\/v2\/tags?post=171654"}],"curies":[{"name":"wp","href":"https:\/\/api.w.org\/{rel}","templated":true}]}}