{"id":171669,"date":"2025-06-12T20:37:12","date_gmt":"2025-06-12T20:37:12","guid":{"rendered":"https:\/\/www.europesays.com\/fr\/171669\/"},"modified":"2025-06-12T20:37:12","modified_gmt":"2025-06-12T20:37:12","slug":"retenez-bien-leur-nom-a-rouen-melenchon-passe-a-la-menace","status":"publish","type":"post","link":"https:\/\/www.europesays.com\/fr\/171669\/","title":{"rendered":"\u00ab\u00a0Retenez bien leur nom\u00a0\u00bb&#8230; \u00a0\u00e0 Rouen, M\u00e9lenchon passe \u00e0 la menace"},"content":{"rendered":"<p>\t\u00ab\u00a0Retenez bien leur nom\u00a0\u00bb&#8230; \u00a0\u00e0 Rouen, M\u00e9lenchon passe \u00e0 la menace &#8211; Valeurs actuelles<\/p>\n<p><a href=\"https:\/\/www.valeursactuelles.com\/\" target=\"_blank\" rel=\"noopener\">Accueil<\/a> \u00bb <a href=\"https:\/\/www.valeursactuelles.com\/politique\" target=\"_blank\" rel=\"noopener\">Politique<\/a> \u00bb \u00ab\u00a0Retenez bien leur nom\u00a0\u00bb\u2026 \u00a0\u00e0 Rouen, M\u00e9lenchon passe \u00e0 la menace<\/p>\n","protected":false},"excerpt":{"rendered":"\u00ab\u00a0Retenez bien leur nom\u00a0\u00bb&#8230; \u00a0\u00e0 Rouen, M\u00e9lenchon passe \u00e0 la menace &#8211; Valeurs actuelles Accueil \u00bb Politique \u00bb&hellip;\n","protected":false},"author":2,"featured_media":171670,"comment_status":"","ping_status":"","sticky":false,"template":"","format":"standard","meta":{"footnotes":""},"categories":[9587],"tags":[1111,11,1777,674,1011,27,3081,780,27012,12,13268,5161,25,15442,9590],"class_list":{"0":"post-171669","1":"post","2":"type-post","3":"status-publish","4":"format-standard","5":"has-post-thumbnail","7":"category-rouen","8":"tag-actu","9":"tag-actualites","10":"tag-eu","11":"tag-europe","12":"tag-fr","13":"tag-france","14":"tag-jean-luc-melenchon","15":"tag-lfi","16":"tag-manon-aubry","17":"tag-news","18":"tag-nicolas-mayer-rossignol","19":"tag-normandie","20":"tag-republique-francaise","21":"tag-rima-hassan","22":"tag-rouen"},"share_on_mastodon":{"url":"https:\/\/pubeurope.com\/@fr\/114672320117340145","error":""},"_links":{"self":[{"href":"https:\/\/www.europesays.com\/fr\/wp-json\/wp\/v2\/posts\/171669","targetHints":{"allow":["GET"]}}],"collection":[{"href":"https:\/\/www.europesays.com\/fr\/wp-json\/wp\/v2\/posts"}],"about":[{"href":"https:\/\/www.europesays.com\/fr\/wp-json\/wp\/v2\/types\/post"}],"author":[{"embeddable":true,"href":"https:\/\/www.europesays.com\/fr\/wp-json\/wp\/v2\/users\/2"}],"replies":[{"embeddable":true,"href":"https:\/\/www.europesays.com\/fr\/wp-json\/wp\/v2\/comments?post=171669"}],"version-history":[{"count":0,"href":"https:\/\/www.europesays.com\/fr\/wp-json\/wp\/v2\/posts\/171669\/revisions"}],"wp:featuredmedia":[{"embeddable":true,"href":"https:\/\/www.europesays.com\/fr\/wp-json\/wp\/v2\/media\/171670"}],"wp:attachment":[{"href":"https:\/\/www.europesays.com\/fr\/wp-json\/wp\/v2\/media?parent=171669"}],"wp:term":[{"taxonomy":"category","embeddable":true,"href":"https:\/\/www.europesays.com\/fr\/wp-json\/wp\/v2\/categories?post=171669"},{"taxonomy":"post_tag","embeddable":true,"href":"https:\/\/www.europesays.com\/fr\/wp-json\/wp\/v2\/tags?post=171669"}],"curies":[{"name":"wp","href":"https:\/\/api.w.org\/{rel}","templated":true}]}}