{"id":171671,"date":"2025-06-12T20:38:45","date_gmt":"2025-06-12T20:38:45","guid":{"rendered":"https:\/\/www.europesays.com\/fr\/171671\/"},"modified":"2025-06-12T20:38:45","modified_gmt":"2025-06-12T20:38:45","slug":"le-modem-designe-ses-chefs-de-file-dans-cinq-villes-de-la-metropole-de-grenoble","status":"publish","type":"post","link":"https:\/\/www.europesays.com\/fr\/171671\/","title":{"rendered":"le MoDem d\u00e9signe ses chefs de file dans cinq villes de la M\u00e9tropole de Grenoble"},"content":{"rendered":"<p>Le Mouvement d\u00e9mocrate a d\u00e9sign\u00e9 mercredi une premi\u00e8re liste de chefs de file dans le cadre des \u00e9lections municipales de 2026. Ceux-ci sont \u00ab\u00a0des pr\u00e9figurateurs qui vont poursuivre les discussions avec les forces en pr\u00e9sence et proposer au MoDem une strat\u00e9gie territoire par territoire\u00a0\u00bb, a expliqu\u00e9 Maud Gatel, secr\u00e9taire g\u00e9n\u00e9rale du parti, tout en rappelant que les chefs de file ne seraient pas n\u00e9cessairement candidats en t\u00eate de liste.<\/p>\n<p>En Is\u00e8re ont \u00e9t\u00e9 d\u00e9sign\u00e9s\u00a0:<\/p>\n<p>\u25b6 Pour Grenoble, Delphine Bense, conseill\u00e8re municipale d\u2019opposition et responsable des relations publiques \u00e0 Sciences Po Grenoble.<\/p>\n<p>\u25b6 Pour Saint-Martin-d\u2019H\u00e8res, Nicolas Pinsault, vice-pr\u00e9sident du Conseil national de l\u2019ordre des masseurs-kin\u00e9sith\u00e9rapeutes, professeur des universit\u00e9s.<\/p>\n<p>\u25b6 Pour\u00a0Fontaine, <a href=\"https:\/\/www.ledauphine.com\/p\/franck-longo\" target=\"_blank\" rel=\"noopener\">Franck Longo<\/a>, maire de Fontaine, conseiller m\u00e9tropolitain, conseiller d\u00e9partemental.<\/p>\n<p>\u25b6 Pour Seyssinet-Pariset, Fabien Durand-Poudret, conseiller municipal d\u2019opposition et directeur d\u2018\u00e9cole.<\/p>\n<p>\u25b6 Pour Sassenage\u00a0: Christelle Pirault Gabus, conseill\u00e8re en immobilier.<\/p>\n","protected":false},"excerpt":{"rendered":"Le Mouvement d\u00e9mocrate a d\u00e9sign\u00e9 mercredi une premi\u00e8re liste de chefs de file dans le cadre des \u00e9lections&hellip;\n","protected":false},"author":2,"featured_media":171672,"comment_status":"","ping_status":"","sticky":false,"template":"","format":"standard","meta":{"footnotes":""},"categories":[9566],"tags":[1111,11,2430,112,4188,1777,674,9592,1011,27,2731,2732,108,2759,12,316,25,9448,16668,16735],"class_list":{"0":"post-171671","1":"post","2":"type-post","3":"status-publish","4":"format-standard","5":"has-post-thumbnail","7":"category-grenoble","8":"tag-actu","9":"tag-actualites","10":"tag-auvergne-rhone-alpes","11":"tag-edition-grenoble-agglomeration","12":"tag-elections-municipales","13":"tag-eu","14":"tag-europe","15":"tag-fontaine","16":"tag-fr","17":"tag-france","18":"tag-grenoble","19":"tag-grenoble-bassin","20":"tag-isere","21":"tag-modem","22":"tag-news","23":"tag-politique","24":"tag-republique-francaise","25":"tag-saint-martin-dheres","26":"tag-sassenage","27":"tag-seyssinet-pariset"},"share_on_mastodon":{"url":"https:\/\/pubeurope.com\/@fr\/114672324021083105","error":""},"_links":{"self":[{"href":"https:\/\/www.europesays.com\/fr\/wp-json\/wp\/v2\/posts\/171671","targetHints":{"allow":["GET"]}}],"collection":[{"href":"https:\/\/www.europesays.com\/fr\/wp-json\/wp\/v2\/posts"}],"about":[{"href":"https:\/\/www.europesays.com\/fr\/wp-json\/wp\/v2\/types\/post"}],"author":[{"embeddable":true,"href":"https:\/\/www.europesays.com\/fr\/wp-json\/wp\/v2\/users\/2"}],"replies":[{"embeddable":true,"href":"https:\/\/www.europesays.com\/fr\/wp-json\/wp\/v2\/comments?post=171671"}],"version-history":[{"count":0,"href":"https:\/\/www.europesays.com\/fr\/wp-json\/wp\/v2\/posts\/171671\/revisions"}],"wp:featuredmedia":[{"embeddable":true,"href":"https:\/\/www.europesays.com\/fr\/wp-json\/wp\/v2\/media\/171672"}],"wp:attachment":[{"href":"https:\/\/www.europesays.com\/fr\/wp-json\/wp\/v2\/media?parent=171671"}],"wp:term":[{"taxonomy":"category","embeddable":true,"href":"https:\/\/www.europesays.com\/fr\/wp-json\/wp\/v2\/categories?post=171671"},{"taxonomy":"post_tag","embeddable":true,"href":"https:\/\/www.europesays.com\/fr\/wp-json\/wp\/v2\/tags?post=171671"}],"curies":[{"name":"wp","href":"https:\/\/api.w.org\/{rel}","templated":true}]}}