{"id":171675,"date":"2025-06-12T20:40:23","date_gmt":"2025-06-12T20:40:23","guid":{"rendered":"https:\/\/www.europesays.com\/fr\/171675\/"},"modified":"2025-06-12T20:40:23","modified_gmt":"2025-06-12T20:40:23","slug":"ils-ont-massacre-ce-coin-de-nature-des-riverains-montent-au-creneau-apres-linstallation-de-gens-du-voyage-pres-de-chez-eux","status":"publish","type":"post","link":"https:\/\/www.europesays.com\/fr\/171675\/","title":{"rendered":"\u00ab\u00a0Ils ont massacr\u00e9 ce coin de nature\u00a0\u00bb\u00a0: des riverains montent au cr\u00e9neau apr\u00e8s l\u2019installation de gens du voyage pr\u00e8s de chez eux"},"content":{"rendered":"<p>\u00ab On a l\u2019impression que les r\u00e8gles ne s\u2019appliquent pas de la m\u00eame fa\u00e7on pour tout le monde. \u00bb Au lieu-dit du Patis-G\u00e9rard, \u00e0 1,5 kilom\u00e8tres du centre de Noyal-Ch\u00e2tillon-sur-Seiche, des riverains s\u2019\u00e9l\u00e8vent contre les am\u00e9nagements r\u00e9alis\u00e9s sur un terrain agricole appartenant \u00e0 une famille de gens du voyage. \u00ab J\u2019ai demand\u00e9 \u00e0 la mairie si je pouvais transformer l\u2019all\u00e9e qui m\u00e8ne \u00e0 ma maison, on m\u2019a refus\u00e9 cet am\u00e9nagement, souffle Sandrine, propri\u00e9taire d\u2019une maison depuis 2010. Et bien, je ne l\u2019ai pas faite. \u00bb<\/p>\n<p>Obtention de containers \u00e0 poubelle<\/p>\n<p>Le torchon br\u00fble au Patis-G\u00e9rard depuis d\u00e9but 2022. C\u2019est \u00e0 cette \u00e9poque qu\u2019une famille de gens du voyage a achet\u00e9 deux terrains, class\u00e9s en terre agricole et naturelle. Objectif : s\u2019y installer provisoirement pour y passer trois mois chaque ann\u00e9e comme en convient la loi. Pour ce faire, les nouveaux propri\u00e9taires ont bus\u00e9 les foss\u00e9s, couper des arbres, enterrer des fosses septiques, install\u00e9s plusieurs points d\u2019eau, enti\u00e8rement gravillonn\u00e9s les terrains, etc. Et cela sans la \u00ab moindre autorisation \u00bb, d\u00e9noncent des voisins agac\u00e9s par ces \u00ab entorses au r\u00e8glement \u00bb. \u00ab Ils ont massacr\u00e9 ce coin de nature, oui \u00bb, ajoute Sandrine. \u00ab Ils artificialisent la zone tranquillement et personne ne leur dit rien. Pire Rennes M\u00e9tropole leur a mis des containers \u00e0 poubelle. \u00bb<\/p>\n<p>En juillet 2022, le maire \u00e9cologiste de Noyal-Ch\u00e2tillon-sur-Seiche, S\u00e9bastien Gu\u00e9ret, avait dress\u00e9 un proc\u00e8s-verbal des infractions constat\u00e9es. Ce document, que le T\u00e9l\u00e9gramme a pu consulter, stipule que \u00ab les travaux constat\u00e9s ont \u00e9t\u00e9 r\u00e9alis\u00e9s en l\u2019absence de toute d\u00e9claration pr\u00e9alable et ne sont pas conformes aux r\u00e8gles du plan local d\u2019urbanisme intercommunal. \u00bb Le proc\u00e8s-verbal liste notamment : \u00ab Le terrassement et le nivellement des parcelles de 954 m\u00b2 et 1 391 m\u00b2, l\u2019empierrement de bordures, des travaux d\u2019affouillement (modification des foss\u00e9s), ainsi que les mouvements de terre ayant permis la constitution d\u2019un merlon. \u00bb<\/p>\n<p>L\u2019arr\u00eat\u00e9 ajoute que \u00ab les travaux r\u00e9alis\u00e9s sont de nature \u00e0 remettre en cause l\u2019exercice d\u2019une activit\u00e9 agricole. \u00bb Le maire avait transmis son proc\u00e8s-verbal au procureur de la r\u00e9publique du tribunal judiciaire de Rennes. \u00ab Depuis rien ne bouge \u00bb, souffle Sylvie, une riveraine qui depuis n\u2019arrive pas \u00e0 vendre sa maison. \u00ab Les acheteurs potentiels ne supportent pas d\u2019avoir des caravanes \u00e0 leur porte. \u00bb<\/p>\n<p>Arbres coup\u00e9s<\/p>\n<p>\u00ab C\u2019\u00e9tait un verger avec des pommiers avant \u00bb, ajoute Sylvie, une riveraine. \ufeffDes propos qui font bondir David et Michel, les deux propri\u00e9taires des terrains. \u00ab On a enlev\u00e9 seulement trois arbres : un petit ch\u00eane, un pommier et un cerisier \u00bb, explique David. \u00ab Ce n\u2019\u00e9tait pas du tout un verger. \u00bb \u00ab On a les autorisations \u00e9crites pour buser le foss\u00e9 et dresser les deux petits chalets en bois, ajoute Michel. On a \u00e9galement les autorisations pour mettre un portail, ce que nous n\u2019avons pas fait. Les fosses septiques sont aux normes. \u00bb Contact\u00e9, S\u00e9bastien Gu\u00e9ret, le maire \u00e9cologiste de Noyal Ch\u00e2tillon sur Seiche, approuve : \u00ab les fosses septiques et les buses sont aux normes. Les cabanons aussi. Quant aux deux compteurs d\u2019eau, qui ont permis de redispatcher l\u2019eau dans dix arriv\u00e9es, c\u2019est une obligation pour la commune de permettre les arriv\u00e9es d\u2019eau. Le probl\u00e8me c\u2019est que la terre agricole ne peut pas \u00eatre utilis\u00e9e autrement. Il y a une violation du PLUI. Nous avons transmis le dossier au procureur et relanc\u00e9 deux fois. Nous n\u2019avons pas de nouvelles. \u00bb<\/p>\n<p>Grave accident<\/p>\n<p>Autre grief des voisins : cette ann\u00e9e, la dizaine de caravanes pr\u00e9sentes sur les deux terrains n\u2019est pas partie comme elle aurait d\u00fb au bout de trois mois, soit le 9 juin. \u00ab Je suis tomb\u00e9 d\u2019un toit et j\u2019ai \u00e9t\u00e9 op\u00e9r\u00e9 de la colonne vert\u00e9brale \u00bb, s\u2019agace Michel depuis sa chambre d\u2019h\u00f4pital. \u00ab On va partir d\u00e8s que je serai d\u2019aplomb. La mairie a \u00e9t\u00e9 pr\u00e9venue. Le probl\u00e8me de fond c\u2019est que les gens ne supportent pas les voyageurs. Et que Rennes M\u00e9tropole, comme de nombreuses m\u00e9tropoles fran\u00e7aises, n\u2019a pas cr\u00e9\u00e9 de zones d\u2019accueil suffisantes pour les gens du voyage. \u00bb \ufeffLe maire, S\u00e9bastien Gu\u00e9ret, conclut : \u00ab Cette ann\u00e9e, la situation est exceptionnelle. D\u2019habitude, cette famille respecte \u00e0 la lettre l\u2019obligation de quitter la parcelle. Nous allons les avertir qu\u2019une astreinte financi\u00e8re pourra \u00eatre mise en place si la situation perdure. \u00bb Et l\u2019\u00e9dile d\u2019ajouter : \u00ab Nous avons sur la commune une vingtaine de terrains occup\u00e9s par les gens du voyage et qui posent probl\u00e8me. Nous avons achet\u00e9 une dizaine de terrains pour \u00e9viter que le ph\u00e9nom\u00e8ne augmente. \u00bb<\/p>\n","protected":false},"excerpt":{"rendered":"\u00ab On a l\u2019impression que les r\u00e8gles ne s\u2019appliquent pas de la m\u00eame fa\u00e7on pour tout le monde.&hellip;\n","protected":false},"author":2,"featured_media":171676,"comment_status":"","ping_status":"","sticky":false,"template":"","format":"standard","meta":{"footnotes":""},"categories":[2821],"tags":[1111,11,829,1777,674,3383,1011,27,848,12,584,25],"class_list":{"0":"post-171675","1":"post","2":"type-post","3":"status-publish","4":"format-standard","5":"has-post-thumbnail","7":"category-rennes","8":"tag-actu","9":"tag-actualites","10":"tag-bretagne","11":"tag-eu","12":"tag-europe","13":"tag-faits-divers-a-rennes","14":"tag-fr","15":"tag-france","16":"tag-ille-et-vilaine","17":"tag-news","18":"tag-rennes","19":"tag-republique-francaise"},"share_on_mastodon":{"url":"https:\/\/pubeurope.com\/@fr\/114672331892954069","error":""},"_links":{"self":[{"href":"https:\/\/www.europesays.com\/fr\/wp-json\/wp\/v2\/posts\/171675","targetHints":{"allow":["GET"]}}],"collection":[{"href":"https:\/\/www.europesays.com\/fr\/wp-json\/wp\/v2\/posts"}],"about":[{"href":"https:\/\/www.europesays.com\/fr\/wp-json\/wp\/v2\/types\/post"}],"author":[{"embeddable":true,"href":"https:\/\/www.europesays.com\/fr\/wp-json\/wp\/v2\/users\/2"}],"replies":[{"embeddable":true,"href":"https:\/\/www.europesays.com\/fr\/wp-json\/wp\/v2\/comments?post=171675"}],"version-history":[{"count":0,"href":"https:\/\/www.europesays.com\/fr\/wp-json\/wp\/v2\/posts\/171675\/revisions"}],"wp:featuredmedia":[{"embeddable":true,"href":"https:\/\/www.europesays.com\/fr\/wp-json\/wp\/v2\/media\/171676"}],"wp:attachment":[{"href":"https:\/\/www.europesays.com\/fr\/wp-json\/wp\/v2\/media?parent=171675"}],"wp:term":[{"taxonomy":"category","embeddable":true,"href":"https:\/\/www.europesays.com\/fr\/wp-json\/wp\/v2\/categories?post=171675"},{"taxonomy":"post_tag","embeddable":true,"href":"https:\/\/www.europesays.com\/fr\/wp-json\/wp\/v2\/tags?post=171675"}],"curies":[{"name":"wp","href":"https:\/\/api.w.org\/{rel}","templated":true}]}}