{"id":171683,"date":"2025-06-12T20:44:09","date_gmt":"2025-06-12T20:44:09","guid":{"rendered":"https:\/\/www.europesays.com\/fr\/171683\/"},"modified":"2025-06-12T20:44:09","modified_gmt":"2025-06-12T20:44:09","slug":"ce-nicois-propose-de-dormir-sur-des-bateaux","status":"publish","type":"post","link":"https:\/\/www.europesays.com\/fr\/171683\/","title":{"rendered":"ce Ni\u00e7ois propose de dormir sur des bateaux"},"content":{"rendered":"<p>            Par<br \/>\n        <strong><br \/>\n            <a href=\"https:\/\/actu.fr\/auteur\/ugo-maillard\" title=\"Consulter tous les articles de Ugo Maillard\" rel=\"nofollow noopener\" target=\"_blank\">Ugo Maillard<\/a><br \/>\n        <\/strong><\/p>\n<p>        Publi\u00e9 le<\/p>\n<p>            12 juin 2025 \u00e0 16h57        <\/p>\n<p>La proposition est limpide\u2009: dormir sur un bateau \u00e0 quai. N\u00e9 sur les bancs d\u2019une \u00e9cole de commerce, le projet port\u00e9 par F\u00e9lix Nacache et deux amis ambitionne de r\u00e9volutionner l\u2019univers de l\u2019<strong>h\u00e9bergement de vacances<\/strong>. Le Ni\u00e7ois propose une plateforme de r\u00e9servation de s\u00e9jour sur laquelle on retrouve uniquement des bateaux \u00e0 quai. Les navires se trouvent, pour l\u2019immense majorit\u00e9, dans les ports de France. Avec <strong>BedBoat<\/strong>, il est possible de passer plusieurs nuits sur un voilier ou sur un yacth.<\/p>\n<p class=\" wall-content\">Le jeune homme de 27\u00a0ans d\u00e9taille son concept aupr\u00e8s d\u2019<a href=\"https:\/\/actu.fr\/nice\/\" rel=\"nofollow noopener\" target=\"_blank\">actu Nice<\/a>.<\/p>\n<p>200 bateaux louables<\/p>\n<p class=\" wall-content\">Sur la plateforme en<a href=\"https:\/\/bedboat.fr\/\" rel=\"nofollow noopener\" target=\"_blank\"> ligne de BedBoat<\/a>, les bateaux disponibles peuvent \u00eatre r\u00e9serv\u00e9s par <strong>des particuliers<\/strong> \u00e0 l\u2019instar des plateformes pour les maisons et appartements.<\/p>\n<p class=\" wall-content\">\u00ab\u2009Nous avons environ 200 bateaux r\u00e9partis dans une soixantaine de ports en France\u2009\u00bb, souligne F\u00e9lix Nacach. Le cofondateur de BedBoat d\u00e9taille les locations.<\/p>\n<blockquote class=\"ac-article-quote wall-content\">\n<p>Nos clients sont majoritairement fran\u00e7ais et r\u00e9servent pour des courts s\u00e9jours.<\/p>\n<p>    <strong>F\u00e9lix Nacach<\/strong><br \/>\n        Fondateur BedBoat    <\/p><\/blockquote>\n<p class=\" wall-content\">\u00ab\u2009On va un petit voilier \u00e0 70\u00a0euros la nuit ou un yacht qui co\u00fbte 15\u2009000\u00a0euros. Ce sont les propri\u00e9taires de bateau qui s\u2019inscrivent sur notre plateforme, on ne les d\u00e9marche pas.\u2009\u00bb<\/p>\n<p class=\" wall-content\">Avec des locaux \u00e0 Nice (<a href=\"https:\/\/actu.fr\/provence-alpes-cote-d-azur\/alpes-maritimes_06\" rel=\"nofollow noopener\" target=\"_blank\">Alpes-Maritimes<\/a>) et Toulouse, la soci\u00e9t\u00e9 propose des locations dans les ports de M\u00e9diterran\u00e9e et de l\u2019Atlantique.<\/p>\n<p class=\" wall-content\"><a href=\"https:\/\/www.instagram.com\/p\/DKFK8GgtDej\/embed\" title=\"Ouvrir le lien sur Instagram\" rel=\"nofollow noopener\" target=\"_blank\">Visualiser le contenu sur Instagram<\/a><\/p>\n<p>\u00abLes bateaux sont souvent vides\u2009\u00bb<\/p>\n<p class=\" wall-content\">Pour celui qui a grandi sur un bateau en Guadeloupe, ce projet \u00e9tait une \u00e9vidence. \u00ab\u2009En moyenne, les bateaux sont utilis\u00e9s 10\u00a0jours par an et l\u2019entretien co\u00fbte extr\u00eamement cher. On permet aux propri\u00e9taires de rembourser leurs charges avec la location\u2009\u00bb, explique F\u00e9lix.<\/p>\n<blockquote class=\"ac-article-quote wall-content\">\n<p>On vend le c\u00f4t\u00e9 \u00ab\u00a0wouah\u00a0\u00bb. Les clients veulent vivre une exp\u00e9rience diff\u00e9rente.<\/p>\n<p>    <strong>F\u00e9lix Nacach<\/strong>\n            <\/p><\/blockquote>\n<p class=\" wall-content\">Si les deux plateformes ne permettent pas de louer des bateaux, F\u00e9lix identifie \u00ab\u2009Booking et Airbnb comme nos concurrents\u2009\u00bb. \u00ab\u2009La seule diff\u00e9rence est que nous sommes une soci\u00e9t\u00e9 fran\u00e7aise qui paye ses imp\u00f4ts en France\u2009\u00bb, sourit le jeune homme.<\/p>\n<p class=\" wall-content\">Conscient des tensions autour d\u2019Airbnb dans certaines communes du littoral, F\u00e9lix avance sa derni\u00e8re carte \u00ab\u2009On n\u2019enl\u00e8ve pas de logement aux locaux\u2009\u00bb. Malgr\u00e9 tout, <strong>certains ports refusent la pr\u00e9sence de BedBoat<\/strong> pour des raisons que le Ni\u00e7ois ignore.<\/p>\n<p>D\u2019un projet \u00e9tudiant \u00e0 850\u00a0euros de CA<\/p>\n<p class=\" wall-content\">Apr\u00e8s trois ann\u00e9es d\u2019existence, BedBoat affiche un<strong> chiffre d\u2019affaires annuel de 850000<\/strong>\u00a0euros. Une belle r\u00e9ussite pour ce projet qui est n\u00e9 alors que F\u00e9lix et ses amis \u00e9taient encore en \u00e9cole de commerce.<\/p>\n<p class=\" wall-content\">\u00ab\u2009\u00c0 l\u2019origine, c\u2019\u00e9tait plus un projet \u00e9tudiant qu\u2019autre chose. On a gagn\u00e9 de belles subventions, notamment la M\u00e9tropole de Nice C\u00f4te d\u2019Azur ou encore l\u2019Union europ\u00e9enne et \u00e7a nous a motiv\u00e9s\u2009\u00bb, se rem\u00e9more l\u2019entrepreneur, aujourd\u2019hui \u00e2g\u00e9 de 27 ans.<\/p>\n<p class=\" wall-content\">Rentable depuis peu, la soci\u00e9t\u00e9 qui emploie dix personnes prend 18\u2009% du montant de la r\u00e9servation ou 30\u2009% si les \u00e9quipes g\u00e8rent les entr\u00e9es\/sorties et le m\u00e9nage.<\/p>\n<p class=\" wall-content\">Un succ\u00e8s \u00e9conomique et d\u2019estime qui fait na\u00eetre une fiert\u00e9. \u00ab\u2009\u00c7a me rend fou ces ports vides. Je suis tr\u00e8s heureux de voir que notre plateforme fonctionne\u2009\u00bb, sourit F\u00e9lix Nacach.<\/p>\n<p class=\" wall-content\">Suivez toute l\u2019actualit\u00e9 de vos villes et m\u00e9dias favoris en vous inscrivant \u00e0 <a href=\"https:\/\/moncompte.actu.fr\" title=\"D\u00e9couvez Mon Actu\" rel=\"nofollow noopener\" data-trk=\"{&quot;cta&quot;:{&quot;action&quot;:&quot;https:\\\/\\\/moncompte.actu.fr&quot;,&quot;category&quot;:&quot;mon compte&quot;,&quot;from&quot;:&quot;article footer&quot;,&quot;name&quot;:&quot;Mon actu&quot;,&quot;type&quot;:&quot;cta&quot;}}\" target=\"_blank\">Mon Actu<\/a>.<\/p>\n<p>                    <script async src=\"\/\/www.instagram.com\/embed.js\"><\/script><\/p>\n","protected":false},"excerpt":{"rendered":"Par Ugo Maillard Publi\u00e9 le 12 juin 2025 \u00e0 16h57 La proposition est limpide\u2009: dormir sur un bateau&hellip;\n","protected":false},"author":2,"featured_media":171684,"comment_status":"","ping_status":"","sticky":false,"template":"","format":"standard","meta":{"footnotes":""},"categories":[2819],"tags":[1111,11,1777,674,1011,27,1908,12,2401,882,25,104],"class_list":{"0":"post-171683","1":"post","2":"type-post","3":"status-publish","4":"format-standard","5":"has-post-thumbnail","7":"category-nice","8":"tag-actu","9":"tag-actualites","10":"tag-eu","11":"tag-europe","12":"tag-fr","13":"tag-france","14":"tag-logement","15":"tag-news","16":"tag-nice","17":"tag-provence-alpes-cote-dazur","18":"tag-republique-francaise","19":"tag-societe"},"share_on_mastodon":{"url":"https:\/\/pubeurope.com\/@fr\/114672347732332269","error":""},"_links":{"self":[{"href":"https:\/\/www.europesays.com\/fr\/wp-json\/wp\/v2\/posts\/171683","targetHints":{"allow":["GET"]}}],"collection":[{"href":"https:\/\/www.europesays.com\/fr\/wp-json\/wp\/v2\/posts"}],"about":[{"href":"https:\/\/www.europesays.com\/fr\/wp-json\/wp\/v2\/types\/post"}],"author":[{"embeddable":true,"href":"https:\/\/www.europesays.com\/fr\/wp-json\/wp\/v2\/users\/2"}],"replies":[{"embeddable":true,"href":"https:\/\/www.europesays.com\/fr\/wp-json\/wp\/v2\/comments?post=171683"}],"version-history":[{"count":0,"href":"https:\/\/www.europesays.com\/fr\/wp-json\/wp\/v2\/posts\/171683\/revisions"}],"wp:featuredmedia":[{"embeddable":true,"href":"https:\/\/www.europesays.com\/fr\/wp-json\/wp\/v2\/media\/171684"}],"wp:attachment":[{"href":"https:\/\/www.europesays.com\/fr\/wp-json\/wp\/v2\/media?parent=171683"}],"wp:term":[{"taxonomy":"category","embeddable":true,"href":"https:\/\/www.europesays.com\/fr\/wp-json\/wp\/v2\/categories?post=171683"},{"taxonomy":"post_tag","embeddable":true,"href":"https:\/\/www.europesays.com\/fr\/wp-json\/wp\/v2\/tags?post=171683"}],"curies":[{"name":"wp","href":"https:\/\/api.w.org\/{rel}","templated":true}]}}