{"id":171687,"date":"2025-06-12T20:46:12","date_gmt":"2025-06-12T20:46:12","guid":{"rendered":"https:\/\/www.europesays.com\/fr\/171687\/"},"modified":"2025-06-12T20:46:12","modified_gmt":"2025-06-12T20:46:12","slug":"fragilise-par-les-coupes-budgetaires-angers-nantes-opera-hausse-ses-tarifs","status":"publish","type":"post","link":"https:\/\/www.europesays.com\/fr\/171687\/","title":{"rendered":"Fragilis\u00e9 par les coupes budg\u00e9taires, Angers Nantes Op\u00e9ra hausse ses tarifs"},"content":{"rendered":"<p>Alain Surrans, directeur d\u2019Angers Nantes Op\u00e9ra (ANO), pr\u00e9sente son ultime saison <a href=\"https:\/\/nantes.maville.com\/actu\/actudet_-reductions-budgetaires-moins-d-operas-a-nantes-et-angers-la-saison-prochaine-_52716-6660857_actu.Htm\" target=\"_self\" rel=\"noopener\">dans un contexte de tensions financi\u00e8res li\u00e9es aux coupes budg\u00e9taires.<\/a> Cela va se traduire par moins de spectacles (60 au lieu de 72), soit douze levers de rideau en moins pour la saison 2025 2026 par rapport \u00e0 la saison pass\u00e9e. Les tarifs vont augmenter de l\u2019ordre de 10\u00a0%, <strong> <strong>\u00a0<\/strong> <\/strong> <strong>\u00ab\u00a0une hausse qui va compenser l\u2019inflation qu\u2019on a subie ces ann\u00e9es pass\u00e9es sans la r\u00e9percuter sur les tarifs,<\/strong> <strong> mais on reste en dessous des prix pratiqu\u00e9s dans les op\u00e9ras fran\u00e7ais. On a fait attention \u00e0 maintenir des tarifs pour rester accessibles aux publics les moins favoris\u00e9s\u00a0\u00bb<\/strong>, expose Alain Surrans. Exemples\u00a0: pour le tarif A, une place plein tarif passe de 75\u00a0\u20ac \u00e0 80\u00a0\u20ac, le tarif B passe de 45\u00a0\u20ac \u00e0 52\u00a0\u20ac. Autre cons\u00e9quence, la saison de Baroque en sc\u00e8ne (1) est annul\u00e9e <strong>\u00ab\u00a0en esp\u00e9rant que cela pourra reprendre la saison suivante\u00a0\u00bb.<\/strong><\/p>\n<p>Des projets abandonn\u00e9s<\/p>\n<p><strong>\u00ab\u00a0Malgr\u00e9 un effort financier compl\u00e9mentaire des M\u00e9tropoles de Nantes et Angers et du minist\u00e8re de la Culture en 2025, \u00e0 hauteur de 500\u00a0000\u00a0\u20ac, ANO a d\u00fb faire face \u00e0 une baisse de ses financements de fonctionnement, avec notamment la suppression de la subvention r\u00e9gionale de 347\u00a0500\u00a0\u20ac et la r\u00e9duction de la subvention du D\u00e9partement de Loire-Atlantique de 100\u00a0000\u00a0\u20ac, impactant les d\u00e9penses artistiques\u00a0\u00bb, <\/strong>rappelle le directeur. Sa priorit\u00e9\u00a0: maintenir une saison de qualit\u00e9, pr\u00e9server la coproduction de spectacles, maintenir les partenariats avec les structures culturelles, un soutien \u00e0 la cr\u00e9ation comme Solaris et les repr\u00e9sentations d\u2019op\u00e9ras dans les deux villes, qui sont la base de la programmation.<\/p>\n<p>La saison prochaine, le public pourra voir les op\u00e9ras La Calisto, de Francesco Cavalli\u00a0; Cendrillon, de Pauline Viardot\u00a0; Lucia di Lammermoor de Gaetano Donizetti\u00a0; Robinson Cruso\u00e9 de Jacques Offenbach, ou Solaris, cr\u00e9ation de Othman Louati. Les programmes Voix du monde ou\u00a0\u00c7a va mieux en le chantantsont maintenus \u00ab  <strong>mais<\/strong>  <strong>\u00a0<\/strong>  <strong>des concerts et des spectacles de danse, certains projets du Ch\u0153ur, ont d\u00fb \u00eatre abandonn\u00e9s. Nous sommes fragilis\u00e9s depuis le s\u00e9isme budg\u00e9taire v\u00e9cu il y a six mois, et nous nous retrouvons dans une situation financi\u00e8re d\u00e9licate alors que nous remplissons nos salles\u00a0\u00bb,<\/strong> regrette Nicolas Dufetel, pr\u00e9sident d\u2019ANO et adjoint au maire en charge de la culture d\u2019Angers.<\/p>\n<p>\u00a0<strong>Vendredi\u00a027 et samedi 28\u00a0juin,<\/strong> ouverture de la billetterie, sur angers-nantes-opera.com d\u00e8s 10\u00a0h.<\/p>\n<p>(1) Il s\u2019agit d\u2019un parcours autour de la musique, du th\u00e9\u00e2tre et de la danse baroques entre Nantes et Rez\u00e9.<\/p>\n<p>\u00a0<\/p>\n","protected":false},"excerpt":{"rendered":"Alain Surrans, directeur d\u2019Angers Nantes Op\u00e9ra (ANO), pr\u00e9sente son ultime saison dans un contexte de tensions financi\u00e8res li\u00e9es&hellip;\n","protected":false},"author":2,"featured_media":171688,"comment_status":"","ping_status":"","sticky":false,"template":"","format":"standard","meta":{"footnotes":""},"categories":[2818],"tags":[1111,11,1438,24244,22407,1777,674,1011,30659,27,4508,766,12,7165,2636,25,8727],"class_list":{"0":"post-171687","1":"post","2":"type-post","3":"status-publish","4":"format-standard","5":"has-post-thumbnail","7":"category-nantes","8":"tag-actu","9":"tag-actualites","10":"tag-angers","11":"tag-budgetaires","12":"tag-coupes","13":"tag-eu","14":"tag-europe","15":"tag-fr","16":"tag-fragilise","17":"tag-france","18":"tag-hausse","19":"tag-nantes","20":"tag-news","21":"tag-opera","22":"tag-pays-de-la-loire","23":"tag-republique-francaise","24":"tag-tarifs"},"share_on_mastodon":{"url":"https:\/\/pubeurope.com\/@fr\/114672355674146534","error":""},"_links":{"self":[{"href":"https:\/\/www.europesays.com\/fr\/wp-json\/wp\/v2\/posts\/171687","targetHints":{"allow":["GET"]}}],"collection":[{"href":"https:\/\/www.europesays.com\/fr\/wp-json\/wp\/v2\/posts"}],"about":[{"href":"https:\/\/www.europesays.com\/fr\/wp-json\/wp\/v2\/types\/post"}],"author":[{"embeddable":true,"href":"https:\/\/www.europesays.com\/fr\/wp-json\/wp\/v2\/users\/2"}],"replies":[{"embeddable":true,"href":"https:\/\/www.europesays.com\/fr\/wp-json\/wp\/v2\/comments?post=171687"}],"version-history":[{"count":0,"href":"https:\/\/www.europesays.com\/fr\/wp-json\/wp\/v2\/posts\/171687\/revisions"}],"wp:featuredmedia":[{"embeddable":true,"href":"https:\/\/www.europesays.com\/fr\/wp-json\/wp\/v2\/media\/171688"}],"wp:attachment":[{"href":"https:\/\/www.europesays.com\/fr\/wp-json\/wp\/v2\/media?parent=171687"}],"wp:term":[{"taxonomy":"category","embeddable":true,"href":"https:\/\/www.europesays.com\/fr\/wp-json\/wp\/v2\/categories?post=171687"},{"taxonomy":"post_tag","embeddable":true,"href":"https:\/\/www.europesays.com\/fr\/wp-json\/wp\/v2\/tags?post=171687"}],"curies":[{"name":"wp","href":"https:\/\/api.w.org\/{rel}","templated":true}]}}