{"id":171693,"date":"2025-06-12T20:49:14","date_gmt":"2025-06-12T20:49:14","guid":{"rendered":"https:\/\/www.europesays.com\/fr\/171693\/"},"modified":"2025-06-12T20:49:14","modified_gmt":"2025-06-12T20:49:14","slug":"pourquoi-les-girondins-de-bordeaux-risquent-gros-ce-vendredi-france-girondins-de-bordeaux","status":"publish","type":"post","link":"https:\/\/www.europesays.com\/fr\/171693\/","title":{"rendered":"Pourquoi les Girondins de Bordeaux risquent gros ce vendredi &#8211; France &#8211; Girondins de Bordeaux"},"content":{"rendered":"<p>Il est dans les croyances superstitieuses de faire des vendredis 13 un jour de bonheur ou de malheur, ce sera peut-\u00eatre le cas des Girondins de Bordeaux en ce 13 juin. La direction du club, sans G\u00e9rard Lopez, doit passer devant la chambre du conseil du tribunal de commerce de Bordeaux afin de valider ou non le plan de continuation du club d\u00e9pos\u00e9 le 26 mai dernier, apr\u00e8s le redressement judiciaire prononc\u00e9 le 31 juillet 2024. Il s\u2019agit du seul projet en lice <a target=\"_blank\" href=\"https:\/\/www.sofoot.com\/breves\/bordeaux-oliver-kahn-renonce-a-reprendre-les-girondins-au-vu-des-informations-financieres-operationnelles-et-juridiques\" rel=\"nofollow noopener\">depuis le retrait d\u2019Oliver Kahn<\/a> \u00ab\u202fau vu des informations financi\u00e8res, op\u00e9rationnelles et juridiques\u202f\u202f\u00bb et les 94 millions de dettes estim\u00e9es du club. La survie des Girondins est une nouvelle fois entre les mains de G\u00e9rard Lopez, m\u00eame si de nombreux supporters esp\u00e8rent d\u00e9sormais retomber encore plus bas, quitte \u00e0 se d\u00e9barrasser de celui qui est consid\u00e9r\u00e9 comme le fossoyeur d\u2019un club historique du foot fran\u00e7ais. Alors, \u00e0 quoi peut bien ressembler la suite pour les Girondins ?<\/p>\n<p>\u2192 Quelle proc\u00e9dure pour valider le plan de continuation ?<\/p>\n<p>Pour que le plan de continuation soit valid\u00e9, il faut que les juges du Tribunal de commerce de Bordeaux \u00e9tudient le maintien de l\u2019emploi des salari\u00e9s, l\u2019int\u00e9r\u00eat des cr\u00e9anciers et la p\u00e9rennit\u00e9 de l\u2019activit\u00e9. <a target=\"_blank\" href=\"https:\/\/www.sudouest.fr\/sport\/football\/girondins-de-bordeaux\/info-sud-ouest-girondins-de-bordeaux-fortress-vote-pour-le-plan-de-continuation-discussions-en-cours-avec-l-etat-24792339.php\" rel=\"nofollow noopener\">Selon Sud Ouest<\/a>, le premier point a \u00e9t\u00e9 valid\u00e9 puisque les dix salari\u00e9s seraient conserv\u00e9s, tandis que la question des cr\u00e9anciers a connu un tournant favorable : sur les 400 cr\u00e9anciers r\u00e9partis en quinze classes qui avaient jusqu\u2019\u00e0 jeudi soir pour se prononcer sur la validation de ce plan, seul Fortress avait le pouvoir de faire tomber la proc\u00e9dure en donnant un vote n\u00e9gatif. Ce qui n\u2019a pas \u00e9t\u00e9 le cas selon le quotidien, puisque le fonds d\u2019investissement a vot\u00e9 en faveur du plan de G\u00e9rard Lopez, en se mettant d\u2019accord avec le Luxembourgeois pour un remboursement de 4,5 millions d\u2019euros (sur les 11,5 millions qu\u2019il doit encore recouvrir) en huit paiements \u00e9chelonn\u00e9s sur deux ans. Dans une interview <a target=\"_blank\" href=\"https:\/\/www.lejdd.fr\/sport\/gerard-lopez-je-veux-sauver-les-girondins-de-bordeaux-158942\" rel=\"nofollow noopener\">au Journal du dimanche<\/a>, Lopez affirmait avoir provisionn\u00e9 les dix millions d\u2019euros n\u00e9cessaires pour payer les passifs exigibles et couvrir le d\u00e9ficit pr\u00e9visionnel de la saison prochaine. Un point \u00e0 souligner : en cas de validation du plan, Lopez resterait \u00e0 la t\u00eate des Girondins.<\/p>\n<blockquote class=\"twitter-tweet\">\n<p lang=\"fr\" dir=\"ltr\">Tensions \u00e0 l&rsquo;issue de l&rsquo;audience des Girondins de Bordeaux devant le tribunal de commerce : des supporters ultras se sont rassembl\u00e9s devant le Grand H\u00f4tel pour interpeller violemment G\u00e9rard Lopez le propri\u00e9taire du club en redressement judiciaire <a target=\"_blank\" href=\"https:\/\/t.co\/zTSbE9JMQi\" rel=\"nofollow\">pic.twitter.com\/zTSbE9JMQi<\/a><\/p>\n<p>\u2014 ici Gironde (@ici_gironde) <a target=\"_blank\" href=\"https:\/\/twitter.com\/ici_gironde\/status\/1927411702238167529?ref_src=twsrc%5Etfw\" rel=\"nofollow noopener\">May 27, 2025<\/a><\/p><\/blockquote>\n<p>\u2192 Quel avenir pour le club si le plan de continuation est homologu\u00e9 ?<\/p>\n<p>Si le plan \u00e9tait valid\u00e9 tel quel, le club serait maintenu en National 2. Avec un poids : une dette de 26 millions d\u2019euros \u00e0 rembourser sur dix ans. Le directeur g\u00e9n\u00e9ral Arnaud Saint-Andr\u00e9 a pr\u00e9sent\u00e9 \u00e0 plusieurs m\u00e9dias locaux la strat\u00e9gie \u00e9mise par le club pour la saison prochaine. <a target=\"_blank\" href=\"https:\/\/www.francebleu.fr\/sports\/football\/malgre-l-incertitude-sur-leur-avenir-comment-les-girondins-de-bordeaux-preparent-la-suite-4279354\" rel=\"nofollow noopener\">Selon Ici Gironde<\/a>, son budget de fonctionnement s\u2019\u00e9l\u00e8verait \u00e0 sept millions d\u2019euros hors dettes, avec un maintien des effectifs administratifs. En revanche, le secteur sportif pourrait \u00eatre amen\u00e9 \u00e0 effectuer quelques ajustements si la DNCG valide le maintien des Girondins en National 2, le 24 juin prochain. La saison pass\u00e9e, la masse salariale globale annuelle de l\u2019effectif du club de N2 \u00e9tait estim\u00e9e \u00e0\u2026 1,2 million d\u2019euros.<\/p>\n<p><img decoding=\"async\" loading=\"lazy\" class=\"\" src=\"https:\/\/www.europesays.com\/fr\/wp-content\/uploads\/2025\/06\/1749761354_485_grande.jpg\" alt=\"\" width=\"2560\" height=\"1707\"\/><\/p>\n<p>\u2192 Quel avenir pour le club si le plan de continuation se fait retoquer ?<\/p>\n<p>Selon les informations <a target=\"_blank\" href=\"https:\/\/www.sudouest.fr\/sport\/football\/decryptage-girondins-de-bordeaux-au-tribunal-de-commerce-dix-sept-jours-pour-se-departager-kahn-devra-muscler-son-dossier-24627676.php\" rel=\"nofollow noopener\">de Sud Ouest<\/a>, si le plan de continuation venait \u00e0 ne pas \u00eatre jug\u00e9 viable par les trois magistrats de la chambre du conseil du tribunal de commerce de Bordeaux, le club serait alors plac\u00e9 en liquidation judiciaire. C\u2019est-\u00e0-dire que les Girondins de Bordeaux seraient en \u00e9tat de cessation de paiement avec le constat d\u2019un r\u00e9tablissement manifestement impossible. Une telle proc\u00e9dure mettrait ainsi fin \u00e0 l\u2019activit\u00e9 de l\u2019entreprise, et ses biens seraient vendus pour permettre le paiement des diff\u00e9rents cr\u00e9anciers. Auquel cas, Sud Ouest pr\u00e9cise que l\u2019association Girondins continuerait, mais que l\u2019\u00e9quipe premi\u00e8re serait exclue des comp\u00e9titions nationales. Ce qui signifie d\u2019esp\u00e9rer, au mieux, une r\u00e9trogradation en R\u00e9gional 1 (<a target=\"_blank\" href=\"https:\/\/www.sofoot.com\/breves\/sedan-monte-en-regional-1\" rel=\"nofollow noopener\">coucou Sedan<\/a>).<\/p>\n<p>\u2192 Et la section f\u00e9minine dans tout \u00e7a ?<\/p>\n<p>Seule \u00e9claircie sportive dans la p\u00e9nombre bordelaise, les Girondines ont valid\u00e9 sur le terrain leur accession en D3, apr\u00e8s leur r\u00e9trogradation en R\u00e9gional 1 en d\u00e9but de saison. L\u2019ancien club de Vanessa Gilles a remport\u00e9 son barrage d\u2019accession face au FC Annecy apr\u00e8s avoir domin\u00e9 les Hautes-Savoyardes au match aller 4-1 et en s\u2019imposant 2-0 au retour. <a target=\"_blank\" href=\"https:\/\/www.sofoot.com\/articles\/bordeaux-et-a-la-fin-cest-les-filles-qui-trinquent\" rel=\"nofollow noopener\">Apr\u00e8s le rachat avort\u00e9 du fonds anglais<\/a> Sphera Partners, la section f\u00e9minine est finalement rest\u00e9e sous l\u2019\u00e9gide du club et plus particuli\u00e8rement de l\u2019association des Girondins, qui g\u00e8re \u00e9galement la formation bordelaise. En cas de validation du plan de continuation pr\u00e9sent\u00e9 par G\u00e9rard Lopez, le club continuerait de soutenir l\u2019association \u00e0 hauteur de 400 000 euros, tandis qu\u2019un budget de 100 000 euros serait allou\u00e9 \u00e0 l\u2019\u00e9quipe f\u00e9minine.<\/p>\n<p>\t\t\t\t\t\t\t\t\t\t<a class=\"lien-connexe\" href=\"https:\/\/www.sofoot.com\/breves\/bordeaux-oliver-kahn-renonce-a-reprendre-les-girondins-au-vu-des-informations-financieres-operationnelles-et-juridiques\" rel=\"nofollow noopener\" target=\"_blank\">Oliver Kahn ne sera pas le sauveur des Girondins<\/a>\t\t\t\t\t<script async src=\"https:\/\/platform.twitter.com\/widgets.js\" charset=\"utf-8\"><\/script><\/p>\n","protected":false},"excerpt":{"rendered":"Il est dans les croyances superstitieuses de faire des vendredis 13 un jour de bonheur ou de malheur,&hellip;\n","protected":false},"author":2,"featured_media":171694,"comment_status":"","ping_status":"","sticky":false,"template":"","format":"standard","meta":{"footnotes":""},"categories":[2817],"tags":[1111,47,11,61,1997,69,65,64,1777,674,63,1011,27,68,66,12,62,2219,70,25,67],"class_list":{"0":"post-171693","1":"post","2":"type-post","3":"status-publish","4":"format-standard","5":"has-post-thumbnail","7":"category-bordeaux","8":"tag-actu","9":"tag-actualite","10":"tag-actualites","11":"tag-actus-football","12":"tag-bordeaux","13":"tag-bundesliga","14":"tag-championnats-europeens","15":"tag-equipe-de-france","16":"tag-eu","17":"tag-europe","18":"tag-football","19":"tag-fr","20":"tag-france","21":"tag-ligua","22":"tag-ligue-1","23":"tag-news","24":"tag-news-foot","25":"tag-nouvelle-aquitaine","26":"tag-premier-league","27":"tag-republique-francaise","28":"tag-serie-a"},"share_on_mastodon":{"url":"https:\/\/pubeurope.com\/@fr\/114672367305120431","error":""},"_links":{"self":[{"href":"https:\/\/www.europesays.com\/fr\/wp-json\/wp\/v2\/posts\/171693","targetHints":{"allow":["GET"]}}],"collection":[{"href":"https:\/\/www.europesays.com\/fr\/wp-json\/wp\/v2\/posts"}],"about":[{"href":"https:\/\/www.europesays.com\/fr\/wp-json\/wp\/v2\/types\/post"}],"author":[{"embeddable":true,"href":"https:\/\/www.europesays.com\/fr\/wp-json\/wp\/v2\/users\/2"}],"replies":[{"embeddable":true,"href":"https:\/\/www.europesays.com\/fr\/wp-json\/wp\/v2\/comments?post=171693"}],"version-history":[{"count":0,"href":"https:\/\/www.europesays.com\/fr\/wp-json\/wp\/v2\/posts\/171693\/revisions"}],"wp:featuredmedia":[{"embeddable":true,"href":"https:\/\/www.europesays.com\/fr\/wp-json\/wp\/v2\/media\/171694"}],"wp:attachment":[{"href":"https:\/\/www.europesays.com\/fr\/wp-json\/wp\/v2\/media?parent=171693"}],"wp:term":[{"taxonomy":"category","embeddable":true,"href":"https:\/\/www.europesays.com\/fr\/wp-json\/wp\/v2\/categories?post=171693"},{"taxonomy":"post_tag","embeddable":true,"href":"https:\/\/www.europesays.com\/fr\/wp-json\/wp\/v2\/tags?post=171693"}],"curies":[{"name":"wp","href":"https:\/\/api.w.org\/{rel}","templated":true}]}}