{"id":171697,"date":"2025-06-12T20:51:15","date_gmt":"2025-06-12T20:51:15","guid":{"rendered":"https:\/\/www.europesays.com\/fr\/171697\/"},"modified":"2025-06-12T20:51:15","modified_gmt":"2025-06-12T20:51:15","slug":"a-130-km-h-et-sous-cocaine-un-chauffard-lourdement-condamne-pour-avoir-tue-un-ado-a-scooter-2","status":"publish","type":"post","link":"https:\/\/www.europesays.com\/fr\/171697\/","title":{"rendered":"A 130 km\/h et sous coca\u00efne\u2026 Un chauffard lourdement condamn\u00e9 pour avoir tu\u00e9 un ado \u00e0 scooter"},"content":{"rendered":"<p><strong>D\u00e9passement fatal &#8211; Le terrible accident s\u2019est produit le 8\u00a0novembre 2024, \u00e0 une quinzaine de kilom\u00e8tres de Toulouse. La victime avait 17 ans et revenait d\u2019un entra\u00eenement de rugby<\/strong><\/p>\n<p>Cinq ans et demi de prison. C\u2019est la lourde peine prononc\u00e9e ce jeudi par le tribunal correctionnel de <a href=\"https:\/\/www.20minutes.fr\/toulouse\/?at_medium=RSS%20feed&amp;at_campaign=ynews&amp;utm_source=yahoo&amp;utm_medium=rss&amp;utm_campaign=news_feed&amp;utm_content=in_article_link\" rel=\"nofollow noopener\" target=\"_blank\" data-ylk=\"slk:Toulouse;elm:context_link;itc:0;sec:content-canvas\" class=\"link \">Toulouse<\/a> contre un <a href=\"https:\/\/www.20minutes.fr\/societe\/chauffard\/?at_medium=RSS%20feed&amp;at_campaign=ynews&amp;utm_source=yahoo&amp;utm_medium=rss&amp;utm_campaign=news_feed&amp;utm_content=in_article_link\" rel=\"nofollow noopener\" target=\"_blank\" data-ylk=\"slk:chauffard;elm:context_link;itc:0;sec:content-canvas\" class=\"link \">chauffard<\/a> qui a renvers\u00e9 et tu\u00e9 sur le coup un adolescent qui roulait \u00e0 scooter le 8\u00a0novembre 2024.<\/p>\n<p>Circonstances aggravantes, l\u2019automobiliste avait consomm\u00e9 de la coca\u00efne et roulait \u00e0 130\u00a0km\/h sur une route limit\u00e9e \u00e0 80\u00a0km\/h. L\u2019<a href=\"https:\/\/www.20minutes.fr\/dossier\/accident?at_medium=RSS%20feed&amp;at_campaign=ynews&amp;utm_source=yahoo&amp;utm_medium=rss&amp;utm_campaign=news_feed&amp;utm_content=in_article_link\" rel=\"nofollow noopener\" target=\"_blank\" data-ylk=\"slk:accident;elm:context_link;itc:0;sec:content-canvas\" class=\"link \">accident <\/a>s\u2019est produit en d\u00e9but de soir\u00e9e. Il avait percut\u00e9 le jeune homme de 17 ans, qui revenait d\u2019un entra\u00eenement de rugby, alors qu\u2019il effectuait un d\u00e9passement, \u00e0 <a href=\"https:\/\/www.lagardellesurleze.fr\/?at_medium=RSS%20feed&amp;at_campaign=ynews&amp;utm_source=yahoo&amp;utm_medium=rss&amp;utm_campaign=news_feed&amp;utm_content=in_article_link\" rel=\"nofollow noopener\" target=\"_blank\" data-ylk=\"slk:Lagardelle-sur-L\u00e8ze;elm:context_link;itc:0;sec:content-canvas\" class=\"link \">Lagardelle-sur-L\u00e8ze<\/a>, \u00e0 une quinzaine de kilom\u00e8tres au sud de Ville rose.<\/p>\n<p>Il pr\u00e9sente ses excuses \u00e0 la famille<\/p>\n<p>Interpell\u00e9 par les gendarmes peu apr\u00e8s l\u2019accident, cet homme de 38 ans, mari\u00e9 et p\u00e8re de trois enfants, avait d\u2019abord ni\u00e9, avant d\u2019avouer durant sa garde \u00e0 vue.<\/p>\n<p>A la barre du tribunal, le pr\u00e9venu, qui travaillait dans une boulangerie industrielle, a exprim\u00e9 des regrets et pr\u00e9sent\u00e9 des excuses \u00e0 la famille de la victime.<\/p>\n<p><a href=\"https:\/\/www.20minutes.fr\/justice\/4158265-20250612-toulouse-130-km-h-sous-cocaine-chauffard-lourdement-condamne-avoir-tue-ado-scooter?at_medium=RSS%20feed&amp;at_campaign=ynews&amp;utm_source=yahoo&amp;utm_medium=rss&amp;utm_campaign=news_feed&amp;utm_content=read_more_link&quot;\" rel=\"nofollow noopener\" target=\"_blank\" data-ylk=\"slk:Lire la suite sur 20minutes;elm:context_link;itc:0;sec:content-canvas\" class=\"link \">Lire la suite sur 20minutes<\/a><\/p>\n<p>\u00c0 lire aussi :<br \/><a href=\"https:\/\/www.20minutes.fr\/faits_divers\/faits-divers-lille\/4147745-20250409-lille-chauffard-enfuit-apres-avoir-grille-feu-percute-vive-allure-scooter?at_medium=RSS%20feed&amp;at_campaign=ynews&amp;utm_source=yahoo&amp;utm_medium=rss&amp;utm_campaign=news_feed&amp;utm_content=related_content_link\" rel=\"nofollow noopener\" target=\"_blank\" data-ylk=\"slk:Lille\u00a0: Un chauffard s\u2019enfuit apr\u00e8s avoir grill\u00e9 un feu et percut\u00e9 \u00e0 vive allure un scooter;elm:context_link;itc:0;sec:content-canvas\" class=\"link \">Lille\u00a0: Un chauffard s\u2019enfuit apr\u00e8s avoir grill\u00e9 un feu et percut\u00e9 \u00e0 vive allure un scooter<\/a><br \/><a href=\"https:\/\/www.20minutes.fr\/justice\/4007291-20221026-perpignan-cinq-ans-prison-chauffard-tue-automobiliste-grillant-feu-rouge-130-km-h?at_medium=RSS%20feed&amp;at_campaign=ynews&amp;utm_source=yahoo&amp;utm_medium=rss&amp;utm_campaign=news_feed&amp;utm_content=related_content_link\" rel=\"nofollow noopener\" target=\"_blank\" data-ylk=\"slk:Perpignan\u00a0: Cinq ans de prison pour le chauffard qui avait tu\u00e9 une automobiliste en grillant un feu rouge \u00e0 130\u00a0km\/h;elm:context_link;itc:0;sec:content-canvas\" class=\"link \">Perpignan\u00a0: Cinq ans de prison pour le chauffard qui avait tu\u00e9 une automobiliste en grillant un feu rouge \u00e0 130\u00a0km\/h<\/a><\/p>\n","protected":false},"excerpt":{"rendered":"D\u00e9passement fatal &#8211; Le terrible accident s\u2019est produit le 8\u00a0novembre 2024, \u00e0 une quinzaine de kilom\u00e8tres de Toulouse.&hellip;\n","protected":false},"author":2,"featured_media":171698,"comment_status":"","ping_status":"","sticky":false,"template":"","format":"standard","meta":{"footnotes":""},"categories":[2816],"tags":[9080,1111,11,14167,30660,1777,674,1011,27,12,2680,25,2312,25463],"class_list":{"0":"post-171697","1":"post","2":"type-post","3":"status-publish","4":"format-standard","5":"has-post-thumbnail","7":"category-toulouse","8":"tag-17-ans","9":"tag-actu","10":"tag-actualites","11":"tag-cinq-ans","12":"tag-entrainement-de-rugby","13":"tag-eu","14":"tag-europe","15":"tag-fr","16":"tag-france","17":"tag-news","18":"tag-occitanie","19":"tag-republique-francaise","20":"tag-toulouse","21":"tag-tribunal-correctionnel"},"share_on_mastodon":{"url":"https:\/\/pubeurope.com\/@fr\/114672375181701100","error":""},"_links":{"self":[{"href":"https:\/\/www.europesays.com\/fr\/wp-json\/wp\/v2\/posts\/171697","targetHints":{"allow":["GET"]}}],"collection":[{"href":"https:\/\/www.europesays.com\/fr\/wp-json\/wp\/v2\/posts"}],"about":[{"href":"https:\/\/www.europesays.com\/fr\/wp-json\/wp\/v2\/types\/post"}],"author":[{"embeddable":true,"href":"https:\/\/www.europesays.com\/fr\/wp-json\/wp\/v2\/users\/2"}],"replies":[{"embeddable":true,"href":"https:\/\/www.europesays.com\/fr\/wp-json\/wp\/v2\/comments?post=171697"}],"version-history":[{"count":0,"href":"https:\/\/www.europesays.com\/fr\/wp-json\/wp\/v2\/posts\/171697\/revisions"}],"wp:featuredmedia":[{"embeddable":true,"href":"https:\/\/www.europesays.com\/fr\/wp-json\/wp\/v2\/media\/171698"}],"wp:attachment":[{"href":"https:\/\/www.europesays.com\/fr\/wp-json\/wp\/v2\/media?parent=171697"}],"wp:term":[{"taxonomy":"category","embeddable":true,"href":"https:\/\/www.europesays.com\/fr\/wp-json\/wp\/v2\/categories?post=171697"},{"taxonomy":"post_tag","embeddable":true,"href":"https:\/\/www.europesays.com\/fr\/wp-json\/wp\/v2\/tags?post=171697"}],"curies":[{"name":"wp","href":"https:\/\/api.w.org\/{rel}","templated":true}]}}