{"id":171706,"date":"2025-06-12T20:56:16","date_gmt":"2025-06-12T20:56:16","guid":{"rendered":"https:\/\/www.europesays.com\/fr\/171706\/"},"modified":"2025-06-12T20:56:16","modified_gmt":"2025-06-12T20:56:16","slug":"lyon-pour-ou-contre-la-zone-a-trafic-limite-en-presquile-ce-quen-pensent-les-lyonnais-a-une-semaine-du-coup-denvoi","status":"publish","type":"post","link":"https:\/\/www.europesays.com\/fr\/171706\/","title":{"rendered":"Lyon. Pour ou contre la zone \u00e0 trafic limit\u00e9 en Presqu\u2019\u00eele\u00a0? Ce qu\u2019en pensent les Lyonnais \u00e0 une semaine du coup d\u2019envoi"},"content":{"rendered":"<p>Dans le cadre du projet \u201cPresqu\u2019\u00eele \u00e0 Vivre\u201d, la zone \u00e0 trafic limit\u00e9 (ZTL) entrera en vigueur le 21\u00a0juin. Seuls les v\u00e9hicules autoris\u00e9s (lire par ailleurs) pourront circuler \u00e0 l\u2019int\u00e9rieur de son p\u00e9rim\u00e8tre, qui s\u2019\u00e9tend du nord de Bellecour aux Pentes de la Croix-Rousse. Un nouveau plan de circulation est lanc\u00e9 dans le m\u00eame temps, et une quinzaine de rues sont pi\u00e9tonnis\u00e9es.<\/p>\n<p>Cette nouvelle organisation \u00ab\u00a0offrira plus d\u2019espaces aux pi\u00e9tons et aux v\u00e9los, qui pourront profiter pleinement du centre-ville en toute tranquillit\u00e9\u00a0\u00bb, soutient la M\u00e9tropole.\u00a0Pour la collectivit\u00e9, la <a href=\"https:\/\/www.leprogres.fr\/politique\/2025\/04\/15\/la-zone-a-trafic-limite-mise-en-place-le-21-juin-comment-s-inscrire-pour-pouvoir-acceder-a-la-presqu-ile\" target=\"_blank\" rel=\"nofollow noopener\">ZTL<\/a> va \u00ab\u00a0renforcer l\u2019attractivit\u00e9 et rendre plus accessible la Presqu\u2019\u00eele aux r\u00e9sidents, commer\u00e7ants et entreprises\u00a0\u00bb. Chaque jour, pr\u00e8s de 500\u00a0000 personnes fr\u00e9quentent la zone.<\/p>\n<p>\u00ab\u00a0J\u2019ai peur de me retrouver isol\u00e9e\u00a0\u00bb<\/p>\n<p>Mais depuis l\u2019annonce de sa mise en route, ce dispositif port\u00e9 par les \u00e9cologistes est loin de faire l\u2019unanimit\u00e9. Sa l\u00e9gitimit\u00e9&#8230;<\/p>\n","protected":false},"excerpt":{"rendered":"Dans le cadre du projet \u201cPresqu\u2019\u00eele \u00e0 Vivre\u201d, la zone \u00e0 trafic limit\u00e9 (ZTL) entrera en vigueur le&hellip;\n","protected":false},"author":2,"featured_media":171707,"comment_status":"","ping_status":"","sticky":false,"template":"","format":"standard","meta":{"footnotes":""},"categories":[1889],"tags":[1111,11,2430,3542,2757,1777,674,1011,27,2428,2756,12,25,2429,2803],"class_list":{"0":"post-171706","1":"post","2":"type-post","3":"status-publish","4":"format-standard","5":"has-post-thumbnail","7":"category-lyon","8":"tag-actu","9":"tag-actualites","10":"tag-auvergne-rhone-alpes","11":"tag-circulation","12":"tag-edition-lyon-villeurbanne","13":"tag-eu","14":"tag-europe","15":"tag-fr","16":"tag-france","17":"tag-lyon","18":"tag-lyon-bassin","19":"tag-news","20":"tag-republique-francaise","21":"tag-rhone","22":"tag-transport"},"share_on_mastodon":{"url":"https:\/\/pubeurope.com\/@fr\/114672394810943679","error":""},"_links":{"self":[{"href":"https:\/\/www.europesays.com\/fr\/wp-json\/wp\/v2\/posts\/171706","targetHints":{"allow":["GET"]}}],"collection":[{"href":"https:\/\/www.europesays.com\/fr\/wp-json\/wp\/v2\/posts"}],"about":[{"href":"https:\/\/www.europesays.com\/fr\/wp-json\/wp\/v2\/types\/post"}],"author":[{"embeddable":true,"href":"https:\/\/www.europesays.com\/fr\/wp-json\/wp\/v2\/users\/2"}],"replies":[{"embeddable":true,"href":"https:\/\/www.europesays.com\/fr\/wp-json\/wp\/v2\/comments?post=171706"}],"version-history":[{"count":0,"href":"https:\/\/www.europesays.com\/fr\/wp-json\/wp\/v2\/posts\/171706\/revisions"}],"wp:featuredmedia":[{"embeddable":true,"href":"https:\/\/www.europesays.com\/fr\/wp-json\/wp\/v2\/media\/171707"}],"wp:attachment":[{"href":"https:\/\/www.europesays.com\/fr\/wp-json\/wp\/v2\/media?parent=171706"}],"wp:term":[{"taxonomy":"category","embeddable":true,"href":"https:\/\/www.europesays.com\/fr\/wp-json\/wp\/v2\/categories?post=171706"},{"taxonomy":"post_tag","embeddable":true,"href":"https:\/\/www.europesays.com\/fr\/wp-json\/wp\/v2\/tags?post=171706"}],"curies":[{"name":"wp","href":"https:\/\/api.w.org\/{rel}","templated":true}]}}