{"id":171708,"date":"2025-06-12T20:57:11","date_gmt":"2025-06-12T20:57:11","guid":{"rendered":"https:\/\/www.europesays.com\/fr\/171708\/"},"modified":"2025-06-12T20:57:11","modified_gmt":"2025-06-12T20:57:11","slug":"linterdiction-absolue-de-la-publicite-numerique-retoquee","status":"publish","type":"post","link":"https:\/\/www.europesays.com\/fr\/171708\/","title":{"rendered":"l&rsquo;interdiction absolue de la publicit\u00e9 num\u00e9rique retoqu\u00e9e !"},"content":{"rendered":"<p>Des enseignes sur les toits aux \u00e9crans num\u00e9riques en passant par les b\u00e2ches de chantier et l&rsquo;extinction des enseignes la nuit, le R\u00e8glement local de publicit\u00e9 (RLPi) mettait un grand coup de pied dans le derri\u00e8re des entreprises et des professionnels de la publicit\u00e9.<\/p>\n<p>Ces derniers ont toutefois obtenu une victoire en faisant censurer une partie du R\u00e8glement par le tribunal administratif de Lyon, comme pr\u00e9conis\u00e9 par la rapporteure publique. Dans une d\u00e9cision dat\u00e9e du 3 juin dernier, la justice a annul\u00e9 3 articles, dont celui qui entra\u00eene l&rsquo;interdiction g\u00e9n\u00e9rale et absolue de la publicit\u00e9 num\u00e9rique, ainsi que trois alin\u00e9as d&rsquo;articles.<\/p>\n<p>Les enseignes num\u00e9riques et notamment celles en vitrine pourraient donc \u00eatre r\u00e9install\u00e9es \u00e0 Lyon et ses environs, puisque les arguments de la M\u00e9tropole \u00e9taient trop peu nombreux, \u00ab\u00a0en dehors de consid\u00e9rations g\u00e9n\u00e9rales qui ne suffisent pas \u00e0 justifier une restriction aussi \u00e9tendue\u00a0\u00bb selon la rapporteure publique. Celles dans le m\u00e9tro lyonnais ne reviendront toutefois pas, puisque le Sytral est pr\u00e9sid\u00e9 par les \u00e9cologistes.<\/p>\n<p><strong>\u00ab\u00a0Quel \u00e9chec pour ces \u00e9lus\u00a0\u00bb<\/strong><\/p>\n<p>\u00ab\u00a0Ces \u00e9lus ne sont pas au dessus des lois et cette d\u00e9cision le confirme\u00a0\u00bb, se f\u00e9licite le Syndicat national de la publicit\u00e9 num\u00e9rique (SNPN).\u00a0<\/p>\n<p>\u00ab\u00a0Depuis deux ans, les \u00e9lus de la M\u00e9tropole envoient des courriers de pression \u00e0 tous les commer\u00e7ants et professionnels de la publicit\u00e9 pour leur expliquer que la publicit\u00e9 num\u00e9rique sera bient\u00f4t totalement interdite sur le territoire m\u00e9tropolitain. Ils savaient pourtant que cette mesure serait censur\u00e9e, car parfaitement ill\u00e9gale. Ces \u00e9lus se moquaient donc compl\u00e8tement de leurs \u00e9lecteurs et du contribuable lyonnais, qui paieront la facture de toute cette mascarade\u00a0\u00bb, poursuit-il dans un communiqu\u00e9.<\/p>\n<p>\u00ab\u00a0Quel \u00e9chec pour ces \u00e9lus. Mais quel soulagement et quelle r\u00e9ussite pour le num\u00e9rique qui va pouvoir pr\u00e9server ses emplois locaux !\u00a0\u00bb, conclut le SNPN.<\/p>\n<p>A l&rsquo;origine du recours, les\u00a0soci\u00e9t\u00e9s Phenixdigital et Phinline, qui obtiennent par ailleurs une somme de 1500 euros de la part de la M\u00e9tropole, au titre de l&rsquo;article L. 761-1 du code de justice administrative.<\/p>\n<p>L&rsquo;ancien pr\u00e9sident de la CCI de Lyon, Emmanuel Imberton, s&rsquo;est f\u00e9licit\u00e9 de cette nouvelle, en prenant le soin de tacler Bruno Bernard : \u00ab\u00a0Le pr\u00e9sident avait choisi comme sur beaucoup de sujets de passer en force pour l&rsquo;adoption du R\u00e8glement local de publicit\u00e9 de la M\u00e9tropole de Lyon. Nous l&rsquo;avions pr\u00e9venu que de nombreux articles de son RLP \u00e9taient ill\u00e9gaux. Il est aujourd&rsquo;hui rattrap\u00e9 par la patrouille en l&rsquo;occurrence une premi\u00e8re d\u00e9cision de justice qui annule de nombreux articles de son RLP. D&rsquo;autres d\u00e9cisions sont attendues. Elles iront dans le sens du respect de la loi et des libert\u00e9s individuelles. L&rsquo;\u00e9cologie dogmatique trouve ainsi ses limites ?\u00a0\u00bb<\/p>\n","protected":false},"excerpt":{"rendered":"Des enseignes sur les toits aux \u00e9crans num\u00e9riques en passant par les b\u00e2ches de chantier et l&rsquo;extinction des&hellip;\n","protected":false},"author":2,"featured_media":171709,"comment_status":"","ping_status":"","sticky":false,"template":"","format":"standard","meta":{"footnotes":""},"categories":[1889],"tags":[1111,11,2813,2190,2430,1109,251,1112,2811,1777,674,118,1011,27,1922,1110,1114,2428,2810,12,241,316,25,2812,517,800],"class_list":{"0":"post-171708","1":"post","2":"type-post","3":"status-publish","4":"format-standard","5":"has-post-thumbnail","7":"category-lyon","8":"tag-actu","9":"tag-actualites","10":"tag-article","11":"tag-asvel","12":"tag-auvergne-rhone-alpes","13":"tag-breves","14":"tag-culture","15":"tag-depeches","16":"tag-economique","17":"tag-eu","18":"tag-europe","19":"tag-faits-divers","20":"tag-fr","21":"tag-france","22":"tag-info","23":"tag-informations","24":"tag-infos","25":"tag-lyon","26":"tag-lyonmag","27":"tag-news","28":"tag-ol","29":"tag-politique","30":"tag-republique-francaise","31":"tag-sociale","32":"tag-sport","33":"tag-transports"},"share_on_mastodon":{"url":"https:\/\/pubeurope.com\/@fr\/114672398727543604","error":""},"_links":{"self":[{"href":"https:\/\/www.europesays.com\/fr\/wp-json\/wp\/v2\/posts\/171708","targetHints":{"allow":["GET"]}}],"collection":[{"href":"https:\/\/www.europesays.com\/fr\/wp-json\/wp\/v2\/posts"}],"about":[{"href":"https:\/\/www.europesays.com\/fr\/wp-json\/wp\/v2\/types\/post"}],"author":[{"embeddable":true,"href":"https:\/\/www.europesays.com\/fr\/wp-json\/wp\/v2\/users\/2"}],"replies":[{"embeddable":true,"href":"https:\/\/www.europesays.com\/fr\/wp-json\/wp\/v2\/comments?post=171708"}],"version-history":[{"count":0,"href":"https:\/\/www.europesays.com\/fr\/wp-json\/wp\/v2\/posts\/171708\/revisions"}],"wp:featuredmedia":[{"embeddable":true,"href":"https:\/\/www.europesays.com\/fr\/wp-json\/wp\/v2\/media\/171709"}],"wp:attachment":[{"href":"https:\/\/www.europesays.com\/fr\/wp-json\/wp\/v2\/media?parent=171708"}],"wp:term":[{"taxonomy":"category","embeddable":true,"href":"https:\/\/www.europesays.com\/fr\/wp-json\/wp\/v2\/categories?post=171708"},{"taxonomy":"post_tag","embeddable":true,"href":"https:\/\/www.europesays.com\/fr\/wp-json\/wp\/v2\/tags?post=171708"}],"curies":[{"name":"wp","href":"https:\/\/api.w.org\/{rel}","templated":true}]}}