{"id":171714,"date":"2025-06-12T21:00:22","date_gmt":"2025-06-12T21:00:22","guid":{"rendered":"https:\/\/www.europesays.com\/fr\/171714\/"},"modified":"2025-06-12T21:00:22","modified_gmt":"2025-06-12T21:00:22","slug":"apres-le-parvis-de-lacademie-francaise-et-les-jo-de-paris-une-nouvelle-reconnaissance-pour-aya-nakamura","status":"publish","type":"post","link":"https:\/\/www.europesays.com\/fr\/171714\/","title":{"rendered":"Apr\u00e8s le parvis de l\u2019Acad\u00e9mie fran\u00e7aise et les JO de Paris, une nouvelle reconnaissance pour Aya Nakamura"},"content":{"rendered":"<p>            Par<br \/>\n        <strong><br \/>\n            <a href=\"https:\/\/actu.fr\/auteur\/redaction-paris\" title=\"Consulter tous les articles de R\u00e9daction Paris\" rel=\"nofollow noopener\" target=\"_blank\">R\u00e9daction Paris<\/a><br \/>\n        <\/strong><\/p>\n<p>        Publi\u00e9 le<\/p>\n<p>            12 juin 2025 \u00e0 20h49        <\/p>\n<p>Pr\u00e8s d\u2019un an apr\u00e8s avoir fait sensation lors de la c\u00e9r\u00e9monie d\u2019ouverture des <strong>Jeux olympiques de Paris 2024<\/strong>, Aya Nakamura s\u2019appr\u00eate \u00e0 rejoindre les figures embl\u00e9matiques du <a href=\"https:\/\/actu.fr\/tag\/musee-grevin\" rel=\"nofollow noopener\" target=\"_blank\">mus\u00e9e Gr\u00e9vin<\/a> (<a href=\"https:\/\/actu.fr\/paris\/\" rel=\"nofollow noopener\" target=\"_blank\">Paris<\/a>, 9e). La chanteuse \u00e0 la renomm\u00e9e internationale devrait d\u00e9couvrir ce jeudi 12\u00a0juin 2025 <strong>sa statue de cire<\/strong>, une semaine \u00e0 peine apr\u00e8s<a href=\"https:\/\/actu.fr\/ile-de-france\/paris_75056\/paris-la-statue-de-cire-d-emmanuel-grevin-volee-au-musee-grevin_62717141.html\" rel=\"nofollow noopener\" target=\"_blank\"> le vol rocambolesque<\/a> de la statue de cire d\u2019Emmanuel Macron. Un projet qui circulait depuis plusieurs mois et dont l\u2019animateur St\u00e9phane Bern avait vendu la m\u00e8che.<\/p>\n<p>Une reconnaissance pour Aya Nakamura<\/p>\n<p class=\" wall-content\">En septembre dernier, celui qui pr\u00e9side l\u2019acad\u00e9mie du Mus\u00e9e Gr\u00e9vin s\u2019\u00e9tait confi\u00e9 sur son r\u00f4le, sur la fa\u00e7on dont se font les choix des c\u00e9l\u00e9brit\u00e9s. \u201cOn se r\u00e9unit r\u00e9guli\u00e8rement, on vote et \u00e7a se passe plut\u00f4t bien\u201d, avait-il expliqu\u00e9 avant de r\u00e9v\u00e9ler le nom de plusieurs stars qui vont avoir leur r\u00e9plique en cire. \u201cOn est en train de faire la statue d\u2019Aya Nakamura \u201d, avait-il indiqu\u00e9.\u00a0<\/p>\n<p class=\" wall-content\">Devenue l\u2019une des artistes fran\u00e7aises les plus \u00e9cout\u00e9es au monde, l\u2019interpr\u00e8te de Djadja continue d\u2019asseoir son statut d\u2019ic\u00f4ne. Son apparition tr\u00e8s remarqu\u00e9e aux JO o\u00f9 elle a <strong>revisit\u00e9 les codes de la chanson fran\u00e7aise<\/strong> a marqu\u00e9 les esprits et confirm\u00e9 sa place dans le paysage artistique fran\u00e7ais.<\/p>\n<p class=\" wall-content\">\n<p class=\" wall-content\">L\u2019entr\u00e9e d\u2019Aya Nakamura au mus\u00e9e Gr\u00e9vin symbolise cette reconnaissance. Elle y c\u00f4toiera d\u00e9sormais <strong>les grandes figures de la musique<\/strong>, du sport et de la politique, dans ce lieu embl\u00e9matique qui c\u00e9l\u00e8bre les personnalit\u00e9s ayant marqu\u00e9 leur \u00e9poque.<\/p>\n<p class=\" wall-content\">Suivez toute l\u2019actualit\u00e9 de vos villes et m\u00e9dias favoris en vous inscrivant \u00e0 <a href=\"https:\/\/moncompte.actu.fr\" title=\"D\u00e9couvez Mon Actu\" rel=\"nofollow noopener\" data-trk=\"{&quot;cta&quot;:{&quot;action&quot;:&quot;https:\\\/\\\/moncompte.actu.fr&quot;,&quot;category&quot;:&quot;mon compte&quot;,&quot;from&quot;:&quot;article footer&quot;,&quot;name&quot;:&quot;Mon actu&quot;,&quot;type&quot;:&quot;cta&quot;}}\" target=\"_blank\">Mon Actu<\/a>.<\/p>\n","protected":false},"excerpt":{"rendered":"Par R\u00e9daction Paris Publi\u00e9 le 12 juin 2025 \u00e0 20h49 Pr\u00e8s d\u2019un an apr\u00e8s avoir fait sensation lors&hellip;\n","protected":false},"author":2,"featured_media":171715,"comment_status":"","ping_status":"","sticky":false,"template":"","format":"standard","meta":{"footnotes":""},"categories":[1888],"tags":[1111,1928,11,1927,1777,674,1011,27,1652,26049,12,1926,626,1925,973,25],"class_list":{"0":"post-171714","1":"post","2":"type-post","3":"status-publish","4":"format-standard","5":"has-post-thumbnail","7":"category-paris","8":"tag-actu","9":"tag-actu-paris","10":"tag-actualites","11":"tag-actualites-paris","12":"tag-eu","13":"tag-europe","14":"tag-fr","15":"tag-france","16":"tag-loisirs-culture","17":"tag-musee-grevin","18":"tag-news","19":"tag-news-paris","20":"tag-paris","21":"tag-paris-news","22":"tag-people","23":"tag-republique-francaise"},"share_on_mastodon":{"url":"https:\/\/pubeurope.com\/@fr\/114672410545703450","error":""},"_links":{"self":[{"href":"https:\/\/www.europesays.com\/fr\/wp-json\/wp\/v2\/posts\/171714","targetHints":{"allow":["GET"]}}],"collection":[{"href":"https:\/\/www.europesays.com\/fr\/wp-json\/wp\/v2\/posts"}],"about":[{"href":"https:\/\/www.europesays.com\/fr\/wp-json\/wp\/v2\/types\/post"}],"author":[{"embeddable":true,"href":"https:\/\/www.europesays.com\/fr\/wp-json\/wp\/v2\/users\/2"}],"replies":[{"embeddable":true,"href":"https:\/\/www.europesays.com\/fr\/wp-json\/wp\/v2\/comments?post=171714"}],"version-history":[{"count":0,"href":"https:\/\/www.europesays.com\/fr\/wp-json\/wp\/v2\/posts\/171714\/revisions"}],"wp:featuredmedia":[{"embeddable":true,"href":"https:\/\/www.europesays.com\/fr\/wp-json\/wp\/v2\/media\/171715"}],"wp:attachment":[{"href":"https:\/\/www.europesays.com\/fr\/wp-json\/wp\/v2\/media?parent=171714"}],"wp:term":[{"taxonomy":"category","embeddable":true,"href":"https:\/\/www.europesays.com\/fr\/wp-json\/wp\/v2\/categories?post=171714"},{"taxonomy":"post_tag","embeddable":true,"href":"https:\/\/www.europesays.com\/fr\/wp-json\/wp\/v2\/tags?post=171714"}],"curies":[{"name":"wp","href":"https:\/\/api.w.org\/{rel}","templated":true}]}}